{"id":4883,"date":"2023-06-15T10:53:50","date_gmt":"2023-06-15T13:53:50","guid":{"rendered":"https:\/\/www.rr.senac.br\/portalsenac\/?p=4883"},"modified":"2023-06-23T09:13:54","modified_gmt":"2023-06-23T12:13:54","slug":"senac-roraima-apresenta-primeiro-seminario-de-educacao","status":"publish","type":"post","link":"https:\/\/www.rr.senac.br\/portalsenac\/senac-roraima-apresenta-primeiro-seminario-de-educacao\/","title":{"rendered":"Senac Roraima apresenta primeiro Semin\u00e1rio de Educa\u00e7\u00e3o"},"content":{"rendered":"\n<h5 class=\"wp-block-heading\"><em>Evento acontece no pr\u00f3ximo m\u00eas em Boa Vista<\/em><\/h5>\n\n\n\n<div style=\"height:30px\" aria-hidden=\"true\" class=\"wp-block-spacer\"><\/div>\n\n\n\n<figure class=\"wp-block-image size-full is-resized\"><img data-recalc-dims=\"1\" fetchpriority=\"high\" decoding=\"async\" src=\"https:\/\/i0.wp.com\/www.rr.senac.br\/portalsenac\/wp-content\/uploads\/2023\/06\/banner-site-seminario-de-ed02-1.png?resize=750%2C308&#038;ssl=1\" alt=\"\" class=\"wp-image-4890\" width=\"750\" height=\"308\" srcset=\"https:\/\/i0.wp.com\/www.rr.senac.br\/portalsenac\/wp-content\/uploads\/2023\/06\/banner-site-seminario-de-ed02-1.png?w=1020&amp;ssl=1 1020w, https:\/\/i0.wp.com\/www.rr.senac.br\/portalsenac\/wp-content\/uploads\/2023\/06\/banner-site-seminario-de-ed02-1.png?resize=300%2C124&amp;ssl=1 300w, https:\/\/i0.wp.com\/www.rr.senac.br\/portalsenac\/wp-content\/uploads\/2023\/06\/banner-site-seminario-de-ed02-1.png?resize=768%2C316&amp;ssl=1 768w\" sizes=\"(max-width: 750px) 100vw, 750px\" \/><figcaption class=\"wp-element-caption\"><em>Foto: divulga\u00e7\u00e3o <\/em><\/figcaption><\/figure>\n\n\n\n<p>O Servi\u00e7o Nacional de Aprendizagem Comercial (Senac-RR) divulgou na manh\u00e3 desta quinta-feira (15) a programa\u00e7\u00e3o do primeiro Semin\u00e1rio de Educa\u00e7\u00e3o, com palestrantes locais e nacionais apresentando inova\u00e7\u00f5es no campo educacional. O evento acontece nos pr\u00f3ximos dias 04 e 05 de julho, na sede administrativa Sesc\/Senac, localizada no centro da cidade.<\/p>\n\n\n\n<div style=\"height:20px\" aria-hidden=\"true\" class=\"wp-block-spacer\"><\/div>\n\n\n\n<figure class=\"wp-block-image size-full\"><img data-recalc-dims=\"1\" decoding=\"async\" width=\"680\" height=\"453\" src=\"https:\/\/i0.wp.com\/www.rr.senac.br\/portalsenac\/wp-content\/uploads\/2023\/06\/Seminario-de-educacao-SenacRR-1.jpg?resize=680%2C453&#038;ssl=1\" alt=\"\" class=\"wp-image-4884\" srcset=\"https:\/\/i0.wp.com\/www.rr.senac.br\/portalsenac\/wp-content\/uploads\/2023\/06\/Seminario-de-educacao-SenacRR-1.jpg?w=680&amp;ssl=1 680w, https:\/\/i0.wp.com\/www.rr.senac.br\/portalsenac\/wp-content\/uploads\/2023\/06\/Seminario-de-educacao-SenacRR-1.jpg?resize=300%2C200&amp;ssl=1 300w\" sizes=\"(max-width: 680px) 100vw, 680px\" \/><figcaption class=\"wp-element-caption\"><em>Na foto: Fernando Serr\u00e3o <\/em><\/figcaption><\/figure>\n\n\n\n<p>Dentre os palestrantes convidados est\u00e3o: Professor Motta, Marcos Meier e Fernando Serr\u00e3o, com temas desde Educa\u00e7\u00e3o 5.0 \u00e0 Neuroci\u00eancia e transtornos da aprendizagem. Os ingressos adquiridos possibilitam a participa\u00e7\u00e3o nos dois dias de evento, resultando em 14h de participa\u00e7\u00e3o em um semin\u00e1rio repleto de novas estrat\u00e9gias e inova\u00e7\u00f5es no campo educacional. Indicado ao corpo docente em Roraima.<\/p>\n\n\n\n<div style=\"height:20px\" aria-hidden=\"true\" class=\"wp-block-spacer\"><\/div>\n\n\n\n<p>Conforme a diretora regional do Senac, Fernanda Barbosa a institui\u00e7\u00e3o tem como objetivo proporcionar a qualifica\u00e7\u00e3o profissional deste p\u00fablico. \u201cO Senac est\u00e1 de portas abertas para todos os profissionais do setor do com\u00e9rcio de bens, servi\u00e7os e turismo, portanto estamos aqui para promover oportunidades, com grandes e capacitados profissionais. Este ser\u00e1 um evento inovador com muita troca e contribui\u00e7\u00e3o ao corpo docente do nosso estado\u201d.<\/p>\n\n\n\n<div style=\"height:20px\" aria-hidden=\"true\" class=\"wp-block-spacer\"><\/div>\n\n\n\n<p><a href=\"https:\/\/cursos.rr.senac.br\/11-educacional\/101861-i-seminario-de-educacao\">Para participar os interessados dever\u00e3o realizar uma inscri\u00e7\u00e3o pr\u00e9via no site<\/a> ou diretamente nas centrais de atendimento da institui\u00e7\u00e3o, com o investimento de R$ 180. A idade m\u00ednima para participa\u00e7\u00e3o \u00e9 de 14 anos. Mais informa\u00e7\u00f5es podem ser consultadas diretamente no site ou via WhatsApp: 98420-9992.<\/p>\n\n\n\n<div style=\"height:20px\" aria-hidden=\"true\" class=\"wp-block-spacer\"><\/div>\n\n\n\n<p>Programa\u00e7\u00e3o:<\/p>\n\n\n\n<div style=\"height:20px\" aria-hidden=\"true\" class=\"wp-block-spacer\"><\/div>\n\n\n\n<p><strong>04\/07 \u2013 Ter\u00e7a-feira<\/strong><\/p>\n\n\n\n<p>14h30 Educa\u00e7\u00e3o 5.0: bem-vindo ao futuro \u2013 Professor Motta<\/p>\n\n\n\n<div style=\"height:20px\" aria-hidden=\"true\" class=\"wp-block-spacer\"><\/div>\n\n\n\n<p>16h45 A gamifica\u00e7\u00e3o como ferramenta para dinamizar suas aulas &#8211; Fernando Serr\u00e3o<\/p>\n\n\n\n<div style=\"height:20px\" aria-hidden=\"true\" class=\"wp-block-spacer\"><\/div>\n\n\n\n<p>17h45 Exposi\u00e7\u00e3o de Stands<\/p>\n\n\n\n<div style=\"height:30px\" aria-hidden=\"true\" class=\"wp-block-spacer\"><\/div>\n\n\n\n<p><strong>05\/07 \u2013 Quarta-feira<\/strong><\/p>\n\n\n\n<p>9h A Neuroci\u00eancia e transtornos de aprendizagem \u2013 Andr\u00e9 Lamano<\/p>\n\n\n\n<div style=\"height:20px\" aria-hidden=\"true\" class=\"wp-block-spacer\"><\/div>\n\n\n\n<p>10h40 Realidade aumentada na Educa\u00e7\u00e3o \u2013 Izaias Lins<\/p>\n\n\n\n<div style=\"height:20px\" aria-hidden=\"true\" class=\"wp-block-spacer\"><\/div>\n\n\n\n<p>14h10 Media\u00e7\u00e3o de Leitura liter\u00e1ria e Inclus\u00e3o escolar: Dois dedos de Prosa \u2013 Leuda Evangelista<\/p>\n\n\n\n<div style=\"height:20px\" aria-hidden=\"true\" class=\"wp-block-spacer\"><\/div>\n\n\n\n<p>15h20 Exposi\u00e7\u00e3o dos Stands (com oficinas, demonstra\u00e7\u00f5es e atendimentos)<\/p>\n\n\n\n<div style=\"height:20px\" aria-hidden=\"true\" class=\"wp-block-spacer\"><\/div>\n\n\n\n<p>16h30 A Aprendizagem Significativa e a Fun\u00e7\u00e3o Docente \u2013 Marcos Meier<\/p>\n\n\n\n<div style=\"height:20px\" aria-hidden=\"true\" class=\"wp-block-spacer\"><\/div>\n\n\n\n<p><a href=\"https:\/\/www.rr.senac.br\/portalsenac\/i-seminario-de-educacao-do-senac-rr\/\">Inscri\u00e7\u00f5es clique aqui<\/a><\/p>\n\n\n\n<div style=\"height:20px\" aria-hidden=\"true\" class=\"wp-block-spacer\"><\/div>\n\n\n\n<figure class=\"wp-block-gallery has-nested-images columns-default is-cropped wp-block-gallery-1 is-layout-flex wp-block-gallery-is-layout-flex\">\n<figure class=\"wp-block-image size-large\"><img data-recalc-dims=\"1\" decoding=\"async\" width=\"750\" height=\"750\" data-id=\"4885\" src=\"https:\/\/i0.wp.com\/www.rr.senac.br\/portalsenac\/wp-content\/uploads\/2023\/06\/Seminario-de-educacao-SenacRR-1.png?resize=750%2C750&#038;ssl=1\" alt=\"\" class=\"wp-image-4885\" srcset=\"https:\/\/i0.wp.com\/www.rr.senac.br\/portalsenac\/wp-content\/uploads\/2023\/06\/Seminario-de-educacao-SenacRR-1.png?resize=1024%2C1024&amp;ssl=1 1024w, https:\/\/i0.wp.com\/www.rr.senac.br\/portalsenac\/wp-content\/uploads\/2023\/06\/Seminario-de-educacao-SenacRR-1.png?resize=300%2C300&amp;ssl=1 300w, https:\/\/i0.wp.com\/www.rr.senac.br\/portalsenac\/wp-content\/uploads\/2023\/06\/Seminario-de-educacao-SenacRR-1.png?resize=150%2C150&amp;ssl=1 150w, https:\/\/i0.wp.com\/www.rr.senac.br\/portalsenac\/wp-content\/uploads\/2023\/06\/Seminario-de-educacao-SenacRR-1.png?resize=768%2C768&amp;ssl=1 768w, https:\/\/i0.wp.com\/www.rr.senac.br\/portalsenac\/wp-content\/uploads\/2023\/06\/Seminario-de-educacao-SenacRR-1.png?w=1080&amp;ssl=1 1080w\" sizes=\"(max-width: 750px) 100vw, 750px\" \/><\/figure>\n\n\n\n<figure class=\"wp-block-image size-large\"><img data-recalc-dims=\"1\" loading=\"lazy\" decoding=\"async\" width=\"750\" height=\"750\" data-id=\"4886\" src=\"https:\/\/i0.wp.com\/www.rr.senac.br\/portalsenac\/wp-content\/uploads\/2023\/06\/Seminario-de-educacao-SenacRR-2.png?resize=750%2C750&#038;ssl=1\" alt=\"\" class=\"wp-image-4886\" srcset=\"https:\/\/i0.wp.com\/www.rr.senac.br\/portalsenac\/wp-content\/uploads\/2023\/06\/Seminario-de-educacao-SenacRR-2.png?resize=1024%2C1024&amp;ssl=1 1024w, https:\/\/i0.wp.com\/www.rr.senac.br\/portalsenac\/wp-content\/uploads\/2023\/06\/Seminario-de-educacao-SenacRR-2.png?resize=300%2C300&amp;ssl=1 300w, https:\/\/i0.wp.com\/www.rr.senac.br\/portalsenac\/wp-content\/uploads\/2023\/06\/Seminario-de-educacao-SenacRR-2.png?resize=150%2C150&amp;ssl=1 150w, https:\/\/i0.wp.com\/www.rr.senac.br\/portalsenac\/wp-content\/uploads\/2023\/06\/Seminario-de-educacao-SenacRR-2.png?resize=768%2C768&amp;ssl=1 768w, https:\/\/i0.wp.com\/www.rr.senac.br\/portalsenac\/wp-content\/uploads\/2023\/06\/Seminario-de-educacao-SenacRR-2.png?w=1080&amp;ssl=1 1080w\" sizes=\"(max-width: 750px) 100vw, 750px\" \/><\/figure>\n\n\n\n<figure class=\"wp-block-image size-large\"><img data-recalc-dims=\"1\" loading=\"lazy\" decoding=\"async\" width=\"750\" height=\"750\" data-id=\"4887\" src=\"https:\/\/i0.wp.com\/www.rr.senac.br\/portalsenac\/wp-content\/uploads\/2023\/06\/Seminario-de-educacao-SenacRR-3.png?resize=750%2C750&#038;ssl=1\" alt=\"\" class=\"wp-image-4887\" srcset=\"https:\/\/i0.wp.com\/www.rr.senac.br\/portalsenac\/wp-content\/uploads\/2023\/06\/Seminario-de-educacao-SenacRR-3.png?resize=1024%2C1024&amp;ssl=1 1024w, https:\/\/i0.wp.com\/www.rr.senac.br\/portalsenac\/wp-content\/uploads\/2023\/06\/Seminario-de-educacao-SenacRR-3.png?resize=300%2C300&amp;ssl=1 300w, https:\/\/i0.wp.com\/www.rr.senac.br\/portalsenac\/wp-content\/uploads\/2023\/06\/Seminario-de-educacao-SenacRR-3.png?resize=150%2C150&amp;ssl=1 150w, https:\/\/i0.wp.com\/www.rr.senac.br\/portalsenac\/wp-content\/uploads\/2023\/06\/Seminario-de-educacao-SenacRR-3.png?resize=768%2C768&amp;ssl=1 768w, https:\/\/i0.wp.com\/www.rr.senac.br\/portalsenac\/wp-content\/uploads\/2023\/06\/Seminario-de-educacao-SenacRR-3.png?w=1080&amp;ssl=1 1080w\" sizes=\"(max-width: 750px) 100vw, 750px\" \/><\/figure>\n\n\n\n<figure class=\"wp-block-image size-large\"><img data-recalc-dims=\"1\" loading=\"lazy\" decoding=\"async\" width=\"750\" height=\"750\" data-id=\"4888\" src=\"https:\/\/i0.wp.com\/www.rr.senac.br\/portalsenac\/wp-content\/uploads\/2023\/06\/Seminario-de-educacao-SenacRR-4.png?resize=750%2C750&#038;ssl=1\" alt=\"\" class=\"wp-image-4888\" srcset=\"https:\/\/i0.wp.com\/www.rr.senac.br\/portalsenac\/wp-content\/uploads\/2023\/06\/Seminario-de-educacao-SenacRR-4.png?resize=1024%2C1024&amp;ssl=1 1024w, https:\/\/i0.wp.com\/www.rr.senac.br\/portalsenac\/wp-content\/uploads\/2023\/06\/Seminario-de-educacao-SenacRR-4.png?resize=300%2C300&amp;ssl=1 300w, https:\/\/i0.wp.com\/www.rr.senac.br\/portalsenac\/wp-content\/uploads\/2023\/06\/Seminario-de-educacao-SenacRR-4.png?resize=150%2C150&amp;ssl=1 150w, https:\/\/i0.wp.com\/www.rr.senac.br\/portalsenac\/wp-content\/uploads\/2023\/06\/Seminario-de-educacao-SenacRR-4.png?resize=768%2C768&amp;ssl=1 768w, https:\/\/i0.wp.com\/www.rr.senac.br\/portalsenac\/wp-content\/uploads\/2023\/06\/Seminario-de-educacao-SenacRR-4.png?w=1080&amp;ssl=1 1080w\" sizes=\"(max-width: 750px) 100vw, 750px\" \/><\/figure>\n\n\n\n<figure class=\"wp-block-image size-large\"><img data-recalc-dims=\"1\" loading=\"lazy\" decoding=\"async\" width=\"750\" height=\"750\" data-id=\"4889\" src=\"https:\/\/i0.wp.com\/www.rr.senac.br\/portalsenac\/wp-content\/uploads\/2023\/06\/Seminario-de-educacao-SenacRR-5.png?resize=750%2C750&#038;ssl=1\" alt=\"\" class=\"wp-image-4889\" srcset=\"https:\/\/i0.wp.com\/www.rr.senac.br\/portalsenac\/wp-content\/uploads\/2023\/06\/Seminario-de-educacao-SenacRR-5.png?resize=1024%2C1024&amp;ssl=1 1024w, https:\/\/i0.wp.com\/www.rr.senac.br\/portalsenac\/wp-content\/uploads\/2023\/06\/Seminario-de-educacao-SenacRR-5.png?resize=300%2C300&amp;ssl=1 300w, https:\/\/i0.wp.com\/www.rr.senac.br\/portalsenac\/wp-content\/uploads\/2023\/06\/Seminario-de-educacao-SenacRR-5.png?resize=150%2C150&amp;ssl=1 150w, https:\/\/i0.wp.com\/www.rr.senac.br\/portalsenac\/wp-content\/uploads\/2023\/06\/Seminario-de-educacao-SenacRR-5.png?resize=768%2C768&amp;ssl=1 768w, https:\/\/i0.wp.com\/www.rr.senac.br\/portalsenac\/wp-content\/uploads\/2023\/06\/Seminario-de-educacao-SenacRR-5.png?w=1080&amp;ssl=1 1080w\" sizes=\"(max-width: 750px) 100vw, 750px\" \/><\/figure>\n<\/figure>\n\n\n\n<div style=\"height:20px\" aria-hidden=\"true\" class=\"wp-block-spacer\"><\/div>\n\n\n\n<p>Giovanna Lima \u2013 analista t\u00e9cnica<\/p>\n\n\n\n<p>Comunica\u00e7\u00e3o Senac RR<\/p>\n","protected":false},"excerpt":{"rendered":"<p>Evento acontece no pr\u00f3ximo m\u00eas em Boa Vista O Servi\u00e7o Nacional de Aprendizagem Comercial (Senac-RR) divulgou na manh\u00e3 desta quinta-feira (15) a programa\u00e7\u00e3o do primeiro Semin\u00e1rio de Educa\u00e7\u00e3o, com palestrantes locais e nacionais apresentando inova\u00e7\u00f5es no campo educacional. O evento acontece nos pr\u00f3ximos dias 04&hellip; <a class=\"more-link\" href=\"https:\/\/www.rr.senac.br\/portalsenac\/senac-roraima-apresenta-primeiro-seminario-de-educacao\/\">Continuar lendo <span class=\"screen-reader-text\">Senac Roraima apresenta primeiro Semin\u00e1rio de Educa\u00e7\u00e3o<\/span><\/a><\/p>\n","protected":false},"author":2,"featured_media":4885,"comment_status":"closed","ping_status":"open","sticky":false,"template":"","format":"standard","meta":{"_jetpack_memberships_contains_paid_content":false,"_joinchat":[],"footnotes":""},"categories":[12],"tags":[],"class_list":["post-4883","post","type-post","status-publish","format-standard","has-post-thumbnail","hentry","category-ultimas-noticias","entry"],"jetpack_featured_media_url":"https:\/\/i0.wp.com\/www.rr.senac.br\/portalsenac\/wp-content\/uploads\/2023\/06\/Seminario-de-educacao-SenacRR-1.png?fit=1080%2C1080&ssl=1","jetpack_sharing_enabled":true,"_links":{"self":[{"href":"https:\/\/www.rr.senac.br\/portalsenac\/wp-json\/wp\/v2\/posts\/4883","targetHints":{"allow":["GET"]}}],"collection":[{"href":"https:\/\/www.rr.senac.br\/portalsenac\/wp-json\/wp\/v2\/posts"}],"about":[{"href":"https:\/\/www.rr.senac.br\/portalsenac\/wp-json\/wp\/v2\/types\/post"}],"author":[{"embeddable":true,"href":"https:\/\/www.rr.senac.br\/portalsenac\/wp-json\/wp\/v2\/users\/2"}],"replies":[{"embeddable":true,"href":"https:\/\/www.rr.senac.br\/portalsenac\/wp-json\/wp\/v2\/comments?post=4883"}],"version-history":[{"count":0,"href":"https:\/\/www.rr.senac.br\/portalsenac\/wp-json\/wp\/v2\/posts\/4883\/revisions"}],"wp:featuredmedia":[{"embeddable":true,"href":"https:\/\/www.rr.senac.br\/portalsenac\/wp-json\/wp\/v2\/media\/4885"}],"wp:attachment":[{"href":"https:\/\/www.rr.senac.br\/portalsenac\/wp-json\/wp\/v2\/media?parent=4883"}],"wp:term":[{"taxonomy":"category","embeddable":true,"href":"https:\/\/www.rr.senac.br\/portalsenac\/wp-json\/wp\/v2\/categories?post=4883"},{"taxonomy":"post_tag","embeddable":true,"href":"https:\/\/www.rr.senac.br\/portalsenac\/wp-json\/wp\/v2\/tags?post=4883"}],"curies":[{"name":"wp","href":"https:\/\/api.w.org\/{rel}","templated":true}]}}