{"id":5762,"date":"2023-06-21T18:45:43","date_gmt":"2023-06-21T21:45:43","guid":{"rendered":"https:\/\/www.rr.senac.br\/portalsenac\/?p=5762"},"modified":"2023-06-22T16:20:46","modified_gmt":"2023-06-22T19:20:46","slug":"senac-realiza-feira-multicultural-de-idiomas","status":"publish","type":"post","link":"https:\/\/www.rr.senac.br\/portalsenac\/senac-realiza-feira-multicultural-de-idiomas\/","title":{"rendered":"Senac realiza Feira multicultural de Idiomas"},"content":{"rendered":"\n<h5 class=\"wp-block-heading\"><em>Evento recebeu cerca de 500 pessoas<\/em><\/h5>\n\n\n\n<div style=\"height:25px\" aria-hidden=\"true\" class=\"wp-block-spacer\"><\/div>\n\n\n\n<figure class=\"wp-block-image size-full\"><img data-recalc-dims=\"1\" fetchpriority=\"high\" decoding=\"async\" width=\"680\" height=\"453\" src=\"https:\/\/i0.wp.com\/www.rr.senac.br\/portalsenac\/wp-content\/uploads\/2023\/06\/3O5A8891.jpg?resize=680%2C453&#038;ssl=1\" alt=\"\" class=\"wp-image-5770\" srcset=\"https:\/\/i0.wp.com\/www.rr.senac.br\/portalsenac\/wp-content\/uploads\/2023\/06\/3O5A8891.jpg?w=680&amp;ssl=1 680w, https:\/\/i0.wp.com\/www.rr.senac.br\/portalsenac\/wp-content\/uploads\/2023\/06\/3O5A8891.jpg?resize=300%2C200&amp;ssl=1 300w\" sizes=\"(max-width: 680px) 100vw, 680px\" \/><\/figure>\n\n\n\n<p>O Servi\u00e7o Nacional de Aprendizagem Comercial (Senac-RR) realizou a Feira Cultural do Senac Idiomas. O evento contou com a participa\u00e7\u00e3o de aproximadamente 500 alunos que apresentaram em diversas modalidades culturais.<\/p>\n\n\n\n<div style=\"height:25px\" aria-hidden=\"true\" class=\"wp-block-spacer\"><\/div>\n\n\n\n<p>Conforme o coordenador dos cursos Vitor Milhomem o evento teve como objetivo p\u00f4r em pr\u00e1tica as atividades desenvolvidas em classe. \u201cO Senac proporciona aos alunos esse protagonismo da aprendizagem, ent\u00e3o eles desenvolvem esses lindos projetos com muita dedica\u00e7\u00e3o. Procuramos sempre estimular os alunos e despertar talentos, estamos extremamente orgulhosos\u201d, concluiu.<\/p>\n\n\n\n<div style=\"height:20px\" aria-hidden=\"true\" class=\"wp-block-spacer\"><\/div>\n\n\n\n<figure class=\"wp-block-image size-large\"><img data-recalc-dims=\"1\" decoding=\"async\" width=\"750\" height=\"500\" src=\"https:\/\/i0.wp.com\/www.rr.senac.br\/portalsenac\/wp-content\/uploads\/2023\/06\/3O5A8739.jpg?resize=750%2C500&#038;ssl=1\" alt=\"\" class=\"wp-image-5769\" srcset=\"https:\/\/i0.wp.com\/www.rr.senac.br\/portalsenac\/wp-content\/uploads\/2023\/06\/3O5A8739-scaled.jpg?resize=1024%2C683&amp;ssl=1 1024w, https:\/\/i0.wp.com\/www.rr.senac.br\/portalsenac\/wp-content\/uploads\/2023\/06\/3O5A8739-scaled.jpg?resize=300%2C200&amp;ssl=1 300w, https:\/\/i0.wp.com\/www.rr.senac.br\/portalsenac\/wp-content\/uploads\/2023\/06\/3O5A8739-scaled.jpg?resize=768%2C512&amp;ssl=1 768w, https:\/\/i0.wp.com\/www.rr.senac.br\/portalsenac\/wp-content\/uploads\/2023\/06\/3O5A8739-scaled.jpg?resize=1536%2C1024&amp;ssl=1 1536w, https:\/\/i0.wp.com\/www.rr.senac.br\/portalsenac\/wp-content\/uploads\/2023\/06\/3O5A8739-scaled.jpg?resize=2048%2C1365&amp;ssl=1 2048w, https:\/\/i0.wp.com\/www.rr.senac.br\/portalsenac\/wp-content\/uploads\/2023\/06\/3O5A8739-scaled.jpg?resize=1568%2C1045&amp;ssl=1 1568w, https:\/\/i0.wp.com\/www.rr.senac.br\/portalsenac\/wp-content\/uploads\/2023\/06\/3O5A8739-scaled.jpg?w=2250&amp;ssl=1 2250w\" sizes=\"(max-width: 750px) 100vw, 750px\" \/><figcaption class=\"wp-element-caption\"><em>Foto: Senac Roraima<\/em><\/figcaption><\/figure>\n\n\n\n<p>A instrutora Arisha Brilhante explicou que as turmas apresentaram os projetos e observa o desenvolvimento dos alunos. \u201cEstou com duas turmas, starter e pre-intermediate, e os alunos propuseram que a gente desenvolvesse a Golden Gate Bridge, e eles apresentaram uma maquete incr\u00edvel, estou muito satisfeita \u00e9 muito legal ver o esfor\u00e7o e transforma\u00e7\u00e3o dos alunos\u201d, explicou. A instrutora refor\u00e7ou ainda a uni\u00e3o dos alunos pelo projeto: \u201cNossa turma \u00e9 bastante diversa, temos desde adolescentes, ao seu Gilvan. S\u00e3o uma turma muito unida e incr\u00edvel\u201d, concluiu.<\/p>\n\n\n\n<div style=\"height:20px\" aria-hidden=\"true\" class=\"wp-block-spacer\"><\/div>\n\n\n\n<figure class=\"wp-block-image size-full\"><img data-recalc-dims=\"1\" decoding=\"async\" width=\"750\" height=\"500\" src=\"https:\/\/i0.wp.com\/www.rr.senac.br\/portalsenac\/wp-content\/uploads\/2023\/06\/3O5A8873.jpg?resize=750%2C500&#038;ssl=1\" alt=\"\" class=\"wp-image-5763\" srcset=\"https:\/\/i0.wp.com\/www.rr.senac.br\/portalsenac\/wp-content\/uploads\/2023\/06\/3O5A8873.jpg?w=1020&amp;ssl=1 1020w, https:\/\/i0.wp.com\/www.rr.senac.br\/portalsenac\/wp-content\/uploads\/2023\/06\/3O5A8873.jpg?resize=300%2C200&amp;ssl=1 300w, https:\/\/i0.wp.com\/www.rr.senac.br\/portalsenac\/wp-content\/uploads\/2023\/06\/3O5A8873.jpg?resize=768%2C512&amp;ssl=1 768w\" sizes=\"(max-width: 750px) 100vw, 750px\" \/><figcaption class=\"wp-element-caption\"><em>Foto: Senac Roraima<\/em><\/figcaption><\/figure>\n\n\n\n<p>Hannah Buslik \u00e9 aluna do curso de ingl\u00eas e contou que para a apresenta\u00e7\u00e3o, ela e a turma preparam uma aula de ingl\u00eas b\u00e1sico para demonstra\u00e7\u00f5es e conversa\u00e7\u00e3o. \u201cHoje vamos falar sobre termos mais b\u00e1sicos do ingl\u00eas e apresenta\u00e7\u00e3o foi em formato de aula, e tem sido uma experi\u00eancia bem legal\u201d, contou.<\/p>\n\n\n\n<div style=\"height:20px\" aria-hidden=\"true\" class=\"wp-block-spacer\"><\/div>\n\n\n\n<p>A analista t\u00e9cnica educacional Emely Burum explicou que as atividades l\u00fadicas auxiliam no aprendizado. \u201cIsso \u00e9 muito importante, pois \u00e9 o fechamento do ciclo de aprendizado, e tudo que eles apresentam \u00e9 baseado nos livros que mediam esse conte\u00fado ao longo do semestre. Eles concluem o objetivo de apresentar a fala de uma nova l\u00edngua, e para n\u00f3s \u00e9 gratificante ver o brilho nos olhos dos alunos\u201d, disse.<\/p>\n\n\n\n<div style=\"height:20px\" aria-hidden=\"true\" class=\"wp-block-spacer\"><\/div>\n\n\n\n<figure class=\"wp-block-image size-full\"><img data-recalc-dims=\"1\" loading=\"lazy\" decoding=\"async\" width=\"680\" height=\"453\" src=\"https:\/\/i0.wp.com\/www.rr.senac.br\/portalsenac\/wp-content\/uploads\/2023\/06\/3O5A8886.jpg?resize=680%2C453&#038;ssl=1\" alt=\"\" class=\"wp-image-5767\" srcset=\"https:\/\/i0.wp.com\/www.rr.senac.br\/portalsenac\/wp-content\/uploads\/2023\/06\/3O5A8886.jpg?w=680&amp;ssl=1 680w, https:\/\/i0.wp.com\/www.rr.senac.br\/portalsenac\/wp-content\/uploads\/2023\/06\/3O5A8886.jpg?resize=300%2C200&amp;ssl=1 300w\" sizes=\"(max-width: 680px) 100vw, 680px\" \/><figcaption class=\"wp-element-caption\"><em>Foto: Senac Roraima<\/em><\/figcaption><\/figure>\n\n\n\n<p>O evento faz parte do encerramento de semestre dos alunos das turmas de ingl\u00eas starter, elementary, pre entermediate, espanhol intermedi\u00e1rio, fran\u00e7ais debutant, advanced e elementaire. Novas matr\u00edculas ser\u00e3o divulgadas em breve nas redes sociais da institui\u00e7\u00e3o.<\/p>\n\n\n\n<div style=\"height:25px\" aria-hidden=\"true\" class=\"wp-block-spacer\"><\/div>\n\n\n\n<p>Giovanna Lima \u2013 analista t\u00e9cnica<\/p>\n\n\n\n<p>Comunica\u00e7\u00e3o Senac RR<\/p>\n","protected":false},"excerpt":{"rendered":"<p>Evento recebeu cerca de 500 pessoas O Servi\u00e7o Nacional de Aprendizagem Comercial (Senac-RR) realizou a Feira Cultural do Senac Idiomas. O evento contou com a participa\u00e7\u00e3o de aproximadamente 500 alunos que apresentaram em diversas modalidades culturais. Conforme o coordenador dos cursos Vitor Milhomem o evento&hellip; <a class=\"more-link\" href=\"https:\/\/www.rr.senac.br\/portalsenac\/senac-realiza-feira-multicultural-de-idiomas\/\">Continuar lendo <span class=\"screen-reader-text\">Senac realiza Feira multicultural de Idiomas<\/span><\/a><\/p>\n","protected":false},"author":2,"featured_media":5763,"comment_status":"closed","ping_status":"open","sticky":false,"template":"","format":"standard","meta":{"_jetpack_memberships_contains_paid_content":false,"_joinchat":[],"footnotes":""},"categories":[12],"tags":[],"class_list":["post-5762","post","type-post","status-publish","format-standard","has-post-thumbnail","hentry","category-ultimas-noticias","entry"],"jetpack_featured_media_url":"https:\/\/i0.wp.com\/www.rr.senac.br\/portalsenac\/wp-content\/uploads\/2023\/06\/3O5A8873.jpg?fit=1020%2C680&ssl=1","jetpack_sharing_enabled":true,"_links":{"self":[{"href":"https:\/\/www.rr.senac.br\/portalsenac\/wp-json\/wp\/v2\/posts\/5762","targetHints":{"allow":["GET"]}}],"collection":[{"href":"https:\/\/www.rr.senac.br\/portalsenac\/wp-json\/wp\/v2\/posts"}],"about":[{"href":"https:\/\/www.rr.senac.br\/portalsenac\/wp-json\/wp\/v2\/types\/post"}],"author":[{"embeddable":true,"href":"https:\/\/www.rr.senac.br\/portalsenac\/wp-json\/wp\/v2\/users\/2"}],"replies":[{"embeddable":true,"href":"https:\/\/www.rr.senac.br\/portalsenac\/wp-json\/wp\/v2\/comments?post=5762"}],"version-history":[{"count":0,"href":"https:\/\/www.rr.senac.br\/portalsenac\/wp-json\/wp\/v2\/posts\/5762\/revisions"}],"wp:featuredmedia":[{"embeddable":true,"href":"https:\/\/www.rr.senac.br\/portalsenac\/wp-json\/wp\/v2\/media\/5763"}],"wp:attachment":[{"href":"https:\/\/www.rr.senac.br\/portalsenac\/wp-json\/wp\/v2\/media?parent=5762"}],"wp:term":[{"taxonomy":"category","embeddable":true,"href":"https:\/\/www.rr.senac.br\/portalsenac\/wp-json\/wp\/v2\/categories?post=5762"},{"taxonomy":"post_tag","embeddable":true,"href":"https:\/\/www.rr.senac.br\/portalsenac\/wp-json\/wp\/v2\/tags?post=5762"}],"curies":[{"name":"wp","href":"https:\/\/api.w.org\/{rel}","templated":true}]}}