{"id":6121,"date":"2023-07-13T19:26:25","date_gmt":"2023-07-13T22:26:25","guid":{"rendered":"https:\/\/www.rr.senac.br\/portalsenac\/?p=6121"},"modified":"2023-07-13T19:32:43","modified_gmt":"2023-07-13T22:32:43","slug":"senac-promove-festival-gastronomico-com-enfase-em-confeitaria","status":"publish","type":"post","link":"https:\/\/www.rr.senac.br\/portalsenac\/senac-promove-festival-gastronomico-com-enfase-em-confeitaria\/","title":{"rendered":"Senac promove Festival Gastron\u00f4mico com \u00eanfase em confeitaria"},"content":{"rendered":"\n<h5 class=\"wp-block-heading\"><em>\u2018Sabores do Norte\u2019 acontece em agosto<\/em><\/h5>\n\n\n\n<div style=\"height:25px\" aria-hidden=\"true\" class=\"wp-block-spacer\"><\/div>\n\n\n\n<figure class=\"wp-block-image size-full\"><img data-recalc-dims=\"1\" fetchpriority=\"high\" decoding=\"async\" width=\"680\" height=\"453\" src=\"https:\/\/i0.wp.com\/www.rr.senac.br\/portalsenac\/wp-content\/uploads\/2023\/07\/3O5A9563.jpg?resize=680%2C453&#038;ssl=1\" alt=\"\" class=\"wp-image-6122\" srcset=\"https:\/\/i0.wp.com\/www.rr.senac.br\/portalsenac\/wp-content\/uploads\/2023\/07\/3O5A9563.jpg?w=680&amp;ssl=1 680w, https:\/\/i0.wp.com\/www.rr.senac.br\/portalsenac\/wp-content\/uploads\/2023\/07\/3O5A9563.jpg?resize=300%2C200&amp;ssl=1 300w\" sizes=\"(max-width: 680px) 100vw, 680px\" \/><figcaption class=\"wp-element-caption\"><em>Foto: divulga\u00e7\u00e3o<\/em><\/figcaption><\/figure>\n\n\n\n<div style=\"height:25px\" aria-hidden=\"true\" class=\"wp-block-spacer\"><\/div>\n\n\n\n<p>O Servi\u00e7o Nacional de Aprendizagem Comercial (Senac-RR) promove no pr\u00f3ximo m\u00eas o Festival Sabores do Norte \u2013 edi\u00e7\u00e3o confeitaria. O evento acontece dia 11 de agosto na sede administrativa da institui\u00e7\u00e3o, e contar\u00e1 com uma competi\u00e7\u00e3o profissional de confeitaria. Inscri\u00e7\u00f5es para participa\u00e7\u00e3o do campeonato ser\u00e3o on-line, no site do Senac.<\/p>\n\n\n\n<div style=\"height:20px\" aria-hidden=\"true\" class=\"wp-block-spacer\"><\/div>\n\n\n\n<p>Al\u00e9m de uma competi\u00e7\u00e3o de tirar o f\u00f4lego para confeitaria de bolos, o p\u00fablico em geral poder\u00e1 participar ao longo do dia de palestras, aulas-show, mesa redonda e visita \u00e0 stands de parceiros que proporcionar\u00e3o experi\u00eancias gastron\u00f4micas. O ingresso para o evento ser\u00e1 com apresenta\u00e7\u00e3o de 1kg de alimento por pessoa, e a partir deste ingresso os participantes ter\u00e3o acesso a toda programa\u00e7\u00e3o, que ser\u00e1 das 14h \u00e0s 22h. &nbsp;<\/p>\n\n\n\n<div style=\"height:20px\" aria-hidden=\"true\" class=\"wp-block-spacer\"><\/div>\n\n\n\n<p>&nbsp;<\/p>\n\n\n\n<figure class=\"wp-block-image size-full\"><img data-recalc-dims=\"1\" decoding=\"async\" width=\"680\" height=\"453\" src=\"https:\/\/i0.wp.com\/www.rr.senac.br\/portalsenac\/wp-content\/uploads\/2023\/07\/3O5A9555.jpg?resize=680%2C453&#038;ssl=1\" alt=\"\" class=\"wp-image-6123\" srcset=\"https:\/\/i0.wp.com\/www.rr.senac.br\/portalsenac\/wp-content\/uploads\/2023\/07\/3O5A9555.jpg?w=680&amp;ssl=1 680w, https:\/\/i0.wp.com\/www.rr.senac.br\/portalsenac\/wp-content\/uploads\/2023\/07\/3O5A9555.jpg?resize=300%2C200&amp;ssl=1 300w\" sizes=\"(max-width: 680px) 100vw, 680px\" \/><figcaption class=\"wp-element-caption\"><em>Foto: divulga\u00e7\u00e3o<\/em><\/figcaption><\/figure>\n\n\n\n<div style=\"height:20px\" aria-hidden=\"true\" class=\"wp-block-spacer\"><\/div>\n\n\n\n<p>\u2018Sabores do Norte\u2019, \u00e9 um evento que visa proporcionar visibilidade \u00e0 cultura regional atrav\u00e9s da gastronomia, com desenvolvimento de atividades, e acontece pelo ano segundo ano, este ano com edi\u00e7\u00e3o de competi\u00e7\u00e3o focada na confeitaria de bolos. Novas informa\u00e7\u00f5es ser\u00e3o divulgadas nos canais oficiais da institui\u00e7\u00e3o. O p\u00fablico poder\u00e1 participar de experi\u00eancias gastron\u00f4micas e sorteios de diversos brindes, que ser\u00e3o realizados ao longo do dia no evento.<\/p>\n\n\n\n<div style=\"height:20px\" aria-hidden=\"true\" class=\"wp-block-spacer\"><\/div>\n\n\n\n<p><strong>Campeonato de Confeitaria<\/strong><\/p>\n\n\n\n<div style=\"height:20px\" aria-hidden=\"true\" class=\"wp-block-spacer\"><\/div>\n\n\n\n<p>Para participar da competi\u00e7\u00e3o que \u00e9 destinada \u00e0 profissionais, os candidatos devem conferir o edital, que ser\u00e1 publicado no dia 17 de julho no site da institui\u00e7\u00e3o, com inscri\u00e7\u00f5es on-line a partir do dia 24 de julho.<\/p>\n\n\n\n<div style=\"height:20px\" aria-hidden=\"true\" class=\"wp-block-spacer\"><\/div>\n\n\n\n<p>Ser\u00e3o realizadas quatro baterias de dois competidores em cada uma, para uma prova pr\u00e1tica onde dever\u00e3o montar e confeitar um bolo <em>fake<\/em> de tr\u00eas andares. Os vencedores ganhar\u00e3o pr\u00eamios em dinheiro e o trof\u00e9u de <em>top<\/em> chefs confeiteiros do Festival Sabores do Norte.<\/p>\n\n\n\n<div style=\"height:20px\" aria-hidden=\"true\" class=\"wp-block-spacer\"><\/div>\n\n\n\n<p>Giovanna Lima \u2013 analista t\u00e9cnica <\/p>\n\n\n\n<p>Comunica\u00e7\u00e3o Senac RR<\/p>\n","protected":false},"excerpt":{"rendered":"<p>\u2018Sabores do Norte\u2019 acontece em agosto O Servi\u00e7o Nacional de Aprendizagem Comercial (Senac-RR) promove no pr\u00f3ximo m\u00eas o Festival Sabores do Norte \u2013 edi\u00e7\u00e3o confeitaria. O evento acontece dia 11 de agosto na sede administrativa da institui\u00e7\u00e3o, e contar\u00e1 com uma competi\u00e7\u00e3o profissional de confeitaria.&hellip; <a class=\"more-link\" href=\"https:\/\/www.rr.senac.br\/portalsenac\/senac-promove-festival-gastronomico-com-enfase-em-confeitaria\/\">Continuar lendo <span class=\"screen-reader-text\">Senac promove Festival Gastron\u00f4mico com \u00eanfase em confeitaria<\/span><\/a><\/p>\n","protected":false},"author":2,"featured_media":6122,"comment_status":"closed","ping_status":"closed","sticky":false,"template":"","format":"standard","meta":{"_jetpack_memberships_contains_paid_content":false,"_joinchat":[],"footnotes":""},"categories":[12],"tags":[],"class_list":["post-6121","post","type-post","status-publish","format-standard","has-post-thumbnail","hentry","category-ultimas-noticias","entry"],"jetpack_featured_media_url":"https:\/\/i0.wp.com\/www.rr.senac.br\/portalsenac\/wp-content\/uploads\/2023\/07\/3O5A9563.jpg?fit=680%2C453&ssl=1","jetpack_sharing_enabled":true,"_links":{"self":[{"href":"https:\/\/www.rr.senac.br\/portalsenac\/wp-json\/wp\/v2\/posts\/6121","targetHints":{"allow":["GET"]}}],"collection":[{"href":"https:\/\/www.rr.senac.br\/portalsenac\/wp-json\/wp\/v2\/posts"}],"about":[{"href":"https:\/\/www.rr.senac.br\/portalsenac\/wp-json\/wp\/v2\/types\/post"}],"author":[{"embeddable":true,"href":"https:\/\/www.rr.senac.br\/portalsenac\/wp-json\/wp\/v2\/users\/2"}],"replies":[{"embeddable":true,"href":"https:\/\/www.rr.senac.br\/portalsenac\/wp-json\/wp\/v2\/comments?post=6121"}],"version-history":[{"count":2,"href":"https:\/\/www.rr.senac.br\/portalsenac\/wp-json\/wp\/v2\/posts\/6121\/revisions"}],"predecessor-version":[{"id":6125,"href":"https:\/\/www.rr.senac.br\/portalsenac\/wp-json\/wp\/v2\/posts\/6121\/revisions\/6125"}],"wp:featuredmedia":[{"embeddable":true,"href":"https:\/\/www.rr.senac.br\/portalsenac\/wp-json\/wp\/v2\/media\/6122"}],"wp:attachment":[{"href":"https:\/\/www.rr.senac.br\/portalsenac\/wp-json\/wp\/v2\/media?parent=6121"}],"wp:term":[{"taxonomy":"category","embeddable":true,"href":"https:\/\/www.rr.senac.br\/portalsenac\/wp-json\/wp\/v2\/categories?post=6121"},{"taxonomy":"post_tag","embeddable":true,"href":"https:\/\/www.rr.senac.br\/portalsenac\/wp-json\/wp\/v2\/tags?post=6121"}],"curies":[{"name":"wp","href":"https:\/\/api.w.org\/{rel}","templated":true}]}}