{"id":6161,"date":"2023-07-25T19:03:39","date_gmt":"2023-07-25T22:03:39","guid":{"rendered":"https:\/\/www.rr.senac.br\/portalsenac\/?p=6161"},"modified":"2023-10-03T15:38:03","modified_gmt":"2023-10-03T18:38:03","slug":"inscricoes-abertas-para-o-campeonato-de-confeitaria-do-senac-roraima","status":"publish","type":"post","link":"https:\/\/www.rr.senac.br\/portalsenac\/inscricoes-abertas-para-o-campeonato-de-confeitaria-do-senac-roraima\/","title":{"rendered":"Inscri\u00e7\u00f5es abertas para o Campeonato de Confeitaria do Senac Roraima"},"content":{"rendered":"\n<h5 class=\"wp-block-heading\"><em>Pr\u00eamios chegam a R$ 1.500,00<\/em><\/h5>\n\n\n\n<div style=\"height:25px\" aria-hidden=\"true\" class=\"wp-block-spacer\"><\/div>\n\n\n\n<figure class=\"wp-block-image size-full\"><img data-recalc-dims=\"1\" fetchpriority=\"high\" decoding=\"async\" width=\"680\" height=\"453\" src=\"https:\/\/i0.wp.com\/www.rr.senac.br\/portalsenac\/wp-content\/uploads\/2023\/07\/3O5A9210.jpg?resize=680%2C453&#038;ssl=1\" alt=\"\" class=\"wp-image-6162\" srcset=\"https:\/\/i0.wp.com\/www.rr.senac.br\/portalsenac\/wp-content\/uploads\/2023\/07\/3O5A9210.jpg?w=680&amp;ssl=1 680w, https:\/\/i0.wp.com\/www.rr.senac.br\/portalsenac\/wp-content\/uploads\/2023\/07\/3O5A9210.jpg?resize=300%2C200&amp;ssl=1 300w\" sizes=\"(max-width: 680px) 100vw, 680px\" \/><figcaption class=\"wp-element-caption\"><em>Foto: Divulga\u00e7\u00e3o 2022<\/em><\/figcaption><\/figure>\n\n\n\n<p>PREPARA O GLAC\u00ca, que o Servi\u00e7o Nacional de Aprendizagem Comercial (Senac-RR) promove no pr\u00f3ximo m\u00eas o primeiro Campeonato de Confeitaria, destinado a profissionais com premia\u00e7\u00f5es de at\u00e9 R$ 1.500. <a href=\"https:\/\/www.rr.senac.br\/portalsenac\/campeonato-de-confeitaria\/\">As inscri\u00e7\u00f5es j\u00e1 est\u00e3o abertas<\/a>, e podem ser realizadas on-line.<\/p>\n\n\n\n<div style=\"height:20px\" aria-hidden=\"true\" class=\"wp-block-spacer\"><\/div>\n\n\n\n<p>Esta \u00e9 a primeira edi\u00e7\u00e3o do campeonato, que acontecer\u00e1 no Festival Gastron\u00f4mico no dia 11 de agosto, na sede administrativa Sesc\/Senac. A competi\u00e7\u00e3o \u00e9 destinada a adultos a partir de 18 anos, que tenham cursos na \u00e1rea de gastronomia, confeitaria, ou \u00e1reas afins. A prova consistir\u00e1 na montagem e confeito de um bolo <em>fake<\/em> de tr\u00eas andares, com altura final m\u00ednima de 30cm e m\u00e1xima de 120cm, confeitado com chantilly ou chantininho ou <em>buttercream<\/em> ou glac\u00ea ou merengue ou <em>chiboust<\/em> ou <em>frangipane<\/em> ou diplomata ou qualquer outro creme emulsionado a frio est\u00e1vel \u00e0 base de gordura.<\/p>\n\n\n\n<div style=\"height:20px\" aria-hidden=\"true\" class=\"wp-block-spacer\"><\/div>\n\n\n<div class=\"wp-block-image\">\n<figure class=\"aligncenter size-full\"><img data-recalc-dims=\"1\" decoding=\"async\" width=\"348\" height=\"348\" src=\"https:\/\/i0.wp.com\/www.rr.senac.br\/portalsenac\/wp-content\/uploads\/2023\/07\/bolo-3.png?resize=348%2C348&#038;ssl=1\" alt=\"\" class=\"wp-image-6148\" srcset=\"https:\/\/i0.wp.com\/www.rr.senac.br\/portalsenac\/wp-content\/uploads\/2023\/07\/bolo-3.png?w=348&amp;ssl=1 348w, https:\/\/i0.wp.com\/www.rr.senac.br\/portalsenac\/wp-content\/uploads\/2023\/07\/bolo-3.png?resize=300%2C300&amp;ssl=1 300w, https:\/\/i0.wp.com\/www.rr.senac.br\/portalsenac\/wp-content\/uploads\/2023\/07\/bolo-3.png?resize=150%2C150&amp;ssl=1 150w\" sizes=\"(max-width: 348px) 100vw, 348px\" \/><\/figure>\n<\/div>\n\n\n<p>Para participar <a href=\"https:\/\/docs.google.com\/forms\/d\/e\/1FAIpQLScl3OhIP5u6gcb0qjjJEAIqZsUszyeGF6lApI_KiKaLRuhphA\/viewform\">os interessados devem se inscrever<\/a> no site da institui\u00e7\u00e3o no per\u00edodo de 24 a 29 de julho, onde ter\u00e3o que anexar certificados na \u00e1rea de alimentos e bebidas, al\u00e9m de um v\u00eddeo de no m\u00e1ximo 60 segundos contando brevemente sobre o seu curr\u00edculo, hist\u00f3ria, conquistas e motiva\u00e7\u00f5es. Ser\u00e3o selecionados oito participantes para a competi\u00e7\u00e3o, que ser\u00e1 dividida em quatro bateria, com dois competidores por vez.<\/p>\n\n\n\n<div style=\"height:20px\" aria-hidden=\"true\" class=\"wp-block-spacer\"><\/div>\n\n\n\n<p>Os ganhadores receber\u00e3o pr\u00eamios em dinheiro de R$ 1.500,00, R$ 1.000,00, e R$ 500, respectivamente aos tr\u00eas primeiros colocados, al\u00e9m de trof\u00e9u e o t\u00edtulo de chef confeiteiro em Roraima. <a href=\"https:\/\/www.rr.senac.br\/portalsenac\/campeonato-de-confeitaria\/\">D\u00favidas e mais informa\u00e7\u00f5es podem ser consultadas diretamente no site e edital<\/a>, al\u00e9m das redes sociais do Senac @senacrr.<\/p>\n\n\n\n<div style=\"height:20px\" aria-hidden=\"true\" class=\"wp-block-spacer\"><\/div>\n\n\n\n<p>Giovanna Lima \u2013 analista t\u00e9cnica<\/p>\n\n\n\n<p>Comunica\u00e7\u00e3o Senac RR<\/p>\n","protected":false},"excerpt":{"rendered":"<p>Pr\u00eamios chegam a R$ 1.500,00 PREPARA O GLAC\u00ca, que o Servi\u00e7o Nacional de Aprendizagem Comercial (Senac-RR) promove no pr\u00f3ximo m\u00eas o primeiro Campeonato de Confeitaria, destinado a profissionais com premia\u00e7\u00f5es de at\u00e9 R$ 1.500. As inscri\u00e7\u00f5es j\u00e1 est\u00e3o abertas, e podem ser realizadas on-line. Esta&hellip; <a class=\"more-link\" href=\"https:\/\/www.rr.senac.br\/portalsenac\/inscricoes-abertas-para-o-campeonato-de-confeitaria-do-senac-roraima\/\">Continuar lendo <span class=\"screen-reader-text\">Inscri\u00e7\u00f5es abertas para o Campeonato de Confeitaria do Senac Roraima<\/span><\/a><\/p>\n","protected":false},"author":2,"featured_media":6162,"comment_status":"closed","ping_status":"closed","sticky":false,"template":"","format":"standard","meta":{"_jetpack_memberships_contains_paid_content":false,"_joinchat":[],"footnotes":""},"categories":[12],"tags":[],"class_list":["post-6161","post","type-post","status-publish","format-standard","has-post-thumbnail","hentry","category-ultimas-noticias","entry"],"jetpack_featured_media_url":"https:\/\/i0.wp.com\/www.rr.senac.br\/portalsenac\/wp-content\/uploads\/2023\/07\/3O5A9210.jpg?fit=680%2C453&ssl=1","jetpack_sharing_enabled":true,"_links":{"self":[{"href":"https:\/\/www.rr.senac.br\/portalsenac\/wp-json\/wp\/v2\/posts\/6161","targetHints":{"allow":["GET"]}}],"collection":[{"href":"https:\/\/www.rr.senac.br\/portalsenac\/wp-json\/wp\/v2\/posts"}],"about":[{"href":"https:\/\/www.rr.senac.br\/portalsenac\/wp-json\/wp\/v2\/types\/post"}],"author":[{"embeddable":true,"href":"https:\/\/www.rr.senac.br\/portalsenac\/wp-json\/wp\/v2\/users\/2"}],"replies":[{"embeddable":true,"href":"https:\/\/www.rr.senac.br\/portalsenac\/wp-json\/wp\/v2\/comments?post=6161"}],"version-history":[{"count":1,"href":"https:\/\/www.rr.senac.br\/portalsenac\/wp-json\/wp\/v2\/posts\/6161\/revisions"}],"predecessor-version":[{"id":6163,"href":"https:\/\/www.rr.senac.br\/portalsenac\/wp-json\/wp\/v2\/posts\/6161\/revisions\/6163"}],"wp:featuredmedia":[{"embeddable":true,"href":"https:\/\/www.rr.senac.br\/portalsenac\/wp-json\/wp\/v2\/media\/6162"}],"wp:attachment":[{"href":"https:\/\/www.rr.senac.br\/portalsenac\/wp-json\/wp\/v2\/media?parent=6161"}],"wp:term":[{"taxonomy":"category","embeddable":true,"href":"https:\/\/www.rr.senac.br\/portalsenac\/wp-json\/wp\/v2\/categories?post=6161"},{"taxonomy":"post_tag","embeddable":true,"href":"https:\/\/www.rr.senac.br\/portalsenac\/wp-json\/wp\/v2\/tags?post=6161"}],"curies":[{"name":"wp","href":"https:\/\/api.w.org\/{rel}","templated":true}]}}