{"id":6171,"date":"2023-08-02T13:12:33","date_gmt":"2023-08-02T16:12:33","guid":{"rendered":"https:\/\/www.rr.senac.br\/portalsenac\/?p=6171"},"modified":"2024-06-25T11:58:03","modified_gmt":"2024-06-25T15:58:03","slug":"senac-inaugura-unidade-normelia-mafra-em-sao-luiz","status":"publish","type":"post","link":"https:\/\/www.rr.senac.br\/portalsenac\/senac-inaugura-unidade-normelia-mafra-em-sao-luiz\/","title":{"rendered":"Senac inaugura unidade Norm\u00e9lia Mafra em S\u00e3o Luiz"},"content":{"rendered":"\n<h5 class=\"wp-block-heading\"><em>Unidade ofertar\u00e1 cursos em diversos n\u00edveis de ensino&nbsp;<\/em><\/h5>\n\n\n\n<div style=\"height:25px\" aria-hidden=\"true\" class=\"wp-block-spacer\"><\/div>\n\n\n\n<figure class=\"wp-block-image size-large\"><img data-recalc-dims=\"1\" fetchpriority=\"high\" decoding=\"async\" width=\"750\" height=\"500\" src=\"https:\/\/i0.wp.com\/www.rr.senac.br\/portalsenac\/wp-content\/uploads\/2023\/08\/3O5A6681.jpg?resize=750%2C500&#038;ssl=1\" alt=\"\" class=\"wp-image-6172\" srcset=\"https:\/\/i0.wp.com\/www.rr.senac.br\/portalsenac\/wp-content\/uploads\/2023\/08\/3O5A6681-scaled.jpg?resize=1024%2C683&amp;ssl=1 1024w, https:\/\/i0.wp.com\/www.rr.senac.br\/portalsenac\/wp-content\/uploads\/2023\/08\/3O5A6681-scaled.jpg?resize=300%2C200&amp;ssl=1 300w, https:\/\/i0.wp.com\/www.rr.senac.br\/portalsenac\/wp-content\/uploads\/2023\/08\/3O5A6681-scaled.jpg?resize=768%2C512&amp;ssl=1 768w, https:\/\/i0.wp.com\/www.rr.senac.br\/portalsenac\/wp-content\/uploads\/2023\/08\/3O5A6681-scaled.jpg?resize=1536%2C1024&amp;ssl=1 1536w, https:\/\/i0.wp.com\/www.rr.senac.br\/portalsenac\/wp-content\/uploads\/2023\/08\/3O5A6681-scaled.jpg?resize=2048%2C1365&amp;ssl=1 2048w, https:\/\/i0.wp.com\/www.rr.senac.br\/portalsenac\/wp-content\/uploads\/2023\/08\/3O5A6681-scaled.jpg?resize=1568%2C1045&amp;ssl=1 1568w, https:\/\/i0.wp.com\/www.rr.senac.br\/portalsenac\/wp-content\/uploads\/2023\/08\/3O5A6681-scaled.jpg?w=2250&amp;ssl=1 2250w\" sizes=\"(max-width: 750px) 100vw, 750px\" \/><figcaption class=\"wp-element-caption\"><em>Foto: Senac RR<\/em><\/figcaption><\/figure>\n\n\n\n<p>O Servi\u00e7o Nacional de Aprendizagem Comercial (Senac-RR) inaugurou na tarde desta ter\u00e7a-feira (01) a nova Unidade Educacional de Campo Norm\u00e9lia Mafra, localizada no munic\u00edpio de S\u00e3o Luiz. O evento contou com a participa\u00e7\u00e3o de autoridades do Sistema Fecom\u00e9rcio e representantes locais. <\/p>\n\n\n\n<div style=\"height:20px\" aria-hidden=\"true\" class=\"wp-block-spacer\"><\/div>\n\n\n\n<figure class=\"wp-block-image size-full\"><img data-recalc-dims=\"1\" decoding=\"async\" width=\"750\" height=\"500\" src=\"https:\/\/i0.wp.com\/www.rr.senac.br\/portalsenac\/wp-content\/uploads\/2024\/06\/Senac-inaugura-unidade-Normelia-Mafra-em-Sao-Luiz04.jpg?resize=750%2C500&#038;ssl=1\" alt=\"\" class=\"wp-image-7428\" srcset=\"https:\/\/i0.wp.com\/www.rr.senac.br\/portalsenac\/wp-content\/uploads\/2024\/06\/Senac-inaugura-unidade-Normelia-Mafra-em-Sao-Luiz04.jpg?w=800&amp;ssl=1 800w, https:\/\/i0.wp.com\/www.rr.senac.br\/portalsenac\/wp-content\/uploads\/2024\/06\/Senac-inaugura-unidade-Normelia-Mafra-em-Sao-Luiz04.jpg?resize=300%2C200&amp;ssl=1 300w, https:\/\/i0.wp.com\/www.rr.senac.br\/portalsenac\/wp-content\/uploads\/2024\/06\/Senac-inaugura-unidade-Normelia-Mafra-em-Sao-Luiz04.jpg?resize=768%2C512&amp;ssl=1 768w\" sizes=\"(max-width: 750px) 100vw, 750px\" \/><figcaption class=\"wp-element-caption\"><em>Foto: Senac RR<\/em><\/figcaption><\/figure>\n\n\n\n<p>A cerim\u00f4nia aconteceu no audit\u00f3rio da institui\u00e7\u00e3o, e contou com a participa\u00e7\u00e3o do presidente do Sistema Fecom\u00e9rcio em Roraima, conselho regional, diretoria, gestores e colaboradores locais, representantes da Secretaria de Educa\u00e7\u00e3o do munic\u00edpio. Al\u00e9m de apresenta\u00e7\u00f5es de casos de sucesso da atua\u00e7\u00e3o do Senac em S\u00e3o Luiz, coordenado por instrutores locais.<\/p>\n\n\n\n<div style=\"height:20px\" aria-hidden=\"true\" class=\"wp-block-spacer\"><\/div>\n\n\n\n<figure class=\"wp-block-image size-large\"><img data-recalc-dims=\"1\" decoding=\"async\" width=\"750\" height=\"500\" src=\"https:\/\/i0.wp.com\/www.rr.senac.br\/portalsenac\/wp-content\/uploads\/2023\/08\/3O5A6697.jpg?resize=750%2C500&#038;ssl=1\" alt=\"\" class=\"wp-image-6176\" srcset=\"https:\/\/i0.wp.com\/www.rr.senac.br\/portalsenac\/wp-content\/uploads\/2023\/08\/3O5A6697-scaled.jpg?resize=1024%2C683&amp;ssl=1 1024w, https:\/\/i0.wp.com\/www.rr.senac.br\/portalsenac\/wp-content\/uploads\/2023\/08\/3O5A6697-scaled.jpg?resize=300%2C200&amp;ssl=1 300w, https:\/\/i0.wp.com\/www.rr.senac.br\/portalsenac\/wp-content\/uploads\/2023\/08\/3O5A6697-scaled.jpg?resize=768%2C512&amp;ssl=1 768w, https:\/\/i0.wp.com\/www.rr.senac.br\/portalsenac\/wp-content\/uploads\/2023\/08\/3O5A6697-scaled.jpg?resize=1536%2C1024&amp;ssl=1 1536w, https:\/\/i0.wp.com\/www.rr.senac.br\/portalsenac\/wp-content\/uploads\/2023\/08\/3O5A6697-scaled.jpg?resize=2048%2C1365&amp;ssl=1 2048w, https:\/\/i0.wp.com\/www.rr.senac.br\/portalsenac\/wp-content\/uploads\/2023\/08\/3O5A6697-scaled.jpg?resize=1568%2C1045&amp;ssl=1 1568w, https:\/\/i0.wp.com\/www.rr.senac.br\/portalsenac\/wp-content\/uploads\/2023\/08\/3O5A6697-scaled.jpg?w=2250&amp;ssl=1 2250w\" sizes=\"(max-width: 750px) 100vw, 750px\" \/><figcaption class=\"wp-element-caption\"><em>Foto: Senac RR<\/em><\/figcaption><\/figure>\n\n\n\n<p>A unidade foi constru\u00edda entre o per\u00edodo de 2021 a 2023 e foi inaugurada com 641,30M\u00b2, com salas de aula, laborat\u00f3rios de inform\u00e1tica, est\u00e9tica, beleza, gastronomia, biblioteca e outros ambientes para ofertar aulas pr\u00e1ticas e te\u00f3ricas com conforto e tecnologia aos alunos. Al\u00e9m da tecnologia nas salas de aula, a institui\u00e7\u00e3o trouxe como inova\u00e7\u00e3o na unidade 357 placas solares de 550W para gera\u00e7\u00e3o de energia fotovoltaica e o reaproveitamento de \u00e1guas pluviais.<\/p>\n\n\n\n<div style=\"height:20px\" aria-hidden=\"true\" class=\"wp-block-spacer\"><\/div>\n\n\n\n<figure class=\"wp-block-image size-full\"><img data-recalc-dims=\"1\" decoding=\"async\" src=\"https:\/\/i0.wp.com\/www.rr.senac.br\/portalsenac\/wp-content\/uploads\/2023\/08\/3O5A6494.jpg?w=750&#038;ssl=1\" alt=\"\" class=\"wp-image-6184\"\/><figcaption class=\"wp-element-caption\"><em>Foto: Senac RR<\/em><\/figcaption><\/figure>\n\n\n\n<p>Ap\u00f3s a inaugura\u00e7\u00e3o, o local ofertar\u00e1 cursos em diferentes n\u00edveis de ensino, e j\u00e1 iniciou turma de cursos t\u00e9cnicos, como t\u00e9cnico em marketing, com pr\u00e1ticas e laborat\u00f3rios equipados com produtos de ponta, e profissionais qualificados. A institui\u00e7\u00e3o disponibiliza cursos de inform\u00e1tica e operador de computador com matr\u00edculas abertas, e inscri\u00e7\u00f5es presenciais, localizada na avenida Boa Vista, Centro da cidade.<\/p>\n\n\n\n<div style=\"height:25px\" aria-hidden=\"true\" class=\"wp-block-spacer\"><\/div>\n\n\n\n<p><strong>A homenageada<\/strong><\/p>\n\n\n\n<figure class=\"wp-block-image size-large\"><img data-recalc-dims=\"1\" loading=\"lazy\" decoding=\"async\" width=\"750\" height=\"500\" src=\"https:\/\/i0.wp.com\/www.rr.senac.br\/portalsenac\/wp-content\/uploads\/2023\/08\/3O5A6593.jpg?resize=750%2C500&#038;ssl=1\" alt=\"\" class=\"wp-image-6173\" srcset=\"https:\/\/i0.wp.com\/www.rr.senac.br\/portalsenac\/wp-content\/uploads\/2023\/08\/3O5A6593-scaled.jpg?resize=1024%2C683&amp;ssl=1 1024w, https:\/\/i0.wp.com\/www.rr.senac.br\/portalsenac\/wp-content\/uploads\/2023\/08\/3O5A6593-scaled.jpg?resize=300%2C200&amp;ssl=1 300w, https:\/\/i0.wp.com\/www.rr.senac.br\/portalsenac\/wp-content\/uploads\/2023\/08\/3O5A6593-scaled.jpg?resize=768%2C512&amp;ssl=1 768w, https:\/\/i0.wp.com\/www.rr.senac.br\/portalsenac\/wp-content\/uploads\/2023\/08\/3O5A6593-scaled.jpg?resize=1536%2C1024&amp;ssl=1 1536w, https:\/\/i0.wp.com\/www.rr.senac.br\/portalsenac\/wp-content\/uploads\/2023\/08\/3O5A6593-scaled.jpg?resize=2048%2C1365&amp;ssl=1 2048w, https:\/\/i0.wp.com\/www.rr.senac.br\/portalsenac\/wp-content\/uploads\/2023\/08\/3O5A6593-scaled.jpg?resize=1568%2C1045&amp;ssl=1 1568w, https:\/\/i0.wp.com\/www.rr.senac.br\/portalsenac\/wp-content\/uploads\/2023\/08\/3O5A6593-scaled.jpg?w=2250&amp;ssl=1 2250w\" sizes=\"(max-width: 750px) 100vw, 750px\" \/><figcaption class=\"wp-element-caption\"><em>Foto: Senac RR<\/em><\/figcaption><\/figure>\n\n\n\n<p>A unidade homenageia Norm\u00e9lia Mafra, licenciada em pedagogia e geografia, possu\u00eda especializa\u00e7\u00e3o em ensino de geografia e mestrado em ci\u00eancia da educa\u00e7\u00e3o, foi colaboradora e coordenadora da antiga unidade instalada no local. Norm\u00e9lia marcou a hist\u00f3ria da institui\u00e7\u00e3o contribuindo com a capacita\u00e7\u00e3o profissional de centenas de jovens e adultos nos munic\u00edpios localizados no sul do estado. O Senac demonstra sua gratid\u00e3o pelo desenvolvimento e excel\u00eancia em todo o servi\u00e7o prestado pela colaboradora.<\/p>\n\n\n\n<div style=\"height:20px\" aria-hidden=\"true\" class=\"wp-block-spacer\"><\/div>\n\n\n\n<p>Giovanna Lima \u2013 analista t\u00e9cnica<\/p>\n\n\n\n<p>Comunica\u00e7\u00e3o Senac RR<\/p>\n","protected":false},"excerpt":{"rendered":"<p>Unidade ofertar\u00e1 cursos em diversos n\u00edveis de ensino&nbsp; O Servi\u00e7o Nacional de Aprendizagem Comercial (Senac-RR) inaugurou na tarde desta ter\u00e7a-feira (01) a nova Unidade Educacional de Campo Norm\u00e9lia Mafra, localizada no munic\u00edpio de S\u00e3o Luiz. O evento contou com a participa\u00e7\u00e3o de autoridades do Sistema&hellip; <a class=\"more-link\" href=\"https:\/\/www.rr.senac.br\/portalsenac\/senac-inaugura-unidade-normelia-mafra-em-sao-luiz\/\">Continuar lendo <span class=\"screen-reader-text\">Senac inaugura unidade Norm\u00e9lia Mafra em S\u00e3o Luiz<\/span><\/a><\/p>\n","protected":false},"author":2,"featured_media":6172,"comment_status":"closed","ping_status":"closed","sticky":false,"template":"","format":"standard","meta":{"_jetpack_memberships_contains_paid_content":false,"_joinchat":[],"footnotes":""},"categories":[12],"tags":[],"class_list":["post-6171","post","type-post","status-publish","format-standard","has-post-thumbnail","hentry","category-ultimas-noticias","entry"],"jetpack_featured_media_url":"https:\/\/i0.wp.com\/www.rr.senac.br\/portalsenac\/wp-content\/uploads\/2023\/08\/3O5A6681-scaled.jpg?fit=2560%2C1707&ssl=1","jetpack_sharing_enabled":true,"_links":{"self":[{"href":"https:\/\/www.rr.senac.br\/portalsenac\/wp-json\/wp\/v2\/posts\/6171","targetHints":{"allow":["GET"]}}],"collection":[{"href":"https:\/\/www.rr.senac.br\/portalsenac\/wp-json\/wp\/v2\/posts"}],"about":[{"href":"https:\/\/www.rr.senac.br\/portalsenac\/wp-json\/wp\/v2\/types\/post"}],"author":[{"embeddable":true,"href":"https:\/\/www.rr.senac.br\/portalsenac\/wp-json\/wp\/v2\/users\/2"}],"replies":[{"embeddable":true,"href":"https:\/\/www.rr.senac.br\/portalsenac\/wp-json\/wp\/v2\/comments?post=6171"}],"version-history":[{"count":6,"href":"https:\/\/www.rr.senac.br\/portalsenac\/wp-json\/wp\/v2\/posts\/6171\/revisions"}],"predecessor-version":[{"id":7429,"href":"https:\/\/www.rr.senac.br\/portalsenac\/wp-json\/wp\/v2\/posts\/6171\/revisions\/7429"}],"wp:featuredmedia":[{"embeddable":true,"href":"https:\/\/www.rr.senac.br\/portalsenac\/wp-json\/wp\/v2\/media\/6172"}],"wp:attachment":[{"href":"https:\/\/www.rr.senac.br\/portalsenac\/wp-json\/wp\/v2\/media?parent=6171"}],"wp:term":[{"taxonomy":"category","embeddable":true,"href":"https:\/\/www.rr.senac.br\/portalsenac\/wp-json\/wp\/v2\/categories?post=6171"},{"taxonomy":"post_tag","embeddable":true,"href":"https:\/\/www.rr.senac.br\/portalsenac\/wp-json\/wp\/v2\/tags?post=6171"}],"curies":[{"name":"wp","href":"https:\/\/api.w.org\/{rel}","templated":true}]}}