{"id":6197,"date":"2023-08-08T10:04:00","date_gmt":"2023-08-08T13:04:00","guid":{"rendered":"https:\/\/www.rr.senac.br\/portalsenac\/?p=6197"},"modified":"2023-08-08T10:07:51","modified_gmt":"2023-08-08T13:07:51","slug":"festival-gastronomico-do-senac-roraima-acontece-nesta-sexta-feira","status":"publish","type":"post","link":"https:\/\/www.rr.senac.br\/portalsenac\/festival-gastronomico-do-senac-roraima-acontece-nesta-sexta-feira\/","title":{"rendered":"Festival gastron\u00f4mico do Senac Roraima acontece nesta sexta-feira"},"content":{"rendered":"\n<div style=\"height:10px\" aria-hidden=\"true\" class=\"wp-block-spacer\"><\/div>\n\n\n\n<h5 class=\"wp-block-heading\"><em>Evento \u00e9 aberto ao p\u00fablico com certifica\u00e7\u00e3o e sabores regionais<\/em><\/h5>\n\n\n\n<div style=\"height:25px\" aria-hidden=\"true\" class=\"wp-block-spacer\"><\/div>\n\n\n\n<figure class=\"wp-block-image size-full\"><img data-recalc-dims=\"1\" fetchpriority=\"high\" decoding=\"async\" width=\"680\" height=\"453\" src=\"https:\/\/i0.wp.com\/www.rr.senac.br\/portalsenac\/wp-content\/uploads\/2023\/08\/Festival-gastronomico-Senac-RR-1.jpg?resize=680%2C453&#038;ssl=1\" alt=\"\" class=\"wp-image-6198\" srcset=\"https:\/\/i0.wp.com\/www.rr.senac.br\/portalsenac\/wp-content\/uploads\/2023\/08\/Festival-gastronomico-Senac-RR-1.jpg?w=680&amp;ssl=1 680w, https:\/\/i0.wp.com\/www.rr.senac.br\/portalsenac\/wp-content\/uploads\/2023\/08\/Festival-gastronomico-Senac-RR-1.jpg?resize=300%2C200&amp;ssl=1 300w\" sizes=\"(max-width: 680px) 100vw, 680px\" \/><\/figure>\n\n\n\n<p>O Servi\u00e7o Nacional de Aprendizagem Comercial (Senac-RR) promove o Festival Sabores do Norte \u2013 edi\u00e7\u00e3o confeitaria, na pr\u00f3xima sexta-feira (11), com programa\u00e7\u00e3o voltada \u00e0 gastronomia local, em aulas-show e um campeonato para confeitagem de bolos de anivers\u00e1rio. O evento acontece na sede administrativa Sesc\/Senac, localizada na Rua Ara\u00fajo Filho, N\u00ba 947, Centro.<\/p>\n\n\n\n<div style=\"height:20px\" aria-hidden=\"true\" class=\"wp-block-spacer\"><\/div>\n\n\n\n<p>O Festival promove tr\u00eas aulas-show com chefs locais utilizando dos sabores marcantes da regi\u00e3o, como o a\u00e7a\u00ed, castanha e cupua\u00e7u. A noite promete uma competi\u00e7\u00e3o com confeiteiros profissionais que montar\u00e3o um bolo de anivers\u00e1rio de no m\u00ednimo 30cm confeitado com chantilly ou chantininho ou&nbsp;<em>buttercream<\/em>&nbsp;ou glac\u00ea ou merengue ou&nbsp;<em>chiboust<\/em>&nbsp;ou&nbsp;<em>frangipane<\/em>&nbsp;ou diplomata ou qualquer outro creme emulsionado a frio est\u00e1vel \u00e0 base de gordura.<\/p>\n\n\n\n<div style=\"height:20px\" aria-hidden=\"true\" class=\"wp-block-spacer\"><\/div>\n\n\n\n<p>Ao longo da tarde, a partir das 14h, os participantes poder\u00e3o aprender novas t\u00e9cnicas e diversas novidades do mundo gastron\u00f4mico nas aulas-show: Mini <em>gateaux<\/em> com brigadeiro gourmet de buriti; Torta Amaz\u00f4nica: p\u00e3o de l\u00f3 com cupua\u00e7u, crocante de castanha de caju e coco queimado; e Mousse de ab\u00f3bora com calda de a\u00e7a\u00ed e pralin\u00e9 de castanhas. Para participar das duas programa\u00e7\u00f5es os interessados devem comparecer ao local com 01kg de alimento n\u00e3o perec\u00edvel, e assim ter\u00e3o acesso \u00e0 programa\u00e7\u00e3o completa e ao certificado de participa\u00e7\u00e3o do evento.<\/p>\n\n\n\n<div style=\"height:20px\" aria-hidden=\"true\" class=\"wp-block-spacer\"><\/div>\n\n\n\n<p>Para o evento, a institui\u00e7\u00e3o conta com a parceria de seis empresas: Lojas Perin, Flying Fox Caf\u00e9, Casa dos Frios, T\u00e3o T\u00e3o Filmes, Salgaditos e o Sesc Roraima, com o projeto Mesa Brasil para quem ser\u00e3o doados os alimentos n\u00e3o perec\u00edveis, beneficiando projetos sociais em Roraima. Mais informa\u00e7\u00f5es podem ser consultadas nas redes sociais da institui\u00e7\u00e3o @senacrr<\/p>\n\n\n\n<div style=\"height:20px\" aria-hidden=\"true\" class=\"wp-block-spacer\"><\/div>\n\n\n\n<p><strong>Servi\u00e7o:<\/strong><\/p>\n\n\n\n<p>O qu\u00ea: Festival Gastron\u00f4mico Sabores do Norte \u2013 Edi\u00e7\u00e3o Confeitaria<\/p>\n\n\n\n<p>Quando: Dia 11\/08\/2023 a partir das 14h, com competi\u00e7\u00e3o pr\u00e1tica de confeitaria a partir das 18h<\/p>\n\n\n\n<p>Onde: sede administrativa Sesc\/Senac, localizada na Rua Ara\u00fajo Filho, N\u00ba 947, Centro.<\/p>\n\n\n\n<p>Quem: aberto ao p\u00fablico, com entrada por 01kg de alimento n\u00e3o perec\u00edvel<\/p>\n\n\n\n<div style=\"height:15px\" aria-hidden=\"true\" class=\"wp-block-spacer\"><\/div>\n\n\n\n<p><strong>Programa\u00e7\u00e3o:<\/strong> <\/p>\n\n\n\n<p>14h:30 Abertura do Evento;<\/p>\n\n\n\n<p>Aula show com Chef Yulliana Fernandes &#8211; Tema: Mini gateaux com brigadeiro gourmet de Buriti;<\/p>\n\n\n\n<p>15h:30 &#8211; Aula show com Chef Glyciane Almeida &#8211; Tema: Torta Amaz\u00f4nica: p\u00e3o de l\u00f3 com cupua\u00e7u, crocante de castanha de caju e coco queimado;<\/p>\n\n\n\n<p>16h:30 &#8211; Aula show com Chef Rita Werner &#8211; Tema: Mousse de ab\u00f3bora com calda de a\u00e7a\u00ed e pralin\u00e9 de castanhas;<\/p>\n\n\n\n<p>17h:30 Visita\u00e7\u00e3o aos Stands Parceiros;<\/p>\n\n\n\n<p>18h Apresenta\u00e7\u00e3o Musical;<\/p>\n\n\n\n<p>18h:30 Campeonato de Confeitaria<\/p>\n\n\n\n<p>21h:45 Premia\u00e7\u00e3o e Encerramento.<\/p>\n\n\n\n<div style=\"height:20px\" aria-hidden=\"true\" class=\"wp-block-spacer\"><\/div>\n\n\n\n<p>Giovanna Lima \u2013 analista t\u00e9cnica<\/p>\n\n\n\n<p>Comunica\u00e7\u00e3o Senac RR<\/p>\n","protected":false},"excerpt":{"rendered":"<p>Evento \u00e9 aberto ao p\u00fablico com certifica\u00e7\u00e3o e sabores regionais O Servi\u00e7o Nacional de Aprendizagem Comercial (Senac-RR) promove o Festival Sabores do Norte \u2013 edi\u00e7\u00e3o confeitaria, na pr\u00f3xima sexta-feira (11), com programa\u00e7\u00e3o voltada \u00e0 gastronomia local, em aulas-show e um campeonato para confeitagem de bolos&hellip; <a class=\"more-link\" href=\"https:\/\/www.rr.senac.br\/portalsenac\/festival-gastronomico-do-senac-roraima-acontece-nesta-sexta-feira\/\">Continuar lendo <span class=\"screen-reader-text\">Festival gastron\u00f4mico do Senac Roraima acontece nesta sexta-feira<\/span><\/a><\/p>\n","protected":false},"author":2,"featured_media":6198,"comment_status":"closed","ping_status":"closed","sticky":false,"template":"","format":"standard","meta":{"_jetpack_memberships_contains_paid_content":false,"_joinchat":[],"footnotes":""},"categories":[12],"tags":[],"class_list":["post-6197","post","type-post","status-publish","format-standard","has-post-thumbnail","hentry","category-ultimas-noticias","entry"],"jetpack_featured_media_url":"https:\/\/i0.wp.com\/www.rr.senac.br\/portalsenac\/wp-content\/uploads\/2023\/08\/Festival-gastronomico-Senac-RR-1.jpg?fit=680%2C453&ssl=1","jetpack_sharing_enabled":true,"_links":{"self":[{"href":"https:\/\/www.rr.senac.br\/portalsenac\/wp-json\/wp\/v2\/posts\/6197","targetHints":{"allow":["GET"]}}],"collection":[{"href":"https:\/\/www.rr.senac.br\/portalsenac\/wp-json\/wp\/v2\/posts"}],"about":[{"href":"https:\/\/www.rr.senac.br\/portalsenac\/wp-json\/wp\/v2\/types\/post"}],"author":[{"embeddable":true,"href":"https:\/\/www.rr.senac.br\/portalsenac\/wp-json\/wp\/v2\/users\/2"}],"replies":[{"embeddable":true,"href":"https:\/\/www.rr.senac.br\/portalsenac\/wp-json\/wp\/v2\/comments?post=6197"}],"version-history":[{"count":5,"href":"https:\/\/www.rr.senac.br\/portalsenac\/wp-json\/wp\/v2\/posts\/6197\/revisions"}],"predecessor-version":[{"id":6203,"href":"https:\/\/www.rr.senac.br\/portalsenac\/wp-json\/wp\/v2\/posts\/6197\/revisions\/6203"}],"wp:featuredmedia":[{"embeddable":true,"href":"https:\/\/www.rr.senac.br\/portalsenac\/wp-json\/wp\/v2\/media\/6198"}],"wp:attachment":[{"href":"https:\/\/www.rr.senac.br\/portalsenac\/wp-json\/wp\/v2\/media?parent=6197"}],"wp:term":[{"taxonomy":"category","embeddable":true,"href":"https:\/\/www.rr.senac.br\/portalsenac\/wp-json\/wp\/v2\/categories?post=6197"},{"taxonomy":"post_tag","embeddable":true,"href":"https:\/\/www.rr.senac.br\/portalsenac\/wp-json\/wp\/v2\/tags?post=6197"}],"curies":[{"name":"wp","href":"https:\/\/api.w.org\/{rel}","templated":true}]}}