{"id":6213,"date":"2023-08-14T18:54:44","date_gmt":"2023-08-14T21:54:44","guid":{"rendered":"https:\/\/www.rr.senac.br\/portalsenac\/?p=6213"},"modified":"2023-08-14T18:54:44","modified_gmt":"2023-08-14T21:54:44","slug":"senac-realiza-campeonato-de-confeitaria-em-roraima","status":"publish","type":"post","link":"https:\/\/www.rr.senac.br\/portalsenac\/senac-realiza-campeonato-de-confeitaria-em-roraima\/","title":{"rendered":"Senac realiza campeonato de confeitaria em Roraima"},"content":{"rendered":"\n<h5 class=\"wp-block-heading\"><em>&#8216;Sabores do Norte&#8217; apresentou ingredientes locais<\/em><\/h5>\n\n\n\n<div style=\"height:20px\" aria-hidden=\"true\" class=\"wp-block-spacer\"><\/div>\n\n\n\n<figure class=\"wp-block-image size-full\"><img data-recalc-dims=\"1\" fetchpriority=\"high\" decoding=\"async\" width=\"680\" height=\"453\" src=\"https:\/\/i0.wp.com\/www.rr.senac.br\/portalsenac\/wp-content\/uploads\/2023\/08\/3O5A8035.jpg?resize=680%2C453&#038;ssl=1\" alt=\"\" class=\"wp-image-6214\" srcset=\"https:\/\/i0.wp.com\/www.rr.senac.br\/portalsenac\/wp-content\/uploads\/2023\/08\/3O5A8035.jpg?w=680&amp;ssl=1 680w, https:\/\/i0.wp.com\/www.rr.senac.br\/portalsenac\/wp-content\/uploads\/2023\/08\/3O5A8035.jpg?resize=300%2C200&amp;ssl=1 300w\" sizes=\"(max-width: 680px) 100vw, 680px\" \/><\/figure>\n\n\n\n<p>O Servi\u00e7o Nacional de Aprendizagem Comercial (Senac-RR) promoveu na \u00faltima sexta-feira (11), o Festival Gastron\u00f4mico Sabores do Norte \u2013 Edi\u00e7\u00e3o Confeitaria. O evento recebeu cerca de 200 participantes, e mais de 315kg de alimentos n\u00e3o perec\u00edveis como entrada social para colaborar com o projeto Sesc Mesa Brasil, com intuito de garantir a seguran\u00e7a alimentar e nutricional de pessoas em situa\u00e7\u00e3o de vulnerabilidade social.<\/p>\n\n\n\n<div style=\"height:20px\" aria-hidden=\"true\" class=\"wp-block-spacer\"><\/div>\n\n\n\n<p>Ao longo da tarde as instrutoras da institui\u00e7\u00e3o apresentaram diferentes receitas de quitutes utilizando de ingredientes regionais, como cupua\u00e7u, caju e o a\u00e7a\u00ed. A plateia p\u00f4de tirar d\u00favidas e experimentar todas as sobremesas apresentadas. Para quem desejar reassistir o passo a passo, <a href=\"https:\/\/www.youtube.com\/live\/Oey5xV-IpzY?feature=share&amp;t=1959\">o evento foi transmitido ao vivo no Youtube<\/a>, em parceria com a empresa T\u00e3o T\u00e3o Filmes. Lojas Perin, Casa dos Frios, Flying Fox Caf\u00e9, Sesc e Salgaditos foram as demais empresas parceiras respons\u00e1veis por degusta\u00e7\u00f5es e comercializa\u00e7\u00e3o de produtos com descontos especiais para os participantes do evento.<\/p>\n\n\n\n<div style=\"height:20px\" aria-hidden=\"true\" class=\"wp-block-spacer\"><\/div>\n\n\n\n<figure class=\"wp-block-gallery has-nested-images columns-default is-cropped wp-block-gallery-1 is-layout-flex wp-block-gallery-is-layout-flex\">\n<figure class=\"wp-block-image size-large\"><img data-recalc-dims=\"1\" decoding=\"async\" width=\"680\" height=\"453\" data-id=\"6215\" src=\"https:\/\/i0.wp.com\/www.rr.senac.br\/portalsenac\/wp-content\/uploads\/2023\/08\/3O5A8035-1.jpg?resize=680%2C453&#038;ssl=1\" alt=\"\" class=\"wp-image-6215\" srcset=\"https:\/\/i0.wp.com\/www.rr.senac.br\/portalsenac\/wp-content\/uploads\/2023\/08\/3O5A8035-1.jpg?w=680&amp;ssl=1 680w, https:\/\/i0.wp.com\/www.rr.senac.br\/portalsenac\/wp-content\/uploads\/2023\/08\/3O5A8035-1.jpg?resize=300%2C200&amp;ssl=1 300w\" sizes=\"(max-width: 680px) 100vw, 680px\" \/><figcaption class=\"wp-element-caption\">Foto: Senac RR<\/figcaption><\/figure>\n\n\n\n<figure class=\"wp-block-image size-large\"><img data-recalc-dims=\"1\" decoding=\"async\" width=\"680\" height=\"453\" data-id=\"6216\" src=\"https:\/\/i0.wp.com\/www.rr.senac.br\/portalsenac\/wp-content\/uploads\/2023\/08\/3O5A7828.jpg?resize=680%2C453&#038;ssl=1\" alt=\"\" class=\"wp-image-6216\" srcset=\"https:\/\/i0.wp.com\/www.rr.senac.br\/portalsenac\/wp-content\/uploads\/2023\/08\/3O5A7828.jpg?w=680&amp;ssl=1 680w, https:\/\/i0.wp.com\/www.rr.senac.br\/portalsenac\/wp-content\/uploads\/2023\/08\/3O5A7828.jpg?resize=300%2C200&amp;ssl=1 300w\" sizes=\"(max-width: 680px) 100vw, 680px\" \/><figcaption class=\"wp-element-caption\">Foto: Senac RR<\/figcaption><\/figure>\n\n\n\n<figure class=\"wp-block-image size-large\"><img data-recalc-dims=\"1\" loading=\"lazy\" decoding=\"async\" width=\"680\" height=\"453\" data-id=\"6217\" src=\"https:\/\/i0.wp.com\/www.rr.senac.br\/portalsenac\/wp-content\/uploads\/2023\/08\/3O5A7672.jpg?resize=680%2C453&#038;ssl=1\" alt=\"\" class=\"wp-image-6217\" srcset=\"https:\/\/i0.wp.com\/www.rr.senac.br\/portalsenac\/wp-content\/uploads\/2023\/08\/3O5A7672.jpg?w=680&amp;ssl=1 680w, https:\/\/i0.wp.com\/www.rr.senac.br\/portalsenac\/wp-content\/uploads\/2023\/08\/3O5A7672.jpg?resize=300%2C200&amp;ssl=1 300w\" sizes=\"(max-width: 680px) 100vw, 680px\" \/><figcaption class=\"wp-element-caption\">Foto: Senac RR<\/figcaption><\/figure>\n<\/figure>\n\n\n\n<p>\u00c0 noite aconteceu o momento mais aguardado pelo p\u00fablico: o primeiro campeonato de confeitaria da institui\u00e7\u00e3o, com oito participantes separados por baterias, confeitando um bolo de anivers\u00e1rio com diferentes propostas. O evento foi aberto pela cantora Euterpe que apresentou m\u00fasicas locais e animou o p\u00fablico. Na competi\u00e7\u00e3o em terceiro lugar ficou Wanderson Souza, em segundo Diana Gonzalez e em primeiro, Tatiane de Souza. Os vencedores receberam R$ 500, R$1000, e R$ 1.500, respectivamente, al\u00e9m de trof\u00e9us e brindes dos parceiros. <a href=\"https:\/\/www.youtube.com\/live\/psf5IjC9ZRY?feature=share&amp;t=932\">A competi\u00e7\u00e3o tamb\u00e9m foi transmitida ao vivo pelo YouTube da institui\u00e7\u00e3o<\/a>.<\/p>\n\n\n\n<div style=\"height:20px\" aria-hidden=\"true\" class=\"wp-block-spacer\"><\/div>\n\n\n\n<p>Giovanna Lima \u2013 analista t\u00e9cnica<\/p>\n\n\n\n<p>Comunica\u00e7\u00e3o Senac Roraima<\/p>\n","protected":false},"excerpt":{"rendered":"<p>&#8216;Sabores do Norte&#8217; apresentou ingredientes locais O Servi\u00e7o Nacional de Aprendizagem Comercial (Senac-RR) promoveu na \u00faltima sexta-feira (11), o Festival Gastron\u00f4mico Sabores do Norte \u2013 Edi\u00e7\u00e3o Confeitaria. O evento recebeu cerca de 200 participantes, e mais de 315kg de alimentos n\u00e3o perec\u00edveis como entrada social&hellip; <a class=\"more-link\" href=\"https:\/\/www.rr.senac.br\/portalsenac\/senac-realiza-campeonato-de-confeitaria-em-roraima\/\">Continuar lendo <span class=\"screen-reader-text\">Senac realiza campeonato de confeitaria em Roraima<\/span><\/a><\/p>\n","protected":false},"author":2,"featured_media":6214,"comment_status":"closed","ping_status":"","sticky":false,"template":"","format":"standard","meta":{"_jetpack_memberships_contains_paid_content":false,"_joinchat":[],"footnotes":""},"categories":[12],"tags":[],"class_list":["post-6213","post","type-post","status-publish","format-standard","has-post-thumbnail","hentry","category-ultimas-noticias","entry"],"jetpack_featured_media_url":"https:\/\/i0.wp.com\/www.rr.senac.br\/portalsenac\/wp-content\/uploads\/2023\/08\/3O5A8035.jpg?fit=680%2C453&ssl=1","jetpack_sharing_enabled":true,"_links":{"self":[{"href":"https:\/\/www.rr.senac.br\/portalsenac\/wp-json\/wp\/v2\/posts\/6213","targetHints":{"allow":["GET"]}}],"collection":[{"href":"https:\/\/www.rr.senac.br\/portalsenac\/wp-json\/wp\/v2\/posts"}],"about":[{"href":"https:\/\/www.rr.senac.br\/portalsenac\/wp-json\/wp\/v2\/types\/post"}],"author":[{"embeddable":true,"href":"https:\/\/www.rr.senac.br\/portalsenac\/wp-json\/wp\/v2\/users\/2"}],"replies":[{"embeddable":true,"href":"https:\/\/www.rr.senac.br\/portalsenac\/wp-json\/wp\/v2\/comments?post=6213"}],"version-history":[{"count":1,"href":"https:\/\/www.rr.senac.br\/portalsenac\/wp-json\/wp\/v2\/posts\/6213\/revisions"}],"predecessor-version":[{"id":6218,"href":"https:\/\/www.rr.senac.br\/portalsenac\/wp-json\/wp\/v2\/posts\/6213\/revisions\/6218"}],"wp:featuredmedia":[{"embeddable":true,"href":"https:\/\/www.rr.senac.br\/portalsenac\/wp-json\/wp\/v2\/media\/6214"}],"wp:attachment":[{"href":"https:\/\/www.rr.senac.br\/portalsenac\/wp-json\/wp\/v2\/media?parent=6213"}],"wp:term":[{"taxonomy":"category","embeddable":true,"href":"https:\/\/www.rr.senac.br\/portalsenac\/wp-json\/wp\/v2\/categories?post=6213"},{"taxonomy":"post_tag","embeddable":true,"href":"https:\/\/www.rr.senac.br\/portalsenac\/wp-json\/wp\/v2\/tags?post=6213"}],"curies":[{"name":"wp","href":"https:\/\/api.w.org\/{rel}","templated":true}]}}