{"id":6221,"date":"2023-08-24T09:50:40","date_gmt":"2023-08-24T12:50:40","guid":{"rendered":"https:\/\/www.rr.senac.br\/portalsenac\/?p=6221"},"modified":"2023-08-24T09:50:40","modified_gmt":"2023-08-24T12:50:40","slug":"senac-lanca-60-vagas-em-cursos-gratuitos-em-caracarai","status":"publish","type":"post","link":"https:\/\/www.rr.senac.br\/portalsenac\/senac-lanca-60-vagas-em-cursos-gratuitos-em-caracarai\/","title":{"rendered":"Senac lan\u00e7a 60 vagas em cursos gratuitos em Caracara\u00ed"},"content":{"rendered":"\n<h5 class=\"wp-block-heading\"><em>Projeto est\u00e1 vinculado ao \u2018Senac em A\u00e7\u00e3o\u2019<\/em><\/h5>\n\n\n\n<div style=\"height:25px\" aria-hidden=\"true\" class=\"wp-block-spacer\"><\/div>\n\n\n\n<figure class=\"wp-block-image size-large\"><img data-recalc-dims=\"1\" fetchpriority=\"high\" decoding=\"async\" width=\"750\" height=\"346\" src=\"https:\/\/i0.wp.com\/www.rr.senac.br\/portalsenac\/wp-content\/uploads\/2023\/08\/Senac-Em-Acao.jpeg?resize=750%2C346&#038;ssl=1\" alt=\"\" class=\"wp-image-6223\" srcset=\"https:\/\/i0.wp.com\/www.rr.senac.br\/portalsenac\/wp-content\/uploads\/2023\/08\/Senac-Em-Acao.jpeg?resize=1024%2C472&amp;ssl=1 1024w, https:\/\/i0.wp.com\/www.rr.senac.br\/portalsenac\/wp-content\/uploads\/2023\/08\/Senac-Em-Acao.jpeg?resize=300%2C138&amp;ssl=1 300w, https:\/\/i0.wp.com\/www.rr.senac.br\/portalsenac\/wp-content\/uploads\/2023\/08\/Senac-Em-Acao.jpeg?resize=768%2C354&amp;ssl=1 768w, https:\/\/i0.wp.com\/www.rr.senac.br\/portalsenac\/wp-content\/uploads\/2023\/08\/Senac-Em-Acao.jpeg?w=1280&amp;ssl=1 1280w\" sizes=\"(max-width: 750px) 100vw, 750px\" \/><figcaption class=\"wp-element-caption\"><em>Foto: divulga\u00e7\u00e3o<\/em><\/figcaption><\/figure>\n\n\n\n<p>O Servi\u00e7o Nacional de Aprendizagem Comercial (Senac-RR) lan\u00e7ou edital de cursos gratuitos destinado ao munic\u00edpio de Caracara\u00ed; A oferta \u00e9 uma das propostas do novo programa \u2018Senac em A\u00e7\u00e3o\u2019, e as inscri\u00e7\u00f5es iniciam na pr\u00f3xima semana (28).<\/p>\n\n\n\n<div style=\"height:20px\" aria-hidden=\"true\" class=\"wp-block-spacer\"><\/div>\n\n\n\n<p>Os cursos fazem parte do Programa Senac de Gratuidade (PSG), por meio do Senac em A\u00e7\u00e3o, que tem como objetivo levar a educa\u00e7\u00e3o profissional de forma gratuita aos munic\u00edpios que n\u00e3o possuem unidade f\u00edsica da institui\u00e7\u00e3o, por meio de parcerias com as prefeituras locais. Neste edital est\u00e3o sendo ofertadas 60 vagas para os cursos de assistente de marketing e vendas, e assistente de recursos humanos.<\/p>\n\n\n\n<div style=\"height:20px\" aria-hidden=\"true\" class=\"wp-block-spacer\"><\/div>\n\n\n\n<p>Para participar os candidatos devem conferir no edital a documenta\u00e7\u00e3o e pr\u00e9-requisitos necess\u00e1rios para participa\u00e7\u00e3o nas turmas, como idade m\u00ednima, e renda solicitada. As inscri\u00e7\u00f5es acontecem na pr\u00f3xima segunda-feira (28), a partir das 09h no sagu\u00e3o do pr\u00e9dio da prefeitura de Caracara\u00ed, localizada na Pra\u00e7a do Centro C\u00edvico, no centro da cidade.<\/p>\n\n\n\n<div style=\"height:20px\" aria-hidden=\"true\" class=\"wp-block-spacer\"><\/div>\n\n\n\n<p>Ambas as turmas possuem carga de 160h, com aulas de segunda a sexta-feira. <a href=\"https:\/\/app.rr.senac.br\/send3\/site\/psg\">Mais informa\u00e7\u00f5es podem ser consultadas no edital<\/a>, ou diretamente com a central de atendimento via WhatsApp: 98420-9992.<\/p>\n\n\n\n<div style=\"height:20px\" aria-hidden=\"true\" class=\"wp-block-spacer\"><\/div>\n\n\n\n<p>Giovanna Lima \u2013 analista t\u00e9cnica<\/p>\n\n\n\n<p>Comunica\u00e7\u00e3o Senac RR<\/p>\n","protected":false},"excerpt":{"rendered":"<p>Projeto est\u00e1 vinculado ao \u2018Senac em A\u00e7\u00e3o\u2019 O Servi\u00e7o Nacional de Aprendizagem Comercial (Senac-RR) lan\u00e7ou edital de cursos gratuitos destinado ao munic\u00edpio de Caracara\u00ed; A oferta \u00e9 uma das propostas do novo programa \u2018Senac em A\u00e7\u00e3o\u2019, e as inscri\u00e7\u00f5es iniciam na pr\u00f3xima semana (28). Os&hellip; <a class=\"more-link\" href=\"https:\/\/www.rr.senac.br\/portalsenac\/senac-lanca-60-vagas-em-cursos-gratuitos-em-caracarai\/\">Continuar lendo <span class=\"screen-reader-text\">Senac lan\u00e7a 60 vagas em cursos gratuitos em Caracara\u00ed<\/span><\/a><\/p>\n","protected":false},"author":2,"featured_media":6223,"comment_status":"closed","ping_status":"","sticky":false,"template":"","format":"standard","meta":{"_jetpack_memberships_contains_paid_content":false,"_joinchat":[],"footnotes":""},"categories":[12],"tags":[],"class_list":["post-6221","post","type-post","status-publish","format-standard","has-post-thumbnail","hentry","category-ultimas-noticias","entry"],"jetpack_featured_media_url":"https:\/\/i0.wp.com\/www.rr.senac.br\/portalsenac\/wp-content\/uploads\/2023\/08\/Senac-Em-Acao.jpeg?fit=1280%2C590&ssl=1","jetpack_sharing_enabled":true,"_links":{"self":[{"href":"https:\/\/www.rr.senac.br\/portalsenac\/wp-json\/wp\/v2\/posts\/6221","targetHints":{"allow":["GET"]}}],"collection":[{"href":"https:\/\/www.rr.senac.br\/portalsenac\/wp-json\/wp\/v2\/posts"}],"about":[{"href":"https:\/\/www.rr.senac.br\/portalsenac\/wp-json\/wp\/v2\/types\/post"}],"author":[{"embeddable":true,"href":"https:\/\/www.rr.senac.br\/portalsenac\/wp-json\/wp\/v2\/users\/2"}],"replies":[{"embeddable":true,"href":"https:\/\/www.rr.senac.br\/portalsenac\/wp-json\/wp\/v2\/comments?post=6221"}],"version-history":[{"count":1,"href":"https:\/\/www.rr.senac.br\/portalsenac\/wp-json\/wp\/v2\/posts\/6221\/revisions"}],"predecessor-version":[{"id":6224,"href":"https:\/\/www.rr.senac.br\/portalsenac\/wp-json\/wp\/v2\/posts\/6221\/revisions\/6224"}],"wp:featuredmedia":[{"embeddable":true,"href":"https:\/\/www.rr.senac.br\/portalsenac\/wp-json\/wp\/v2\/media\/6223"}],"wp:attachment":[{"href":"https:\/\/www.rr.senac.br\/portalsenac\/wp-json\/wp\/v2\/media?parent=6221"}],"wp:term":[{"taxonomy":"category","embeddable":true,"href":"https:\/\/www.rr.senac.br\/portalsenac\/wp-json\/wp\/v2\/categories?post=6221"},{"taxonomy":"post_tag","embeddable":true,"href":"https:\/\/www.rr.senac.br\/portalsenac\/wp-json\/wp\/v2\/tags?post=6221"}],"curies":[{"name":"wp","href":"https:\/\/api.w.org\/{rel}","templated":true}]}}