{"id":6228,"date":"2023-08-29T16:31:25","date_gmt":"2023-08-29T19:31:25","guid":{"rendered":"https:\/\/www.rr.senac.br\/portalsenac\/?p=6228"},"modified":"2023-08-29T17:35:12","modified_gmt":"2023-08-29T20:35:12","slug":"senac-apresenta-semana-das-profissoes","status":"publish","type":"post","link":"https:\/\/www.rr.senac.br\/portalsenac\/senac-apresenta-semana-das-profissoes\/","title":{"rendered":"Senac apresenta \u2018Semana das profiss\u00f5es\u2019"},"content":{"rendered":"\n<h5 class=\"wp-block-heading\"><em>Evento \u00e9 destinado aos jovens ingressantes no mercado de trabalho<\/em><\/h5>\n\n\n\n<div style=\"height:25px\" aria-hidden=\"true\" class=\"wp-block-spacer\"><\/div>\n\n\n\n<figure class=\"wp-block-image size-full\"><img data-recalc-dims=\"1\" fetchpriority=\"high\" decoding=\"async\" width=\"680\" height=\"453\" src=\"https:\/\/i0.wp.com\/www.rr.senac.br\/portalsenac\/wp-content\/uploads\/2023\/08\/capa-site-gio.png?resize=680%2C453&#038;ssl=1\" alt=\"\" class=\"wp-image-6236\" srcset=\"https:\/\/i0.wp.com\/www.rr.senac.br\/portalsenac\/wp-content\/uploads\/2023\/08\/capa-site-gio.png?w=680&amp;ssl=1 680w, https:\/\/i0.wp.com\/www.rr.senac.br\/portalsenac\/wp-content\/uploads\/2023\/08\/capa-site-gio.png?resize=300%2C200&amp;ssl=1 300w\" sizes=\"(max-width: 680px) 100vw, 680px\" \/><\/figure>\n\n\n\n<p>O Servi\u00e7o Nacional de Aprendizagem Comercial (Senac-RR) realiza a primeira semana das profiss\u00f5es, com palestras e workshops voltado \u00e0s \u00e1reas de gest\u00e3o, com\u00e9rcio, comunica\u00e7\u00e3o e tecnologia. O evento \u00e9 aberto ao p\u00fablico, e acontece nos dias 05,06 e 08 de setembro com entrada social de um brinquedo.<\/p>\n\n\n\n<div style=\"height:20px\" aria-hidden=\"true\" class=\"wp-block-spacer\"><\/div>\n\n\n\n<p>Aos jovens que est\u00e3o em forma\u00e7\u00e3o profissional ou ainda procuram tirar d\u00favidas sobre o mercado de trabalho, o Senac apresenta este evento com intuito de realizar a aproxima\u00e7\u00e3o entre os ingressantes e os profissionais renomados das \u00e1reas afins. Com bate papo, palestras e apresenta\u00e7\u00f5es os participantes podem tirar todas as d\u00favidas, al\u00e9m da certifica\u00e7\u00e3o de participa\u00e7\u00e3o.<\/p>\n\n\n\n<div style=\"height:20px\" aria-hidden=\"true\" class=\"wp-block-spacer\"><\/div>\n\n\n\n<p>O evento traz palestrantes convidados como a presidente do Conselho Regional de Contabilidade de Roraima CRC\/RR, Itajay Maria Soares, a <em>influencer<\/em> Deborah Gurgel, o gerente de pessoa jur\u00eddica- Sicredi, Lucas Queiroz, dentre outros, que abordar\u00e3o temas distintos e relevantes para o cotidiano dos jovens que est\u00e3o prestes a ingressar no mercado de trabalho.<\/p>\n\n\n\n<div style=\"height:20px\" aria-hidden=\"true\" class=\"wp-block-spacer\"><\/div>\n\n\n\n<p>O ciclo de palestras acontece nos dias 05, 06 e 07 de setembro, o primeiro dia no audit\u00f3rio da unidade Ministro Ernane Galv\u00eaas, no bairro S\u00e3o Francisco; demais dias acontecem na Sede Administrativa Sesc\/Senac, localizada no centro da capital. Para participar os interessados devem apresentar um brinquedo como entrada social, esses que ser\u00e3o doados ao p\u00fablico-alvo por meio do programa \u2018Senac em A\u00e7\u00e3o\u2019. As palestras iniciam a partir das 19h, com previs\u00e3o de encerramento \u00e0s 21h30, nos tr\u00eas dias de evento. Mais informa\u00e7\u00f5es podem ser conferidas <a href=\"https:\/\/www.instagram.com\/senacrr\/\">nas redes sociais da institui\u00e7\u00e3o<\/a>, ou diretamente com a Central de Atendimento, via WhatsApp: 98420-9992.<\/p>\n\n\n\n<div style=\"height:20px\" aria-hidden=\"true\" class=\"wp-block-spacer\"><\/div>\n\n\n\n<figure class=\"wp-block-image size-full\"><img data-recalc-dims=\"1\" decoding=\"async\" width=\"680\" height=\"453\" src=\"https:\/\/i0.wp.com\/www.rr.senac.br\/portalsenac\/wp-content\/uploads\/2023\/08\/semana-das-profissoes.jpg?resize=680%2C453&#038;ssl=1\" alt=\"\" class=\"wp-image-6238\" srcset=\"https:\/\/i0.wp.com\/www.rr.senac.br\/portalsenac\/wp-content\/uploads\/2023\/08\/semana-das-profissoes.jpg?w=680&amp;ssl=1 680w, https:\/\/i0.wp.com\/www.rr.senac.br\/portalsenac\/wp-content\/uploads\/2023\/08\/semana-das-profissoes.jpg?resize=300%2C200&amp;ssl=1 300w\" sizes=\"(max-width: 680px) 100vw, 680px\" \/><figcaption class=\"wp-element-caption\"><em>Foto: divulga\u00e7\u00e3o<\/em><\/figcaption><\/figure>\n\n\n\n<p>Programa\u00e7\u00e3o:<\/p>\n\n\n\n<div style=\"height:10px\" aria-hidden=\"true\" class=\"wp-block-spacer\"><\/div>\n\n\n\n<p><strong>Dia 05\/09\/2023 no audit\u00f3rio da unidade Ministro Ernane Galv\u00eaas \u2013 Bairro S\u00e3o Francisco<\/strong><\/p>\n\n\n\n<p>19h Abertura<\/p>\n\n\n\n<p>19h30 Palestra: Finan\u00e7as e oportunidades no mercado de cr\u00e9dito. Palestrante: Economista Lucas Queiroz \u2013 gerente de pessoa jur\u00eddica- Sicred<\/p>\n\n\n\n<p>20h30 Bate-papo: Como gerar economia para os clientes?<\/p>\n\n\n\n<p>Convidadas: Contadora Itajay Maria Soares &#8211; Presidente do Conselho Regional de Contabilidade de Roraima CRC\/RR;<\/p>\n\n\n\n<p>Contadora Andreia Barros &#8211; gerente do n\u00facleo econ\u00f4mico e financeiro Sesc\/Senac e as instrutoras de gest\u00e3o Senac Viviane Moraes e Jussara Bednazuck;<\/p>\n\n\n\n<p>21h30 Din\u00e2mica e brindes.<\/p>\n\n\n\n<div style=\"height:15px\" aria-hidden=\"true\" class=\"wp-block-spacer\"><\/div>\n\n\n\n<p><strong>Dia 06\/09\/2023 no audit\u00f3rio Tepequ\u00e9m na Sede Administrativa Sesc\/Senac<\/strong><\/p>\n\n\n\n<p>19h Bate-papo: As <em>softs skills<\/em> do profissional de RH.<\/p>\n\n\n\n<p>Convidadas: Katiane Carvalho &#8211; gestora administrativa da empresa Super Giro, e Eruska Mesquita instrutora gest\u00e3o do Senac;<\/p>\n\n\n\n<p>20h bate-papo: A For\u00e7a de trabalho no futuro.<\/p>\n\n\n\n<p>Convidadas: Ediana Silva gerente do departamento pessoal da empresa Lira &amp; CIA Dayane Barbosa analista de RH da empresa Lira &amp; CIA, e as alunas do curso t\u00e9cnico em recursos humanos do Senac, Joana Serra e Tifanny Michelly;<\/p>\n\n\n\n<p>21h I Bate-Papo: Quais melhorias o RH promoveu na sua empresa?<\/p>\n\n\n\n<p>Convidadas: Vivian Roberta gerente de gest\u00e3o de pessoas do Sesc e Senac Roraima; Katia Menezes analista de gest\u00e3o de pessoas do Senac Roraima, Juliana Pe\u00e7anha analista do departamento pessoal do Senac Roraima, e instrutora de gest\u00e3o Senac Adriana Barbosa.<\/p>\n\n\n\n<p>21h40 Din\u00e2mica e brindes.<\/p>\n\n\n\n<div style=\"height:15px\" aria-hidden=\"true\" class=\"wp-block-spacer\"><\/div>\n\n\n\n<p><strong>Dia 08\/09\/2023 no audit\u00f3rio Tepequ\u00e9m na Sede Administrativa do Sesc\/Senac<\/strong><\/p>\n\n\n\n<p>19h Palestra: A uni\u00e3o para o sucesso organizacional &#8211; ESG e lideran\u00e7a sustent\u00e1vel.<\/p>\n\n\n\n<p>Palestrante: Claudio Jos\u00e9 Bertolucci gestor e consultor de neg\u00f3cios;<\/p>\n\n\n\n<p>20h30 Bate-papo: Sem medo de come\u00e7ar do zero.<\/p>\n\n\n\n<p>Convidados: <em>Influencer<\/em> Deborah Gurgel e aluna do curso t\u00e9cnico em marketing do Senac, Leidiane Ribeiro.<\/p>\n\n\n\n<p>22h Encerramento com brindes.<\/p>\n\n\n\n<div style=\"height:20px\" aria-hidden=\"true\" class=\"wp-block-spacer\"><\/div>\n\n\n\n<p><strong>Servi\u00e7o:<\/strong><\/p>\n\n\n\n<p>O qu\u00ea: Semana das Profiss\u00f5es;<\/p>\n\n\n\n<p>P\u00fablico-alvo: p\u00fablico em geral com interesse no mercado de trabalho local;<\/p>\n\n\n\n<p>Quando: 05, 06 e 07 de setembro;<\/p>\n\n\n\n<p>Entrada: Um brinquedo para doa\u00e7\u00e3o;<\/p>\n\n\n\n<p>Onde: Dia 05: Unidade Ministro Ernane Galv\u00eaas \u2013 Av. Major Williams, 2084, S\u00e3o Francisco;<\/p>\n\n\n\n<p>Dias 06 e 08: Sede Administrativa Sesc\/Senac \u2013 Rua Dr. Ara\u00fajo Filhp, 947, Centro.<\/p>\n\n\n\n<div style=\"height:15px\" aria-hidden=\"true\" class=\"wp-block-spacer\"><\/div>\n\n\n\n<p>Giovanna Lima \u2013 analista t\u00e9cnica<\/p>\n\n\n\n<p>Comunica\u00e7\u00e3o Senac RR<\/p>\n\n\n\n<figure class=\"wp-block-gallery has-nested-images columns-default is-cropped wp-block-gallery-1 is-layout-flex wp-block-gallery-is-layout-flex\">\n<figure class=\"wp-block-image size-large\"><img data-recalc-dims=\"1\" decoding=\"async\" width=\"750\" height=\"938\" data-id=\"6266\" src=\"https:\/\/i0.wp.com\/www.rr.senac.br\/portalsenac\/wp-content\/uploads\/2023\/08\/Semana-das-profissoes-01.jpg?resize=750%2C938&#038;ssl=1\" alt=\"\" class=\"wp-image-6266\" srcset=\"https:\/\/i0.wp.com\/www.rr.senac.br\/portalsenac\/wp-content\/uploads\/2023\/08\/Semana-das-profissoes-01.jpg?resize=819%2C1024&amp;ssl=1 819w, https:\/\/i0.wp.com\/www.rr.senac.br\/portalsenac\/wp-content\/uploads\/2023\/08\/Semana-das-profissoes-01.jpg?resize=240%2C300&amp;ssl=1 240w, https:\/\/i0.wp.com\/www.rr.senac.br\/portalsenac\/wp-content\/uploads\/2023\/08\/Semana-das-profissoes-01.jpg?resize=768%2C960&amp;ssl=1 768w, https:\/\/i0.wp.com\/www.rr.senac.br\/portalsenac\/wp-content\/uploads\/2023\/08\/Semana-das-profissoes-01.jpg?w=1080&amp;ssl=1 1080w\" sizes=\"(max-width: 750px) 100vw, 750px\" \/><\/figure>\n\n\n\n<figure class=\"wp-block-image size-large\"><img data-recalc-dims=\"1\" loading=\"lazy\" decoding=\"async\" width=\"750\" height=\"938\" data-id=\"6268\" src=\"https:\/\/i0.wp.com\/www.rr.senac.br\/portalsenac\/wp-content\/uploads\/2023\/08\/Semana-das-profissoes-02.jpg?resize=750%2C938&#038;ssl=1\" alt=\"\" class=\"wp-image-6268\" srcset=\"https:\/\/i0.wp.com\/www.rr.senac.br\/portalsenac\/wp-content\/uploads\/2023\/08\/Semana-das-profissoes-02.jpg?resize=819%2C1024&amp;ssl=1 819w, https:\/\/i0.wp.com\/www.rr.senac.br\/portalsenac\/wp-content\/uploads\/2023\/08\/Semana-das-profissoes-02.jpg?resize=240%2C300&amp;ssl=1 240w, https:\/\/i0.wp.com\/www.rr.senac.br\/portalsenac\/wp-content\/uploads\/2023\/08\/Semana-das-profissoes-02.jpg?resize=768%2C960&amp;ssl=1 768w, https:\/\/i0.wp.com\/www.rr.senac.br\/portalsenac\/wp-content\/uploads\/2023\/08\/Semana-das-profissoes-02.jpg?w=1080&amp;ssl=1 1080w\" sizes=\"(max-width: 750px) 100vw, 750px\" \/><\/figure>\n\n\n\n<figure class=\"wp-block-image size-large\"><img data-recalc-dims=\"1\" loading=\"lazy\" decoding=\"async\" width=\"750\" height=\"938\" data-id=\"6270\" src=\"https:\/\/i0.wp.com\/www.rr.senac.br\/portalsenac\/wp-content\/uploads\/2023\/08\/semana-das-profissoes-03.jpg?resize=750%2C938&#038;ssl=1\" alt=\"\" class=\"wp-image-6270\" srcset=\"https:\/\/i0.wp.com\/www.rr.senac.br\/portalsenac\/wp-content\/uploads\/2023\/08\/semana-das-profissoes-03.jpg?resize=819%2C1024&amp;ssl=1 819w, https:\/\/i0.wp.com\/www.rr.senac.br\/portalsenac\/wp-content\/uploads\/2023\/08\/semana-das-profissoes-03.jpg?resize=240%2C300&amp;ssl=1 240w, https:\/\/i0.wp.com\/www.rr.senac.br\/portalsenac\/wp-content\/uploads\/2023\/08\/semana-das-profissoes-03.jpg?resize=768%2C960&amp;ssl=1 768w, https:\/\/i0.wp.com\/www.rr.senac.br\/portalsenac\/wp-content\/uploads\/2023\/08\/semana-das-profissoes-03.jpg?w=1080&amp;ssl=1 1080w\" sizes=\"(max-width: 750px) 100vw, 750px\" \/><\/figure>\n\n\n\n<figure class=\"wp-block-image size-large\"><img data-recalc-dims=\"1\" loading=\"lazy\" decoding=\"async\" width=\"750\" height=\"938\" data-id=\"6269\" src=\"https:\/\/i0.wp.com\/www.rr.senac.br\/portalsenac\/wp-content\/uploads\/2023\/08\/semana-das-profissoes-04.jpg?resize=750%2C938&#038;ssl=1\" alt=\"\" class=\"wp-image-6269\" srcset=\"https:\/\/i0.wp.com\/www.rr.senac.br\/portalsenac\/wp-content\/uploads\/2023\/08\/semana-das-profissoes-04.jpg?resize=819%2C1024&amp;ssl=1 819w, https:\/\/i0.wp.com\/www.rr.senac.br\/portalsenac\/wp-content\/uploads\/2023\/08\/semana-das-profissoes-04.jpg?resize=240%2C300&amp;ssl=1 240w, https:\/\/i0.wp.com\/www.rr.senac.br\/portalsenac\/wp-content\/uploads\/2023\/08\/semana-das-profissoes-04.jpg?resize=768%2C960&amp;ssl=1 768w, https:\/\/i0.wp.com\/www.rr.senac.br\/portalsenac\/wp-content\/uploads\/2023\/08\/semana-das-profissoes-04.jpg?w=1080&amp;ssl=1 1080w\" sizes=\"(max-width: 750px) 100vw, 750px\" \/><\/figure>\n\n\n\n<figure class=\"wp-block-image size-large\"><img data-recalc-dims=\"1\" loading=\"lazy\" decoding=\"async\" width=\"750\" height=\"938\" data-id=\"6267\" src=\"https:\/\/i0.wp.com\/www.rr.senac.br\/portalsenac\/wp-content\/uploads\/2023\/08\/semana-das-profissoes-05.jpg?resize=750%2C938&#038;ssl=1\" alt=\"\" class=\"wp-image-6267\" srcset=\"https:\/\/i0.wp.com\/www.rr.senac.br\/portalsenac\/wp-content\/uploads\/2023\/08\/semana-das-profissoes-05.jpg?resize=819%2C1024&amp;ssl=1 819w, https:\/\/i0.wp.com\/www.rr.senac.br\/portalsenac\/wp-content\/uploads\/2023\/08\/semana-das-profissoes-05.jpg?resize=240%2C300&amp;ssl=1 240w, https:\/\/i0.wp.com\/www.rr.senac.br\/portalsenac\/wp-content\/uploads\/2023\/08\/semana-das-profissoes-05.jpg?resize=768%2C960&amp;ssl=1 768w, https:\/\/i0.wp.com\/www.rr.senac.br\/portalsenac\/wp-content\/uploads\/2023\/08\/semana-das-profissoes-05.jpg?w=1080&amp;ssl=1 1080w\" sizes=\"(max-width: 750px) 100vw, 750px\" \/><\/figure>\n<\/figure>\n","protected":false},"excerpt":{"rendered":"<p>Evento \u00e9 destinado aos jovens ingressantes no mercado de trabalho O Servi\u00e7o Nacional de Aprendizagem Comercial (Senac-RR) realiza a primeira semana das profiss\u00f5es, com palestras e workshops voltado \u00e0s \u00e1reas de gest\u00e3o, com\u00e9rcio, comunica\u00e7\u00e3o e tecnologia. O evento \u00e9 aberto ao p\u00fablico, e acontece nos&hellip; <a class=\"more-link\" href=\"https:\/\/www.rr.senac.br\/portalsenac\/senac-apresenta-semana-das-profissoes\/\">Continuar lendo <span class=\"screen-reader-text\">Senac apresenta \u2018Semana das profiss\u00f5es\u2019<\/span><\/a><\/p>\n","protected":false},"author":2,"featured_media":6236,"comment_status":"closed","ping_status":"","sticky":false,"template":"","format":"standard","meta":{"_jetpack_memberships_contains_paid_content":false,"_joinchat":[],"footnotes":""},"categories":[12],"tags":[],"class_list":["post-6228","post","type-post","status-publish","format-standard","has-post-thumbnail","hentry","category-ultimas-noticias","entry"],"jetpack_featured_media_url":"https:\/\/i0.wp.com\/www.rr.senac.br\/portalsenac\/wp-content\/uploads\/2023\/08\/capa-site-gio.png?fit=680%2C453&ssl=1","jetpack_sharing_enabled":true,"_links":{"self":[{"href":"https:\/\/www.rr.senac.br\/portalsenac\/wp-json\/wp\/v2\/posts\/6228","targetHints":{"allow":["GET"]}}],"collection":[{"href":"https:\/\/www.rr.senac.br\/portalsenac\/wp-json\/wp\/v2\/posts"}],"about":[{"href":"https:\/\/www.rr.senac.br\/portalsenac\/wp-json\/wp\/v2\/types\/post"}],"author":[{"embeddable":true,"href":"https:\/\/www.rr.senac.br\/portalsenac\/wp-json\/wp\/v2\/users\/2"}],"replies":[{"embeddable":true,"href":"https:\/\/www.rr.senac.br\/portalsenac\/wp-json\/wp\/v2\/comments?post=6228"}],"version-history":[{"count":5,"href":"https:\/\/www.rr.senac.br\/portalsenac\/wp-json\/wp\/v2\/posts\/6228\/revisions"}],"predecessor-version":[{"id":6271,"href":"https:\/\/www.rr.senac.br\/portalsenac\/wp-json\/wp\/v2\/posts\/6228\/revisions\/6271"}],"wp:featuredmedia":[{"embeddable":true,"href":"https:\/\/www.rr.senac.br\/portalsenac\/wp-json\/wp\/v2\/media\/6236"}],"wp:attachment":[{"href":"https:\/\/www.rr.senac.br\/portalsenac\/wp-json\/wp\/v2\/media?parent=6228"}],"wp:term":[{"taxonomy":"category","embeddable":true,"href":"https:\/\/www.rr.senac.br\/portalsenac\/wp-json\/wp\/v2\/categories?post=6228"},{"taxonomy":"post_tag","embeddable":true,"href":"https:\/\/www.rr.senac.br\/portalsenac\/wp-json\/wp\/v2\/tags?post=6228"}],"curies":[{"name":"wp","href":"https:\/\/api.w.org\/{rel}","templated":true}]}}