{"id":6276,"date":"2023-09-05T18:47:50","date_gmt":"2023-09-05T21:47:50","guid":{"rendered":"https:\/\/www.rr.senac.br\/portalsenac\/?p=6276"},"modified":"2023-10-03T15:37:48","modified_gmt":"2023-10-03T18:37:48","slug":"senac-promove-desfile-e-palestras-de-moda-na-proxima-terca","status":"publish","type":"post","link":"https:\/\/www.rr.senac.br\/portalsenac\/senac-promove-desfile-e-palestras-de-moda-na-proxima-terca\/","title":{"rendered":"Senac promove desfile e palestras de moda na pr\u00f3xima ter\u00e7a"},"content":{"rendered":"\n<h5 class=\"wp-block-heading\"><em>Evento tem entrada social e concede certifica\u00e7\u00e3o aos participantes<\/em><\/h5>\n\n\n\n<div style=\"height:25px\" aria-hidden=\"true\" class=\"wp-block-spacer\"><\/div>\n\n\n\n<figure class=\"wp-block-image size-full\"><img data-recalc-dims=\"1\" fetchpriority=\"high\" decoding=\"async\" width=\"680\" height=\"453\" src=\"https:\/\/i0.wp.com\/www.rr.senac.br\/portalsenac\/wp-content\/uploads\/2023\/09\/No-estilo-Senac-1-1.jpg?resize=680%2C453&#038;ssl=1\" alt=\"\" class=\"wp-image-6280\" srcset=\"https:\/\/i0.wp.com\/www.rr.senac.br\/portalsenac\/wp-content\/uploads\/2023\/09\/No-estilo-Senac-1-1.jpg?w=680&amp;ssl=1 680w, https:\/\/i0.wp.com\/www.rr.senac.br\/portalsenac\/wp-content\/uploads\/2023\/09\/No-estilo-Senac-1-1.jpg?resize=300%2C200&amp;ssl=1 300w\" sizes=\"(max-width: 680px) 100vw, 680px\" \/><figcaption class=\"wp-element-caption\"><em>Foto: divulga\u00e7\u00e3o<\/em><\/figcaption><\/figure>\n\n\n\n<p>O Servi\u00e7o Nacional de Aprendizagem Comercial (Senac-RR) realiza a segunda edi\u00e7\u00e3o do \u2018Senac No Estilo\u2019, no pr\u00f3ximo dia 12 como projeto integrador do curso de estilista profissional, e contar\u00e1 com palestras e desfile de novas cole\u00e7\u00f5es. O evento \u00e9 aberto ao p\u00fablico, com entrada social de um brinquedo.<\/p>\n\n\n\n<div style=\"height:20px\" aria-hidden=\"true\" class=\"wp-block-spacer\"><\/div>\n\n\n\n<p>A segunda turma de estilista da institui\u00e7\u00e3o apresenta seis novas cole\u00e7\u00f5es, montadas inteiramente pelos alunos, com temas diversos. Cada aluno fica respons\u00e1vel pela montagem dos projetos e das pe\u00e7as confeccionadas, que agora ser\u00e3o apresentadas no desfile no projeto integrador do curso. O evento acontece na pr\u00f3xima ter\u00e7a-feira (12), a partir das 15h, na sede administrativa Sesc\/Senac, localizada na Rua Dr. Ara\u00fajo Filho, N\u00b0 947, Centro.<\/p>\n\n\n\n<div style=\"height:20px\" aria-hidden=\"true\" class=\"wp-block-spacer\"><\/div>\n\n\n\n<p>A participa\u00e7\u00e3o no evento ser\u00e1 social com a entrada de um brinquedo, e al\u00e9m de assistir as novas cole\u00e7\u00f5es apresentadas, a institui\u00e7\u00e3o oferta tr\u00eas palestras com certificado, com os temas: \u2018Consultora de Imagem e <em>Personal Stylist<\/em>\u2019, \u2018Moda Sustent\u00e1vel e o movimento <em>Second Hand<\/em>, e \u2018Tend\u00eancias de moda para 2024\u2019, ministradas por ex-alunas convidadas e pela instrutora de moda da institui\u00e7\u00e3o.<\/p>\n\n\n\n<div style=\"height:20px\" aria-hidden=\"true\" class=\"wp-block-spacer\"><\/div>\n\n\n\n<figure class=\"wp-block-image size-full\"><img data-recalc-dims=\"1\" decoding=\"async\" width=\"680\" height=\"453\" src=\"https:\/\/i0.wp.com\/www.rr.senac.br\/portalsenac\/wp-content\/uploads\/2023\/09\/No-estilo-Senac-2.jpg?resize=680%2C453&#038;ssl=1\" alt=\"\" class=\"wp-image-6279\" srcset=\"https:\/\/i0.wp.com\/www.rr.senac.br\/portalsenac\/wp-content\/uploads\/2023\/09\/No-estilo-Senac-2.jpg?w=680&amp;ssl=1 680w, https:\/\/i0.wp.com\/www.rr.senac.br\/portalsenac\/wp-content\/uploads\/2023\/09\/No-estilo-Senac-2.jpg?resize=300%2C200&amp;ssl=1 300w\" sizes=\"(max-width: 680px) 100vw, 680px\" \/><figcaption class=\"wp-element-caption\"><em>Foto: divulga\u00e7\u00e3o<\/em><\/figcaption><\/figure>\n\n\n\n<p><strong>Programa\u00e7\u00e3o:<\/strong><\/p>\n\n\n\n<p>15h \u2013 abertura<\/p>\n\n\n\n<p>15h20 &#8211; Palestra moda sustent\u00e1vel: <em>Second Hand<\/em>, com ex-aluna Jord\u00e2nia Cavalcante &#8211; consultora de estilo, <em>personal stylist<\/em> e curadora de brech\u00f3 Eir\u00e1<\/p>\n\n\n\n<p>16h20 &#8211; Palestra Imagem e estilo pessoal, com ex-aluna Sthefanie Vergetti &#8211; consultora de estilo e <em>personal stylist<\/em><\/p>\n\n\n\n<p>17h20 &#8211; Consultoria de Estilo gratuita, com a turma de consultoria de estilo e <em>personal stylist<\/em><\/p>\n\n\n\n<p>18h20 &#8211; Exposi\u00e7\u00e3o do projeto <em>Upcycling<\/em><\/p>\n\n\n\n<p>19h &#8211; Palestra Tend\u00eancias para 2024, com Larissa Leite &#8211; instrutora de moda no Senac-RR<\/p>\n\n\n\n<p>20h &#8211; Desfile de moda<\/p>\n\n\n\n<div style=\"height:20px\" aria-hidden=\"true\" class=\"wp-block-spacer\"><\/div>\n\n\n\n<p><strong>Servi\u00e7o:<\/strong><\/p>\n\n\n\n<p>O qu\u00ea: Desfile de moda e palestras da \u00e1rea<\/p>\n\n\n\n<p>Quando: 12 de setembro<\/p>\n\n\n\n<p>Onde: Sede Administrativa Sesc\/Senac \u2013 Rua Dr. Ara\u00fajo Filho, N\u00b0 947<\/p>\n\n\n\n<p>Entrada: um brinquedo<\/p>\n\n\n\n<p>Idade m\u00ednima: 14 anos<\/p>\n\n\n\n<div style=\"height:20px\" aria-hidden=\"true\" class=\"wp-block-spacer\"><\/div>\n\n\n\n<p><strong>Release das Cole\u00e7\u00f5es<\/strong><\/p>\n\n\n\n<p><strong>Cole\u00e7\u00e3o Flor de Taj\u00e1 \u2013 Fabiana Zimmermann<\/strong><\/p>\n\n\n\n<p>A cole\u00e7\u00e3o Flor de Taj\u00e1 est\u00e1 repleta de irrever\u00eancia e simbolismo folcl\u00f3rico regional que representam a for\u00e7a e a garra do povo roraimense. Com um mix de estampas florais e listrados em tecidos fluidos, a cole\u00e7\u00e3o traz cal\u00e7as e m\u00e1xi coletes que dividem lugar no guarda-roupas com vestidos e mangas exageradas.<\/p>\n\n\n\n<div style=\"height:7px\" aria-hidden=\"true\" class=\"wp-block-spacer\"><\/div>\n\n\n\n<p><strong>Cole\u00e7\u00e3o Pate Blue \u2013 Yohane Dias<\/strong><\/p>\n\n\n\n<p>A cole\u00e7\u00e3o <em>Pate Blue<\/em> foi inspirada no filme Patricinhas de Beverly Hills, e aborda a est\u00e9tica dos anos 90. Comprimentos curtos, silhuetas marcadas e tecidos estruturados, xadrez, la\u00e7os e bot\u00f5es dourados s\u00e3o elementos presentes na cole\u00e7\u00e3o. A paleta de cores \u00e9 azul e preta demonstrando delicadeza e firmeza ao mesmo tempo. <em>Pate Blue<\/em> veste a patricinha dentro de cada mulher.<\/p>\n\n\n\n<div style=\"height:7px\" aria-hidden=\"true\" class=\"wp-block-spacer\"><\/div>\n\n\n\n<p><strong>Cole\u00e7\u00e3o Dangerous Roses \u2013 Melody Kristall<\/strong><\/p>\n\n\n\n<p>Rosas s\u00e3o rom\u00e2nticas e delicadas, mas podem ser perigosas por conta dos espinhos. A cole\u00e7\u00e3o Dangerous Roses foi pensada para mulheres que possuem um estilo mais dram\u00e1tico, rocker e g\u00f3tico. Spikes e correntes, paleta de cores vermelho, preto e prata s\u00e3o os elementos marcantes.<\/p>\n\n\n\n<div style=\"height:7px\" aria-hidden=\"true\" class=\"wp-block-spacer\"><\/div>\n\n\n\n<p><strong>Cole\u00e7\u00e3o Be your Barbie \u2013 Ana Beatriz Tavares<\/strong><\/p>\n\n\n\n<p>Inspirado nas mem\u00f3rias afetivas que a boneca Barbie remete em seus admiradores, a cole\u00e7\u00e3o Be your Barbie se inspira na versatilidade e independ\u00eancia que vemos nos filmes e resgata um pouco da boneca que existe em cada uma de n\u00f3s. A cartela de cores possui v\u00e1rios tons de rosa e toques de preto, que significam feminilidade, romantismo e delicadeza, mas sem deixar de lado a eleg\u00e2ncia, o mist\u00e9rio e o poder.<\/p>\n\n\n\n<div style=\"height:7px\" aria-hidden=\"true\" class=\"wp-block-spacer\"><\/div>\n\n\n\n<p><strong>Cole\u00e7\u00e3o Deserto \u2013 Alana Oliveira<\/strong><\/p>\n\n\n\n<p>A cole\u00e7\u00e3o Deserto faz uma releitura do minimalismo, e o que parece ser simples, se torna uma pe\u00e7a deslumbrante. Os elementos do deserto foram a inspira\u00e7\u00e3o principal para o desenvolvimento da cole\u00e7\u00e3o. Podemos observar nas pe\u00e7as a textura da vegeta\u00e7\u00e3o, as cores das dunas, a fluidez do vento e o brilho do sol. A cole\u00e7\u00e3o remete a resili\u00eancia e beleza do deserto em cada design e traz a mensagem de que a moda transcende fronteiras e celebra a exuber\u00e2ncia encontrada mesmo nos lugares mais remotos.<\/p>\n\n\n\n<div style=\"height:7px\" aria-hidden=\"true\" class=\"wp-block-spacer\"><\/div>\n\n\n\n<p><strong>Cole\u00e7\u00e3o Pr\u00eat \u00e0 porter au marriage \u2013 Ashilla Welly<\/strong><\/p>\n\n\n\n<p>A cole\u00e7\u00e3o \u00e9 inspirada no conceito de casamento \u201canti bride\u201d, a proposta \u00e9 se deixar levar pelas formas e leveza dos tecidos que trazem como tend\u00eancia a modelagem, a silhueta fluida e o trabalho de superf\u00edcie, e que juntos remetem a sensualidade feminina. A paleta de cores \u00e9 s\u00f3bria e prop\u00f5e a fus\u00e3o das cores vermelho, azul, verde, preto e branco. Uma cole\u00e7\u00e3o com tecidos a base de crepe e seda, pensada para mulheres fashionistas e nem t\u00e3o minimalistas.<\/p>\n\n\n\n<p>Giovanna Lima \u2013 analista t\u00e9cnica<\/p>\n\n\n\n<p>Comunica\u00e7\u00e3o Senac RR<\/p>\n","protected":false},"excerpt":{"rendered":"<p>Evento tem entrada social e concede certifica\u00e7\u00e3o aos participantes O Servi\u00e7o Nacional de Aprendizagem Comercial (Senac-RR) realiza a segunda edi\u00e7\u00e3o do \u2018Senac No Estilo\u2019, no pr\u00f3ximo dia 12 como projeto integrador do curso de estilista profissional, e contar\u00e1 com palestras e desfile de novas cole\u00e7\u00f5es.&hellip; <a class=\"more-link\" href=\"https:\/\/www.rr.senac.br\/portalsenac\/senac-promove-desfile-e-palestras-de-moda-na-proxima-terca\/\">Continuar lendo <span class=\"screen-reader-text\">Senac promove desfile e palestras de moda na pr\u00f3xima ter\u00e7a<\/span><\/a><\/p>\n","protected":false},"author":2,"featured_media":6278,"comment_status":"closed","ping_status":"closed","sticky":false,"template":"","format":"standard","meta":{"_jetpack_memberships_contains_paid_content":false,"_joinchat":[],"footnotes":""},"categories":[12],"tags":[],"class_list":["post-6276","post","type-post","status-publish","format-standard","has-post-thumbnail","hentry","category-ultimas-noticias","entry"],"jetpack_featured_media_url":"https:\/\/i0.wp.com\/www.rr.senac.br\/portalsenac\/wp-content\/uploads\/2023\/09\/No-estilo-Senac-1.jpg?fit=680%2C453&ssl=1","jetpack_sharing_enabled":true,"_links":{"self":[{"href":"https:\/\/www.rr.senac.br\/portalsenac\/wp-json\/wp\/v2\/posts\/6276","targetHints":{"allow":["GET"]}}],"collection":[{"href":"https:\/\/www.rr.senac.br\/portalsenac\/wp-json\/wp\/v2\/posts"}],"about":[{"href":"https:\/\/www.rr.senac.br\/portalsenac\/wp-json\/wp\/v2\/types\/post"}],"author":[{"embeddable":true,"href":"https:\/\/www.rr.senac.br\/portalsenac\/wp-json\/wp\/v2\/users\/2"}],"replies":[{"embeddable":true,"href":"https:\/\/www.rr.senac.br\/portalsenac\/wp-json\/wp\/v2\/comments?post=6276"}],"version-history":[{"count":2,"href":"https:\/\/www.rr.senac.br\/portalsenac\/wp-json\/wp\/v2\/posts\/6276\/revisions"}],"predecessor-version":[{"id":6281,"href":"https:\/\/www.rr.senac.br\/portalsenac\/wp-json\/wp\/v2\/posts\/6276\/revisions\/6281"}],"wp:featuredmedia":[{"embeddable":true,"href":"https:\/\/www.rr.senac.br\/portalsenac\/wp-json\/wp\/v2\/media\/6278"}],"wp:attachment":[{"href":"https:\/\/www.rr.senac.br\/portalsenac\/wp-json\/wp\/v2\/media?parent=6276"}],"wp:term":[{"taxonomy":"category","embeddable":true,"href":"https:\/\/www.rr.senac.br\/portalsenac\/wp-json\/wp\/v2\/categories?post=6276"},{"taxonomy":"post_tag","embeddable":true,"href":"https:\/\/www.rr.senac.br\/portalsenac\/wp-json\/wp\/v2\/tags?post=6276"}],"curies":[{"name":"wp","href":"https:\/\/api.w.org\/{rel}","templated":true}]}}