{"id":6283,"date":"2023-09-21T19:13:55","date_gmt":"2023-09-21T22:13:55","guid":{"rendered":"https:\/\/www.rr.senac.br\/portalsenac\/?p=6283"},"modified":"2024-06-25T09:42:14","modified_gmt":"2024-06-25T13:42:14","slug":"no-dia-da-arvore-senac-reforca-compromisso-com-acoes-sustentaveis","status":"publish","type":"post","link":"https:\/\/www.rr.senac.br\/portalsenac\/no-dia-da-arvore-senac-reforca-compromisso-com-acoes-sustentaveis\/","title":{"rendered":"No dia da \u00e1rvore, Senac refor\u00e7a compromisso com a\u00e7\u00f5es sustent\u00e1veis"},"content":{"rendered":"\n<div style=\"height:15px\" aria-hidden=\"true\" class=\"wp-block-spacer\"><\/div>\n\n\n<div class=\"wp-block-image\">\n<figure class=\"aligncenter size-full\"><img data-recalc-dims=\"1\" fetchpriority=\"high\" decoding=\"async\" width=\"680\" height=\"453\" src=\"https:\/\/i0.wp.com\/www.rr.senac.br\/portalsenac\/wp-content\/uploads\/2023\/09\/4.jpg?resize=680%2C453&#038;ssl=1\" alt=\"\" class=\"wp-image-6284\" srcset=\"https:\/\/i0.wp.com\/www.rr.senac.br\/portalsenac\/wp-content\/uploads\/2023\/09\/4.jpg?w=680&amp;ssl=1 680w, https:\/\/i0.wp.com\/www.rr.senac.br\/portalsenac\/wp-content\/uploads\/2023\/09\/4.jpg?resize=300%2C200&amp;ssl=1 300w\" sizes=\"(max-width: 680px) 100vw, 680px\" \/><\/figure>\n<\/div>\n\n\n<div style=\"height:15px\" aria-hidden=\"true\" class=\"wp-block-spacer\"><\/div>\n\n\n\n<p>Neste dia da \u00e1rvore, o Servi\u00e7o Nacional de Aprendizagem Comercial (Senac-RR) refor\u00e7a a import\u00e2ncia da preserva\u00e7\u00e3o e das a\u00e7\u00f5es em prol ao meio ambiente. O programa \u2018Ecos\u2019 Sesc e Senac doou este m\u00eas mais de 320 kg de material recicl\u00e1vel, plantou \u00e1rvores na creche do instituto Fecom\u00e9rcio, distribuiu copos reutiliz\u00e1veis aos colaboradores, dentre outras.<\/p>\n\n\n\n<div style=\"height:15px\" aria-hidden=\"true\" class=\"wp-block-spacer\"><\/div>\n\n\n\n<p>A a\u00e7\u00e3o aconteceu em parceria a associa\u00e7\u00f5es de coletas locais, que passaram por credenciamento de empresas no m\u00eas de julho. Desde ent\u00e3o Sesc e Senac j\u00e1 arrecadaram diversos materiais, como papel, pilhas, garrafas pet e papel\u00e3o que s\u00e3o encaminhadas para reuso, apoiadas por especialistas.<\/p>\n\n\n\n<div style=\"height:15px\" aria-hidden=\"true\" class=\"wp-block-spacer\"><\/div>\n\n\n\n<p>Os materiais foram recolhidos em etapas, e ao total as institui\u00e7\u00f5es receberam 302kg de papel\u00e3o e 20kg de papel, que foram doados \u00e0 associa\u00e7\u00e3o de catadores de materiais recicl\u00e1veis Terra Viva, e agora ser\u00e3o vendidos \u00e0s empresas especializadas no processamento de recicl\u00e1veis para serem reutilizados.<\/p>\n\n\n\n<div style=\"height:15px\" aria-hidden=\"true\" class=\"wp-block-spacer\"><\/div>\n\n\n\n<p>Conforme a assessora interina do Programa Ecos, Vivian Roberta, o projeto tem cunho social, e contribui com a renda de diversos catadores. \u201cO Programa de Sustentabilidade Ecos Sesc\/Senac cumpre o papel de implementar e acompanhar a\u00e7\u00f5es que resultem na otimiza\u00e7\u00e3o de recursos e mitiga\u00e7\u00e3o dos impactos socioambientais, al\u00e9m de promover junto ao corpo funcional uma cultura de trabalho mais sustent\u00e1vel\u201d, explicou a profissional.<\/p>\n\n\n\n<div style=\"height:15px\" aria-hidden=\"true\" class=\"wp-block-spacer\"><\/div>\n\n\n<div class=\"wp-block-image\">\n<figure class=\"aligncenter size-large\"><img data-recalc-dims=\"1\" decoding=\"async\" width=\"750\" height=\"500\" src=\"https:\/\/i0.wp.com\/www.rr.senac.br\/portalsenac\/wp-content\/uploads\/2024\/06\/acoes-sustentaveis3-1.jpg?resize=750%2C500&#038;ssl=1\" alt=\"\" class=\"wp-image-7419\" srcset=\"https:\/\/i0.wp.com\/www.rr.senac.br\/portalsenac\/wp-content\/uploads\/2024\/06\/acoes-sustentaveis3-1.jpg?resize=1024%2C683&amp;ssl=1 1024w, https:\/\/i0.wp.com\/www.rr.senac.br\/portalsenac\/wp-content\/uploads\/2024\/06\/acoes-sustentaveis3-1.jpg?resize=300%2C200&amp;ssl=1 300w, https:\/\/i0.wp.com\/www.rr.senac.br\/portalsenac\/wp-content\/uploads\/2024\/06\/acoes-sustentaveis3-1.jpg?resize=768%2C512&amp;ssl=1 768w, https:\/\/i0.wp.com\/www.rr.senac.br\/portalsenac\/wp-content\/uploads\/2024\/06\/acoes-sustentaveis3-1.jpg?w=1280&amp;ssl=1 1280w\" sizes=\"(max-width: 750px) 100vw, 750px\" \/><\/figure>\n<\/div>\n\n\n<div style=\"height:20px\" aria-hidden=\"true\" class=\"wp-block-spacer\"><\/div>\n\n\n\n<p><strong>Planta\u00e7\u00e3o de \u00e1rvores<\/strong><\/p>\n\n\n\n<p>Em setembro de 2021 os colaboradores do Sesc e Senac plantaram diversas mudas na Creche da Fecom\u00e9rcio, localizada no bairro Oper\u00e1rio. A a\u00e7\u00e3o aconteceu em parceria com as turmas infantis de forma l\u00fadica explicando a import\u00e2ncia da conserva\u00e7\u00e3o e planta\u00e7\u00e3o de novas \u00e1rvores. Um ano depois, os alunos revisitaram o local, e puderam perceber o crescimento das plantas e o resultado do trabalho em equipe executado.<\/p>\n\n\n\n<div style=\"height:20px\" aria-hidden=\"true\" class=\"wp-block-spacer\"><\/div>\n\n\n<div class=\"wp-block-image\">\n<figure class=\"aligncenter size-large is-resized\"><img data-recalc-dims=\"1\" decoding=\"async\" width=\"750\" height=\"563\" src=\"https:\/\/i0.wp.com\/www.rr.senac.br\/portalsenac\/wp-content\/uploads\/2023\/09\/WhatsApp-Image-2023-09-21-at-18.04.16.jpeg?resize=750%2C563&#038;ssl=1\" alt=\"\" class=\"wp-image-6285\" style=\"width:587px;height:440px\" srcset=\"https:\/\/i0.wp.com\/www.rr.senac.br\/portalsenac\/wp-content\/uploads\/2023\/09\/WhatsApp-Image-2023-09-21-at-18.04.16.jpeg?resize=1024%2C768&amp;ssl=1 1024w, https:\/\/i0.wp.com\/www.rr.senac.br\/portalsenac\/wp-content\/uploads\/2023\/09\/WhatsApp-Image-2023-09-21-at-18.04.16.jpeg?resize=300%2C225&amp;ssl=1 300w, https:\/\/i0.wp.com\/www.rr.senac.br\/portalsenac\/wp-content\/uploads\/2023\/09\/WhatsApp-Image-2023-09-21-at-18.04.16.jpeg?resize=768%2C576&amp;ssl=1 768w, https:\/\/i0.wp.com\/www.rr.senac.br\/portalsenac\/wp-content\/uploads\/2023\/09\/WhatsApp-Image-2023-09-21-at-18.04.16.jpeg?resize=1536%2C1152&amp;ssl=1 1536w, https:\/\/i0.wp.com\/www.rr.senac.br\/portalsenac\/wp-content\/uploads\/2023\/09\/WhatsApp-Image-2023-09-21-at-18.04.16.jpeg?resize=1568%2C1176&amp;ssl=1 1568w, https:\/\/i0.wp.com\/www.rr.senac.br\/portalsenac\/wp-content\/uploads\/2023\/09\/WhatsApp-Image-2023-09-21-at-18.04.16.jpeg?w=1600&amp;ssl=1 1600w\" sizes=\"(max-width: 750px) 100vw, 750px\" \/><\/figure>\n<\/div>\n\n\n<p><strong>Capacita\u00e7\u00f5es<\/strong><\/p>\n\n\n\n<p>O Senac promove capacita\u00e7\u00f5es na \u00e1rea de turismo e de papeis reutiliz\u00e1veis com prop\u00f3sito de levar a sensibiliza\u00e7\u00e3o a preserva\u00e7\u00e3o do meio ambiente. Dentre as a\u00e7\u00f5es da \u00e1rea est\u00e3o: oficinas de papel recicl\u00e1vel com alunos e colaboradores, capacita\u00e7\u00f5es de ESC aos colaboradores, distribui\u00e7\u00e3o de mais de 500 copos reutiliz\u00e1veis aos colaboradores, e t\u00edtulos de cursos como \u2018criando roteiros inovadores\u2019.<\/p>\n\n\n\n<div style=\"height:20px\" aria-hidden=\"true\" class=\"wp-block-spacer\"><\/div>\n\n\n\n<p>Conforme a instrutora de turismo e hospitalidade, Ana Paula Schipitoscki, a \u2018natureza em p\u00e9 se faz muito necess\u00e1ria\u2019. \u00c9 imprescind\u00edvel para nossa perman\u00eancia na terra, que pode ser aliada tamb\u00e9m \u00e0s atividades econ\u00f4micas sustent\u00e1veis. O ecoturismo incentiva sua conserva\u00e7\u00e3o e busca a forma\u00e7\u00e3o de uma consci\u00eancia ambientalista por meio da interpreta\u00e7\u00e3o do ambiente, promovendo o bem-estar das popula\u00e7\u00f5es\u201d, finalizou.<\/p>\n\n\n\n<div style=\"height:20px\" aria-hidden=\"true\" class=\"wp-block-spacer\"><\/div>\n\n\n\n<p>Giovanna Lima \u2013 analista t\u00e9cnica <\/p>\n\n\n\n<p>Comunica\u00e7\u00e3o Senac RR<\/p>\n","protected":false},"excerpt":{"rendered":"<p>Neste dia da \u00e1rvore, o Servi\u00e7o Nacional de Aprendizagem Comercial (Senac-RR) refor\u00e7a a import\u00e2ncia da preserva\u00e7\u00e3o e das a\u00e7\u00f5es em prol ao meio ambiente. O programa \u2018Ecos\u2019 Sesc e Senac doou este m\u00eas mais de 320 kg de material recicl\u00e1vel, plantou \u00e1rvores na creche do&hellip; <a class=\"more-link\" href=\"https:\/\/www.rr.senac.br\/portalsenac\/no-dia-da-arvore-senac-reforca-compromisso-com-acoes-sustentaveis\/\">Continuar lendo <span class=\"screen-reader-text\">No dia da \u00e1rvore, Senac refor\u00e7a compromisso com a\u00e7\u00f5es sustent\u00e1veis<\/span><\/a><\/p>\n","protected":false},"author":2,"featured_media":6284,"comment_status":"closed","ping_status":"closed","sticky":false,"template":"","format":"standard","meta":{"_jetpack_memberships_contains_paid_content":false,"_joinchat":[],"footnotes":""},"categories":[12],"tags":[],"class_list":["post-6283","post","type-post","status-publish","format-standard","has-post-thumbnail","hentry","category-ultimas-noticias","entry"],"jetpack_featured_media_url":"https:\/\/i0.wp.com\/www.rr.senac.br\/portalsenac\/wp-content\/uploads\/2023\/09\/4.jpg?fit=680%2C453&ssl=1","jetpack_sharing_enabled":true,"_links":{"self":[{"href":"https:\/\/www.rr.senac.br\/portalsenac\/wp-json\/wp\/v2\/posts\/6283","targetHints":{"allow":["GET"]}}],"collection":[{"href":"https:\/\/www.rr.senac.br\/portalsenac\/wp-json\/wp\/v2\/posts"}],"about":[{"href":"https:\/\/www.rr.senac.br\/portalsenac\/wp-json\/wp\/v2\/types\/post"}],"author":[{"embeddable":true,"href":"https:\/\/www.rr.senac.br\/portalsenac\/wp-json\/wp\/v2\/users\/2"}],"replies":[{"embeddable":true,"href":"https:\/\/www.rr.senac.br\/portalsenac\/wp-json\/wp\/v2\/comments?post=6283"}],"version-history":[{"count":3,"href":"https:\/\/www.rr.senac.br\/portalsenac\/wp-json\/wp\/v2\/posts\/6283\/revisions"}],"predecessor-version":[{"id":7420,"href":"https:\/\/www.rr.senac.br\/portalsenac\/wp-json\/wp\/v2\/posts\/6283\/revisions\/7420"}],"wp:featuredmedia":[{"embeddable":true,"href":"https:\/\/www.rr.senac.br\/portalsenac\/wp-json\/wp\/v2\/media\/6284"}],"wp:attachment":[{"href":"https:\/\/www.rr.senac.br\/portalsenac\/wp-json\/wp\/v2\/media?parent=6283"}],"wp:term":[{"taxonomy":"category","embeddable":true,"href":"https:\/\/www.rr.senac.br\/portalsenac\/wp-json\/wp\/v2\/categories?post=6283"},{"taxonomy":"post_tag","embeddable":true,"href":"https:\/\/www.rr.senac.br\/portalsenac\/wp-json\/wp\/v2\/tags?post=6283"}],"curies":[{"name":"wp","href":"https:\/\/api.w.org\/{rel}","templated":true}]}}