{"id":6290,"date":"2023-09-22T18:48:03","date_gmt":"2023-09-22T21:48:03","guid":{"rendered":"https:\/\/www.rr.senac.br\/portalsenac\/?p=6290"},"modified":"2023-09-22T18:50:39","modified_gmt":"2023-09-22T21:50:39","slug":"senac-lanca-edital-de-cursos-gratuitos-com-mais-de-380-vagas","status":"publish","type":"post","link":"https:\/\/www.rr.senac.br\/portalsenac\/senac-lanca-edital-de-cursos-gratuitos-com-mais-de-380-vagas\/","title":{"rendered":"Senac lan\u00e7a edital de cursos gratuitos com mais de 380 vagas"},"content":{"rendered":"\n<h5 class=\"wp-block-heading\"><em>T\u00edtulos est\u00e3o dispon\u00edveis aos munic\u00edpios de Boa Vista e Mucaja\u00ed<\/em><\/h5>\n\n\n\n<figure class=\"wp-block-image size-full\"><img data-recalc-dims=\"1\" fetchpriority=\"high\" decoding=\"async\" width=\"680\" height=\"453\" src=\"https:\/\/i0.wp.com\/www.rr.senac.br\/portalsenac\/wp-content\/uploads\/2023\/09\/PSG-SENACRR-2.jpg?resize=680%2C453&#038;ssl=1\" alt=\"\" class=\"wp-image-6291\" srcset=\"https:\/\/i0.wp.com\/www.rr.senac.br\/portalsenac\/wp-content\/uploads\/2023\/09\/PSG-SENACRR-2.jpg?w=680&amp;ssl=1 680w, https:\/\/i0.wp.com\/www.rr.senac.br\/portalsenac\/wp-content\/uploads\/2023\/09\/PSG-SENACRR-2.jpg?resize=300%2C200&amp;ssl=1 300w\" sizes=\"(max-width: 680px) 100vw, 680px\" \/><\/figure>\n\n\n\n<div style=\"height:20px\" aria-hidden=\"true\" class=\"wp-block-spacer\"><\/div>\n\n\n\n<p>O Servi\u00e7o Nacional de Aprendizagem Comercial (Senac-RR) lan\u00e7ou dois editais do Programa Senac de Gratuidade (PSG) com mais de 380 vagas em cursos gratuitos destinados aos munic\u00edpios de Boa Vista e Mucaja\u00ed. Inscri\u00e7\u00f5es iniciam a partir do dia 25 de setembro.<\/p>\n\n\n\n<div style=\"height:15px\" aria-hidden=\"true\" class=\"wp-block-spacer\"><\/div>\n\n\n\n<p>Os t\u00edtulos dispon\u00edveis para a capital s\u00e3o das \u00e1reas administrativas, gastronomia, turismo, sa\u00fade e tecnologia da informa\u00e7\u00e3o. Para conferir as informa\u00e7\u00f5es e pr\u00e9-requisitos para cada curso, os interessados devem acessar o edital <a href=\"https:\/\/app.rr.senac.br\/send3\/site\/psg\">dispon\u00edvel no site<\/a>. As inscri\u00e7\u00f5es acontecem em duas etapas: on-line e entrega de documentos presencial.<\/p>\n\n\n\n<div style=\"height:15px\" aria-hidden=\"true\" class=\"wp-block-spacer\"><\/div>\n\n\n\n<p>Em Mucaja\u00ed s\u00e3o ofertadas 120 vagas em cursos da \u00e1rea de gest\u00e3o, com inscri\u00e7\u00f5es presenciais a partir do dia 28 de setembro, de forma presencial no Centro de Ensino Superior Prof\u00aa Terezinha de Jesus Dal Corr\u00eaa (Faculdade de Mucaja\u00ed). As informa\u00e7\u00f5es espec\u00edficas de cada curso est\u00e3o <a href=\"https:\/\/app.rr.senac.br\/send3\/site\/psg\">dispon\u00edveis no edital<\/a>.<\/p>\n\n\n\n<div style=\"height:15px\" aria-hidden=\"true\" class=\"wp-block-spacer\"><\/div>\n\n\n\n<p>Mais informa\u00e7\u00f5es podem ser consultadas diretamente com a Central de Atendimento: 3626-8434 ou via WhatsApp 98420-9992.<\/p>\n\n\n\n<div style=\"height:15px\" aria-hidden=\"true\" class=\"wp-block-spacer\"><\/div>\n\n\n\n<p>Giovanna Lima \u2013 analista t\u00e9cnica<\/p>\n\n\n\n<p>Comunica\u00e7\u00e3o Senac RR<\/p>\n","protected":false},"excerpt":{"rendered":"<p>T\u00edtulos est\u00e3o dispon\u00edveis aos munic\u00edpios de Boa Vista e Mucaja\u00ed O Servi\u00e7o Nacional de Aprendizagem Comercial (Senac-RR) lan\u00e7ou dois editais do Programa Senac de Gratuidade (PSG) com mais de 380 vagas em cursos gratuitos destinados aos munic\u00edpios de Boa Vista e Mucaja\u00ed. Inscri\u00e7\u00f5es iniciam a&hellip; <a class=\"more-link\" href=\"https:\/\/www.rr.senac.br\/portalsenac\/senac-lanca-edital-de-cursos-gratuitos-com-mais-de-380-vagas\/\">Continuar lendo <span class=\"screen-reader-text\">Senac lan\u00e7a edital de cursos gratuitos com mais de 380 vagas<\/span><\/a><\/p>\n","protected":false},"author":2,"featured_media":6291,"comment_status":"closed","ping_status":"closed","sticky":false,"template":"","format":"standard","meta":{"_jetpack_memberships_contains_paid_content":false,"_joinchat":[],"footnotes":""},"categories":[12],"tags":[],"class_list":["post-6290","post","type-post","status-publish","format-standard","has-post-thumbnail","hentry","category-ultimas-noticias","entry"],"jetpack_featured_media_url":"https:\/\/i0.wp.com\/www.rr.senac.br\/portalsenac\/wp-content\/uploads\/2023\/09\/PSG-SENACRR-2.jpg?fit=680%2C453&ssl=1","jetpack_sharing_enabled":true,"_links":{"self":[{"href":"https:\/\/www.rr.senac.br\/portalsenac\/wp-json\/wp\/v2\/posts\/6290","targetHints":{"allow":["GET"]}}],"collection":[{"href":"https:\/\/www.rr.senac.br\/portalsenac\/wp-json\/wp\/v2\/posts"}],"about":[{"href":"https:\/\/www.rr.senac.br\/portalsenac\/wp-json\/wp\/v2\/types\/post"}],"author":[{"embeddable":true,"href":"https:\/\/www.rr.senac.br\/portalsenac\/wp-json\/wp\/v2\/users\/2"}],"replies":[{"embeddable":true,"href":"https:\/\/www.rr.senac.br\/portalsenac\/wp-json\/wp\/v2\/comments?post=6290"}],"version-history":[{"count":1,"href":"https:\/\/www.rr.senac.br\/portalsenac\/wp-json\/wp\/v2\/posts\/6290\/revisions"}],"predecessor-version":[{"id":6292,"href":"https:\/\/www.rr.senac.br\/portalsenac\/wp-json\/wp\/v2\/posts\/6290\/revisions\/6292"}],"wp:featuredmedia":[{"embeddable":true,"href":"https:\/\/www.rr.senac.br\/portalsenac\/wp-json\/wp\/v2\/media\/6291"}],"wp:attachment":[{"href":"https:\/\/www.rr.senac.br\/portalsenac\/wp-json\/wp\/v2\/media?parent=6290"}],"wp:term":[{"taxonomy":"category","embeddable":true,"href":"https:\/\/www.rr.senac.br\/portalsenac\/wp-json\/wp\/v2\/categories?post=6290"},{"taxonomy":"post_tag","embeddable":true,"href":"https:\/\/www.rr.senac.br\/portalsenac\/wp-json\/wp\/v2\/tags?post=6290"}],"curies":[{"name":"wp","href":"https:\/\/api.w.org\/{rel}","templated":true}]}}