{"id":6307,"date":"2023-10-02T18:18:34","date_gmt":"2023-10-02T21:18:34","guid":{"rendered":"https:\/\/www.rr.senac.br\/portalsenac\/?p=6307"},"modified":"2023-10-02T18:24:44","modified_gmt":"2023-10-02T21:24:44","slug":"senac-lanca-150-vagas-de-recrutamento-no-dia-d-oportunidades","status":"publish","type":"post","link":"https:\/\/www.rr.senac.br\/portalsenac\/senac-lanca-150-vagas-de-recrutamento-no-dia-d-oportunidades\/","title":{"rendered":"Senac lan\u00e7a 150 vagas de recrutamento no Dia D Oportunidades"},"content":{"rendered":"\n<h5 class=\"wp-block-heading\"><em>Evento visa encaminhar alunos e egressos ao mercado de trabalho<\/em><\/h5>\n\n\n\n<div style=\"height:25px\" aria-hidden=\"true\" class=\"wp-block-spacer\"><\/div>\n\n\n\n<figure class=\"wp-block-image size-full\"><img data-recalc-dims=\"1\" fetchpriority=\"high\" decoding=\"async\" width=\"680\" height=\"453\" src=\"https:\/\/i0.wp.com\/www.rr.senac.br\/portalsenac\/wp-content\/uploads\/2023\/10\/editadas-4.jpg?resize=680%2C453&#038;ssl=1\" alt=\"\" class=\"wp-image-6308\" srcset=\"https:\/\/i0.wp.com\/www.rr.senac.br\/portalsenac\/wp-content\/uploads\/2023\/10\/editadas-4.jpg?w=680&amp;ssl=1 680w, https:\/\/i0.wp.com\/www.rr.senac.br\/portalsenac\/wp-content\/uploads\/2023\/10\/editadas-4.jpg?resize=300%2C200&amp;ssl=1 300w\" sizes=\"(max-width: 680px) 100vw, 680px\" \/><figcaption class=\"wp-element-caption\"><em>Foto: Dia D Oportunidades 2022<\/em><\/figcaption><\/figure>\n\n\n\n<p>O Servi\u00e7o Nacional de Aprendizagem Comercial (Senac-RR) anuncia a quarta edi\u00e7\u00e3o do \u2018Dia D Oportunidades\u2019, projeto que visa ofertar vagas no mercado de trabalho aos alunos e egressos do Senac. O evento acontece no pr\u00f3ximo s\u00e1bado (07), a partir das 08h na unidade Ministro Ernane Galv\u00eaas, com mais de 150 vagas de emprego dispon\u00edveis.<\/p>\n\n\n\n<div style=\"height:15px\" aria-hidden=\"true\" class=\"wp-block-spacer\"><\/div>\n\n\n\n<p>Esta \u00e9 a quarta edi\u00e7\u00e3o do evento, e al\u00e9m das vagas de emprego os participantes poder\u00e3o aproveitar de uma programa\u00e7\u00e3o repleta de atividades pr\u00e1ticas, como oficinas, palestras e atendimentos das \u00e1reas de sa\u00fade e beleza. A idade m\u00ednima para participa\u00e7\u00e3o do evento \u00e9 de 16 anos, e da candidatura \u00e0s vagas a partir dos 18 anos.<\/p>\n\n\n\n<div style=\"height:15px\" aria-hidden=\"true\" class=\"wp-block-spacer\"><\/div>\n\n\n\n<p>Conforme a analista t\u00e9cnica, Suelen Santos o evento \u00e9 destinado aos alunos e cumpre com a miss\u00e3o da institui\u00e7\u00e3o, de educar para o trabalho em atividade do com\u00e9rcio de bens, servi\u00e7os e turismo. \u201cEste evento \u00e9 uma oportunidade perfeita para quem busca o primeiro emprego ou quem deseja se recolocar no mercado de trabalho\u201d, explicou.<\/p>\n\n\n\n<div style=\"height:15px\" aria-hidden=\"true\" class=\"wp-block-spacer\"><\/div>\n\n\n\n<p>Para participar das candidaturas os interessados podem se <a href=\"https:\/\/bit.ly\/senac_diad\">inscrever em um formul\u00e1rio indicando quais vagas t\u00eam interesse<\/a>, e preparar a documenta\u00e7\u00e3o para o grande dia. Para quem tiver d\u00favidas nos processos de recrutamento e sele\u00e7\u00e3o \u00e9 poss\u00edvel participar de oficinas de curr\u00edculo, dicas para se destacar na entrevista de emprego, e outros.<\/p>\n\n\n\n<div style=\"height:15px\" aria-hidden=\"true\" class=\"wp-block-spacer\"><\/div>\n\n\n\n<p>O evento tem apoio de diversas empresas locais como: PMZ, Pague Menos, Extra Farma, Bemol, Canto do A\u00e7a\u00ed, Creci-RR, Grupo Baiano, Grupo Behnck, Boutique Gelada, Novo Tempo, Pau Brasil, Rio Negro Distribuidora, Ica Sa\u00fade e Cervejaria Ambev. Para mais informa\u00e7\u00f5es basta entrar em contato com o Banco de Oportunidades via WhatsApp: 98420-5459.<\/p>\n\n\n\n<div style=\"height:15px\" aria-hidden=\"true\" class=\"wp-block-spacer\"><\/div>\n\n\n\n<p>Programa\u00e7\u00e3o<\/p>\n\n\n\n<div style=\"height:20px\" aria-hidden=\"true\" class=\"wp-block-spacer\"><\/div>\n\n\n\n<p>08h10 \u2013 Palestra 4 dicas para se destacar na entrevista de emprego;<\/p>\n\n\n\n<div style=\"height:5px\" aria-hidden=\"true\" class=\"wp-block-spacer\"><\/div>\n\n\n\n<p>08h30 \u2013 Recrutamento e sele\u00e7\u00e3o de empresas;<\/p>\n\n\n\n<div style=\"height:5px\" aria-hidden=\"true\" class=\"wp-block-spacer\"><\/div>\n\n\n\n<p>08h30 \u00e0s 11h30 &#8211; Atendimentos Senac: oficinas de curr\u00edculo; higieniza\u00e7\u00e3o e escova\u00e7\u00e3o de cabelos; consultoria b\u00e1sica de como escolher o tom da base de acordo com seu tom de pele; revitaliza\u00e7\u00e3o facial com <em>peeling<\/em> ultrass\u00f4nico; aplica\u00e7\u00e3o de fl\u00faor; entrega de kits de higiene bucal; aferi\u00e7\u00e3o de sinais vitais; avalia\u00e7\u00e3o e orienta\u00e7\u00e3o nutricional;<\/p>\n\n\n\n<div style=\"height:5px\" aria-hidden=\"true\" class=\"wp-block-spacer\"><\/div>\n\n\n\n<p>08h30 \u2013 Palestra sobre orienta\u00e7\u00e3o de armazenamento de medicamentos;<\/p>\n\n\n\n<div style=\"height:5px\" aria-hidden=\"true\" class=\"wp-block-spacer\"><\/div>\n\n\n\n<p>09h \u2013 Senac EAD: Bate papo sobre as oportunidades do mercado imobili\u00e1rio em Roraima;<\/p>\n\n\n\n<div style=\"height:5px\" aria-hidden=\"true\" class=\"wp-block-spacer\"><\/div>\n\n\n\n<p>09h30 \u2013 Palestra sobre <em>Dress Code<\/em> profissional;<\/p>\n\n\n\n<div style=\"height:5px\" aria-hidden=\"true\" class=\"wp-block-spacer\"><\/div>\n\n\n\n<p>11h \u2013 Oficina de drinks e coquet\u00e9is;<\/p>\n\n\n\n<div style=\"height:5px\" aria-hidden=\"true\" class=\"wp-block-spacer\"><\/div>\n\n\n\n<p>12h \u2013 Encerramento.<\/p>\n\n\n\n<div style=\"height:20px\" aria-hidden=\"true\" class=\"wp-block-spacer\"><\/div>\n\n\n\n<p>Giovanna Lima \u2013 analista t\u00e9cnica<\/p>\n\n\n\n<p>Comunica\u00e7\u00e3o Senac RR<\/p>\n","protected":false},"excerpt":{"rendered":"<p>Evento visa encaminhar alunos e egressos ao mercado de trabalho O Servi\u00e7o Nacional de Aprendizagem Comercial (Senac-RR) anuncia a quarta edi\u00e7\u00e3o do \u2018Dia D Oportunidades\u2019, projeto que visa ofertar vagas no mercado de trabalho aos alunos e egressos do Senac. O evento acontece no pr\u00f3ximo&hellip; <a class=\"more-link\" href=\"https:\/\/www.rr.senac.br\/portalsenac\/senac-lanca-150-vagas-de-recrutamento-no-dia-d-oportunidades\/\">Continuar lendo <span class=\"screen-reader-text\">Senac lan\u00e7a 150 vagas de recrutamento no Dia D Oportunidades<\/span><\/a><\/p>\n","protected":false},"author":2,"featured_media":6308,"comment_status":"closed","ping_status":"closed","sticky":false,"template":"","format":"standard","meta":{"_jetpack_memberships_contains_paid_content":false,"_joinchat":[],"footnotes":""},"categories":[12],"tags":[],"class_list":["post-6307","post","type-post","status-publish","format-standard","has-post-thumbnail","hentry","category-ultimas-noticias","entry"],"jetpack_featured_media_url":"https:\/\/i0.wp.com\/www.rr.senac.br\/portalsenac\/wp-content\/uploads\/2023\/10\/editadas-4.jpg?fit=680%2C453&ssl=1","jetpack_sharing_enabled":true,"_links":{"self":[{"href":"https:\/\/www.rr.senac.br\/portalsenac\/wp-json\/wp\/v2\/posts\/6307","targetHints":{"allow":["GET"]}}],"collection":[{"href":"https:\/\/www.rr.senac.br\/portalsenac\/wp-json\/wp\/v2\/posts"}],"about":[{"href":"https:\/\/www.rr.senac.br\/portalsenac\/wp-json\/wp\/v2\/types\/post"}],"author":[{"embeddable":true,"href":"https:\/\/www.rr.senac.br\/portalsenac\/wp-json\/wp\/v2\/users\/2"}],"replies":[{"embeddable":true,"href":"https:\/\/www.rr.senac.br\/portalsenac\/wp-json\/wp\/v2\/comments?post=6307"}],"version-history":[{"count":2,"href":"https:\/\/www.rr.senac.br\/portalsenac\/wp-json\/wp\/v2\/posts\/6307\/revisions"}],"predecessor-version":[{"id":6311,"href":"https:\/\/www.rr.senac.br\/portalsenac\/wp-json\/wp\/v2\/posts\/6307\/revisions\/6311"}],"wp:featuredmedia":[{"embeddable":true,"href":"https:\/\/www.rr.senac.br\/portalsenac\/wp-json\/wp\/v2\/media\/6308"}],"wp:attachment":[{"href":"https:\/\/www.rr.senac.br\/portalsenac\/wp-json\/wp\/v2\/media?parent=6307"}],"wp:term":[{"taxonomy":"category","embeddable":true,"href":"https:\/\/www.rr.senac.br\/portalsenac\/wp-json\/wp\/v2\/categories?post=6307"},{"taxonomy":"post_tag","embeddable":true,"href":"https:\/\/www.rr.senac.br\/portalsenac\/wp-json\/wp\/v2\/tags?post=6307"}],"curies":[{"name":"wp","href":"https:\/\/api.w.org\/{rel}","templated":true}]}}