{"id":6379,"date":"2023-10-26T12:59:39","date_gmt":"2023-10-26T15:59:39","guid":{"rendered":"https:\/\/www.rr.senac.br\/portalsenac\/?p=6379"},"modified":"2023-10-26T12:59:39","modified_gmt":"2023-10-26T15:59:39","slug":"alunos-do-senac-rr-organizam-mutirao-de-doacao-de-sangue","status":"publish","type":"post","link":"https:\/\/www.rr.senac.br\/portalsenac\/alunos-do-senac-rr-organizam-mutirao-de-doacao-de-sangue\/","title":{"rendered":"Alunos do Senac RR organizam mutir\u00e3o de doa\u00e7\u00e3o de sangue"},"content":{"rendered":"\n<h5 class=\"wp-block-heading\"><em>Projeto faz parte de unidade curricular das aulas<\/em><\/h5>\n\n\n\n<figure class=\"wp-block-image size-full\"><img data-recalc-dims=\"1\" fetchpriority=\"high\" decoding=\"async\" width=\"616\" height=\"422\" src=\"https:\/\/i0.wp.com\/www.rr.senac.br\/portalsenac\/wp-content\/uploads\/2023\/10\/Laboratorio-Juventudes-Senac-RR-2-e1698335883259.jpg?resize=616%2C422&#038;ssl=1\" alt=\"\" class=\"wp-image-6381\" srcset=\"https:\/\/i0.wp.com\/www.rr.senac.br\/portalsenac\/wp-content\/uploads\/2023\/10\/Laboratorio-Juventudes-Senac-RR-2-e1698335883259.jpg?w=616&amp;ssl=1 616w, https:\/\/i0.wp.com\/www.rr.senac.br\/portalsenac\/wp-content\/uploads\/2023\/10\/Laboratorio-Juventudes-Senac-RR-2-e1698335883259.jpg?resize=300%2C206&amp;ssl=1 300w\" sizes=\"(max-width: 616px) 100vw, 616px\" \/><\/figure>\n\n\n\n<div style=\"height:20px\" aria-hidden=\"true\" class=\"wp-block-spacer\"><\/div>\n\n\n\n<p>A HORA DE FAZER UMA BOA A\u00c7\u00c3O CHEGOU! Os alunos do Servi\u00e7o Nacional de Aprendizagem Comercial (Senac-RR) promovem uma a\u00e7\u00e3o de doa\u00e7\u00e3o de sangue no pr\u00f3ximo dia 01 de novembro. O movimento faz parte da grade curricular do programa de aprendizagem comercial.<\/p>\n\n\n\n<div style=\"height:10px\" aria-hidden=\"true\" class=\"wp-block-spacer\"><\/div>\n\n\n\n<p>\u201cMais sangue, mais vida\u201d \u00e9 o t\u00edtulo da campanha que foi desenvolvida pelos alunos do curso de aprendizagem em servi\u00e7os administrativos, juntamente com a instrutora Jana\u00edna Andrade, com intuito de sensibilizar a comunidade sobre a import\u00e2ncia de contribuir com o abastecimento do banco de sangue do Hemocentro em Boa Vista. \u201cO Senac trav\u00e9s da unidade curricular \u2018Laborat\u00f3rio Juventude\u2019 visa atender as necessidades dos estudantes em desenvolver compet\u00eancias e habilidades, com conhecimentos referentes aos valores exigidos para um profissional de \u00eaxito, senso de solidariedade, de valoriza\u00e7\u00e3o \u00e0 vida\u201d, explicou a instrutora Jana\u00edna.<\/p>\n\n\n\n<div style=\"height:10px\" aria-hidden=\"true\" class=\"wp-block-spacer\"><\/div>\n\n\n\n<figure class=\"wp-block-image size-full\"><img data-recalc-dims=\"1\" decoding=\"async\" width=\"680\" height=\"453\" src=\"https:\/\/i0.wp.com\/www.rr.senac.br\/portalsenac\/wp-content\/uploads\/2023\/10\/Laboratorio-Juventudes-Senac-RR-1.jpg?resize=680%2C453&#038;ssl=1\" alt=\"\" class=\"wp-image-6380\" srcset=\"https:\/\/i0.wp.com\/www.rr.senac.br\/portalsenac\/wp-content\/uploads\/2023\/10\/Laboratorio-Juventudes-Senac-RR-1.jpg?w=680&amp;ssl=1 680w, https:\/\/i0.wp.com\/www.rr.senac.br\/portalsenac\/wp-content\/uploads\/2023\/10\/Laboratorio-Juventudes-Senac-RR-1.jpg?resize=300%2C200&amp;ssl=1 300w\" sizes=\"(max-width: 680px) 100vw, 680px\" \/><figcaption class=\"wp-element-caption\"><em>Foto: edi\u00e7\u00e3o anterior do projeto &#8216;Laborat\u00f3rio Juventudes&#8217;<\/em><\/figcaption><\/figure>\n\n\n\n<p>A profissional explicou que dada a vasta busca por doadores no estado, a equipe estudantil sensibilizou-se por meio da responsabilidade social, pois, doar sangue \u00e9 uma forma de contribuir para a sa\u00fade da comunidade. Ela contou que a experi\u00eancia tem sido muito positiva. \u201cA doa\u00e7\u00e3o \u00e9 uma a\u00e7\u00e3o volunt\u00e1ria e altru\u00edsta que pode salvar vidas, espero que neste ato de solidariedade tanto os alunos quanto os doadores possam servir-se de empatia, levando uma experi\u00eancia pessoal significativa e gratificante\u201d, concluiu.<\/p>\n\n\n\n<div style=\"height:10px\" aria-hidden=\"true\" class=\"wp-block-spacer\"><\/div>\n\n\n\n<p>Ao longo da campanha os alunos participar\u00e3o de palestras com profissionais da sa\u00fade, e divulgar\u00e3o \u00e0 popula\u00e7\u00e3o em geral, convidando para a grande data no m\u00eas de novembro. O objetivo \u00e9 reunir ao menos 30 doadores volunt\u00e1rios para a a\u00e7\u00e3o. Para participar da doa\u00e7\u00e3o os doadores precisam ter entre 16 e 69 anos, estar saud\u00e1vel, bem alimentado, apresentar documento oficial com foto e pesar ao menos 50kg. <a href=\"https:\/\/www.instagram.com\/hemoraima\/\">Mais informa\u00e7\u00f5es podem ser consultadas diretamente com o Hemoraima. <\/a>\u00a0<\/p>\n\n\n\n<div style=\"height:10px\" aria-hidden=\"true\" class=\"wp-block-spacer\"><\/div>\n\n\n\n<p>Giovanna Lima \u2013 analista t\u00e9cnica<\/p>\n\n\n\n<p>Comunica\u00e7\u00e3o Senac RR<\/p>\n","protected":false},"excerpt":{"rendered":"<p>Projeto faz parte de unidade curricular das aulas A HORA DE FAZER UMA BOA A\u00c7\u00c3O CHEGOU! Os alunos do Servi\u00e7o Nacional de Aprendizagem Comercial (Senac-RR) promovem uma a\u00e7\u00e3o de doa\u00e7\u00e3o de sangue no pr\u00f3ximo dia 01 de novembro. O movimento faz parte da grade curricular&hellip; <a class=\"more-link\" href=\"https:\/\/www.rr.senac.br\/portalsenac\/alunos-do-senac-rr-organizam-mutirao-de-doacao-de-sangue\/\">Continuar lendo <span class=\"screen-reader-text\">Alunos do Senac RR organizam mutir\u00e3o de doa\u00e7\u00e3o de sangue<\/span><\/a><\/p>\n","protected":false},"author":2,"featured_media":6381,"comment_status":"closed","ping_status":"","sticky":false,"template":"","format":"standard","meta":{"_jetpack_memberships_contains_paid_content":false,"_joinchat":[],"footnotes":""},"categories":[12],"tags":[],"class_list":["post-6379","post","type-post","status-publish","format-standard","has-post-thumbnail","hentry","category-ultimas-noticias","entry"],"jetpack_featured_media_url":"https:\/\/i0.wp.com\/www.rr.senac.br\/portalsenac\/wp-content\/uploads\/2023\/10\/Laboratorio-Juventudes-Senac-RR-2-e1698335883259.jpg?fit=616%2C422&ssl=1","jetpack_sharing_enabled":true,"_links":{"self":[{"href":"https:\/\/www.rr.senac.br\/portalsenac\/wp-json\/wp\/v2\/posts\/6379","targetHints":{"allow":["GET"]}}],"collection":[{"href":"https:\/\/www.rr.senac.br\/portalsenac\/wp-json\/wp\/v2\/posts"}],"about":[{"href":"https:\/\/www.rr.senac.br\/portalsenac\/wp-json\/wp\/v2\/types\/post"}],"author":[{"embeddable":true,"href":"https:\/\/www.rr.senac.br\/portalsenac\/wp-json\/wp\/v2\/users\/2"}],"replies":[{"embeddable":true,"href":"https:\/\/www.rr.senac.br\/portalsenac\/wp-json\/wp\/v2\/comments?post=6379"}],"version-history":[{"count":1,"href":"https:\/\/www.rr.senac.br\/portalsenac\/wp-json\/wp\/v2\/posts\/6379\/revisions"}],"predecessor-version":[{"id":6382,"href":"https:\/\/www.rr.senac.br\/portalsenac\/wp-json\/wp\/v2\/posts\/6379\/revisions\/6382"}],"wp:featuredmedia":[{"embeddable":true,"href":"https:\/\/www.rr.senac.br\/portalsenac\/wp-json\/wp\/v2\/media\/6381"}],"wp:attachment":[{"href":"https:\/\/www.rr.senac.br\/portalsenac\/wp-json\/wp\/v2\/media?parent=6379"}],"wp:term":[{"taxonomy":"category","embeddable":true,"href":"https:\/\/www.rr.senac.br\/portalsenac\/wp-json\/wp\/v2\/categories?post=6379"},{"taxonomy":"post_tag","embeddable":true,"href":"https:\/\/www.rr.senac.br\/portalsenac\/wp-json\/wp\/v2\/tags?post=6379"}],"curies":[{"name":"wp","href":"https:\/\/api.w.org\/{rel}","templated":true}]}}