{"id":6383,"date":"2023-10-31T11:37:14","date_gmt":"2023-10-31T14:37:14","guid":{"rendered":"https:\/\/www.rr.senac.br\/portalsenac\/?p=6383"},"modified":"2023-10-31T11:37:22","modified_gmt":"2023-10-31T14:37:22","slug":"senac-abre-inscricoes-para-o-campeonato-de-bartender","status":"publish","type":"post","link":"https:\/\/www.rr.senac.br\/portalsenac\/senac-abre-inscricoes-para-o-campeonato-de-bartender\/","title":{"rendered":"Senac abre inscri\u00e7\u00f5es para o Campeonato de Bartender"},"content":{"rendered":"\n<p><em>Candidatos devem se inscrever at\u00e9 a pr\u00f3xima sexta (03<\/em>)<\/p>\n\n\n\n<div style=\"height:15px\" aria-hidden=\"true\" class=\"wp-block-spacer\"><\/div>\n\n\n\n<figure class=\"wp-block-image size-full\"><img data-recalc-dims=\"1\" fetchpriority=\"high\" decoding=\"async\" width=\"680\" height=\"453\" src=\"https:\/\/i0.wp.com\/www.rr.senac.br\/portalsenac\/wp-content\/uploads\/2023\/10\/bartender202134.jpg?resize=680%2C453&#038;ssl=1\" alt=\"\" class=\"wp-image-6387\" srcset=\"https:\/\/i0.wp.com\/www.rr.senac.br\/portalsenac\/wp-content\/uploads\/2023\/10\/bartender202134.jpg?w=680&amp;ssl=1 680w, https:\/\/i0.wp.com\/www.rr.senac.br\/portalsenac\/wp-content\/uploads\/2023\/10\/bartender202134.jpg?resize=300%2C200&amp;ssl=1 300w\" sizes=\"(max-width: 680px) 100vw, 680px\" \/><figcaption class=\"wp-element-caption\"><em>Edi\u00e7\u00e3o do ano de 2022<\/em><\/figcaption><\/figure>\n\n\n\n<p>O Servi\u00e7o Nacional de Aprendizagem Comercial (Senac-RR) lan\u00e7ou nesta segunda-feira (30), o formul\u00e1rio de inscri\u00e7\u00e3o para a 11\u00aa edi\u00e7\u00e3o do Campeonato de Bartender<a href=\"https:\/\/docs.google.com\/forms\/d\/e\/1FAIpQLSdJy-klo-iq_RNLc-1VYgn-Yf4iy_Un1aNarv31CBV93ZYKmg\/viewform\">. As inscri\u00e7\u00f5es ser\u00e3o on-line<\/a> e candidatos devem preencher as informa\u00e7\u00f5es at\u00e9 a pr\u00f3xima sexta-feira (03) no site da institui\u00e7\u00e3o.<\/p>\n\n\n\n<div style=\"height:10px\" aria-hidden=\"true\" class=\"wp-block-spacer\"><\/div>\n\n\n\n<p>Esta \u00e9 a 11\u00aa edi\u00e7\u00e3o com tema de \u201ccoquet\u00e9is autorais\u201d destinado a profissionais e amadores, essa direcionada aos alunos do curso em andamento no Senac. J\u00e1 os profissionais devem comprovar cursos na \u00e1rea de alimentos e bebidas, e preencher os pr\u00e9-requisitos indicados no edital. Ao final da sele\u00e7\u00e3o de participantes, ser\u00e3o escolhidos entre dois e 12 competidores, que atuar\u00e3o em duplas de baterias. O evento acontece no pr\u00f3ximo dia 14 de novembro na sede administrativa Sesc\/Senac, localizada na rua Doutor Ara\u00fajo Filho, N\u00ba 947, Centro.<\/p>\n\n\n\n<div style=\"height:10px\" aria-hidden=\"true\" class=\"wp-block-spacer\"><\/div>\n\n\n\n<p>Os resultados da sele\u00e7\u00e3o de competidores ser\u00e3o anunciados no site e nas redes sociais, e para animar o evento, a torcida dos participantes deve marcar presen\u00e7a e conferir de pertinho o desafio. A entrada para o evento ser\u00e1 social com 01kg de alimento n\u00e3o perec\u00edvel, esses que ser\u00e3o doados ao Sesc Mesa Brasil.<\/p>\n\n\n\n<div style=\"height:10px\" aria-hidden=\"true\" class=\"wp-block-spacer\"><\/div>\n\n\n\n<p>Os vencedores levar\u00e3o o trof\u00e9u de melhor bartender do ano em Roraima, al\u00e9m de quantias em dinheiro que variam entre R$ 300,00 e R$ 1.500,00, e os vencedores ser\u00e3o anunciados ao final da competi\u00e7\u00e3o. \u00a0<a href=\"https:\/\/www.rr.senac.br\/portalsenac\/11o-campeonato-de-bartender-do-senac-roraima-categoria-profissional-e-amador-2023\/\">Mais informa\u00e7\u00f5es podem ser consultadas no edital<\/a> ou diretamente nas redes sociais da institui\u00e7\u00e3o @senacrr.<\/p>\n\n\n\n<div style=\"height:10px\" aria-hidden=\"true\" class=\"wp-block-spacer\"><\/div>\n\n\n\n<p>Giovanna Lima \u2013 analista t\u00e9cnica<\/p>\n\n\n\n<p>Comunica\u00e7\u00e3o Senac RR<\/p>\n","protected":false},"excerpt":{"rendered":"<p>Candidatos devem se inscrever at\u00e9 a pr\u00f3xima sexta (03) O Servi\u00e7o Nacional de Aprendizagem Comercial (Senac-RR) lan\u00e7ou nesta segunda-feira (30), o formul\u00e1rio de inscri\u00e7\u00e3o para a 11\u00aa edi\u00e7\u00e3o do Campeonato de Bartender. As inscri\u00e7\u00f5es ser\u00e3o on-line e candidatos devem preencher as informa\u00e7\u00f5es at\u00e9 a pr\u00f3xima&hellip; <a class=\"more-link\" href=\"https:\/\/www.rr.senac.br\/portalsenac\/senac-abre-inscricoes-para-o-campeonato-de-bartender\/\">Continuar lendo <span class=\"screen-reader-text\">Senac abre inscri\u00e7\u00f5es para o Campeonato de Bartender<\/span><\/a><\/p>\n","protected":false},"author":2,"featured_media":6387,"comment_status":"closed","ping_status":"","sticky":false,"template":"","format":"standard","meta":{"_jetpack_memberships_contains_paid_content":false,"_joinchat":[],"footnotes":""},"categories":[12],"tags":[],"class_list":["post-6383","post","type-post","status-publish","format-standard","has-post-thumbnail","hentry","category-ultimas-noticias","entry"],"jetpack_featured_media_url":"https:\/\/i0.wp.com\/www.rr.senac.br\/portalsenac\/wp-content\/uploads\/2023\/10\/bartender202134.jpg?fit=680%2C453&ssl=1","jetpack_sharing_enabled":true,"_links":{"self":[{"href":"https:\/\/www.rr.senac.br\/portalsenac\/wp-json\/wp\/v2\/posts\/6383","targetHints":{"allow":["GET"]}}],"collection":[{"href":"https:\/\/www.rr.senac.br\/portalsenac\/wp-json\/wp\/v2\/posts"}],"about":[{"href":"https:\/\/www.rr.senac.br\/portalsenac\/wp-json\/wp\/v2\/types\/post"}],"author":[{"embeddable":true,"href":"https:\/\/www.rr.senac.br\/portalsenac\/wp-json\/wp\/v2\/users\/2"}],"replies":[{"embeddable":true,"href":"https:\/\/www.rr.senac.br\/portalsenac\/wp-json\/wp\/v2\/comments?post=6383"}],"version-history":[{"count":1,"href":"https:\/\/www.rr.senac.br\/portalsenac\/wp-json\/wp\/v2\/posts\/6383\/revisions"}],"predecessor-version":[{"id":6388,"href":"https:\/\/www.rr.senac.br\/portalsenac\/wp-json\/wp\/v2\/posts\/6383\/revisions\/6388"}],"wp:featuredmedia":[{"embeddable":true,"href":"https:\/\/www.rr.senac.br\/portalsenac\/wp-json\/wp\/v2\/media\/6387"}],"wp:attachment":[{"href":"https:\/\/www.rr.senac.br\/portalsenac\/wp-json\/wp\/v2\/media?parent=6383"}],"wp:term":[{"taxonomy":"category","embeddable":true,"href":"https:\/\/www.rr.senac.br\/portalsenac\/wp-json\/wp\/v2\/categories?post=6383"},{"taxonomy":"post_tag","embeddable":true,"href":"https:\/\/www.rr.senac.br\/portalsenac\/wp-json\/wp\/v2\/tags?post=6383"}],"curies":[{"name":"wp","href":"https:\/\/api.w.org\/{rel}","templated":true}]}}