{"id":6444,"date":"2023-11-30T10:52:24","date_gmt":"2023-11-30T13:52:24","guid":{"rendered":"https:\/\/www.rr.senac.br\/portalsenac\/?p=6444"},"modified":"2023-11-30T10:52:24","modified_gmt":"2023-11-30T13:52:24","slug":"senac-roraima-promove-evento-gratuito-direcionado-a-beleza-e-estetica","status":"publish","type":"post","link":"https:\/\/www.rr.senac.br\/portalsenac\/senac-roraima-promove-evento-gratuito-direcionado-a-beleza-e-estetica\/","title":{"rendered":"Senac Roraima promove evento gratuito direcionado \u00e0 beleza e est\u00e9tica"},"content":{"rendered":"\n<h5 class=\"wp-block-heading\"><em>Evento \u00e9 gratuito e aberto ao p\u00fablico<\/em><\/h5>\n\n\n\n<figure class=\"wp-block-image size-full\"><img data-recalc-dims=\"1\" fetchpriority=\"high\" decoding=\"async\" width=\"680\" height=\"453\" src=\"https:\/\/i0.wp.com\/www.rr.senac.br\/portalsenac\/wp-content\/uploads\/2023\/11\/Estetica-in-Senac-2023-2.jpg?resize=680%2C453&#038;ssl=1\" alt=\"\" class=\"wp-image-6445\" srcset=\"https:\/\/i0.wp.com\/www.rr.senac.br\/portalsenac\/wp-content\/uploads\/2023\/11\/Estetica-in-Senac-2023-2.jpg?w=680&amp;ssl=1 680w, https:\/\/i0.wp.com\/www.rr.senac.br\/portalsenac\/wp-content\/uploads\/2023\/11\/Estetica-in-Senac-2023-2.jpg?resize=300%2C200&amp;ssl=1 300w\" sizes=\"(max-width: 680px) 100vw, 680px\" \/><\/figure>\n\n\n\n<div style=\"height:20px\" aria-hidden=\"true\" class=\"wp-block-spacer\"><\/div>\n\n\n\n<p>O Servi\u00e7o Nacional de Aprendizagem Comercial (Senac-RR) promove nos pr\u00f3ximos dias 06 e 07 de dezembro o evento \u2018Est\u00e9tica <em>in<\/em> Senac \u2013 edi\u00e7\u00e3o Campeonato de Cabeleireiro\u2019, no Roraima Garden Shopping, com palestras e workshops gratuitos e uma competi\u00e7\u00e3o incr\u00edvel de mechas, cores e cortes. O evento acontece das 14h \u00e0s 22h gratuitamente e aberto a popula\u00e7\u00e3o.<\/p>\n\n\n\n<div style=\"height:10px\" aria-hidden=\"true\" class=\"wp-block-spacer\"><\/div>\n\n\n\n<p>Dentre as palestras e workshops das \u00e1reas de beleza e est\u00e9tica est\u00e3o: bioestimuladores de col\u00e1geno na harmoniza\u00e7\u00e3o facial e os mandamentos para recuperar sua pele dos danos do dia a dia, com convidados locais e nacionais. As capacita\u00e7\u00f5es oferecidas ao longo do evento contam com certificado de participa\u00e7\u00e3o pela institui\u00e7\u00e3o, para o p\u00fablico acima de 15 anos.<\/p>\n\n\n\n<div style=\"height:10px\" aria-hidden=\"true\" class=\"wp-block-spacer\"><\/div>\n\n\n\n<p>A institui\u00e7\u00e3o tamb\u00e9m oferta atendimentos das \u00e1reas, como depila\u00e7\u00e3o \u00e0 linha, e diagn\u00f3stico capilar, de forma gratuita e para a popula\u00e7\u00e3o em geral. Para promover o grande evento o Senac conta com a parceria de institui\u00e7\u00f5es locais, como o Sebrae Roraima e o Roraima Garden Shopping. Para mais informa\u00e7\u00f5es os interessados devem entrar em contato com a central de atendimento: 98420-9992.<\/p>\n\n\n\n<div style=\"height:10px\" aria-hidden=\"true\" class=\"wp-block-spacer\"><\/div>\n\n\n\n<figure class=\"wp-block-image size-full\"><img data-recalc-dims=\"1\" decoding=\"async\" width=\"680\" height=\"453\" src=\"https:\/\/i0.wp.com\/www.rr.senac.br\/portalsenac\/wp-content\/uploads\/2023\/11\/Estetica-in-Senac-2023-1.jpg?resize=680%2C453&#038;ssl=1\" alt=\"\" class=\"wp-image-6446\" srcset=\"https:\/\/i0.wp.com\/www.rr.senac.br\/portalsenac\/wp-content\/uploads\/2023\/11\/Estetica-in-Senac-2023-1.jpg?w=680&amp;ssl=1 680w, https:\/\/i0.wp.com\/www.rr.senac.br\/portalsenac\/wp-content\/uploads\/2023\/11\/Estetica-in-Senac-2023-1.jpg?resize=300%2C200&amp;ssl=1 300w\" sizes=\"(max-width: 680px) 100vw, 680px\" \/><\/figure>\n\n\n\n<div style=\"height:10px\" aria-hidden=\"true\" class=\"wp-block-spacer\"><\/div>\n\n\n\n<p>Confira a programa\u00e7\u00e3o do evento:<\/p>\n\n\n\n<p><strong>06\/12\/2023<\/strong><\/p>\n\n\n\n<p><strong>14h &#8211; <\/strong>Abertura<\/p>\n\n\n\n<p><strong>14h30 \u00e0s 15h30 &#8211;<\/strong> Palestra: <strong>Bioestimuladores de col\u00e1geno na harmoniza\u00e7\u00e3o facial<\/strong> com a cirurgi\u00e3 dentista <strong>Suinayra Macuxi<\/strong>.<\/p>\n\n\n\n<p><strong>15h40 \u00e0s 16h40 &#8211;<\/strong> Aula show: <strong>Injet\u00e1veis e sua aplicabilidade na est\u00e9tica<\/strong> com a fisioterapeuta <strong>Fernanda Sokolosvick<\/strong><\/p>\n\n\n\n<p><strong>16h50 \u00e0s 17h50 &#8211; <\/strong>Palestra: <strong>Os mandamentos para recuperar sua pele dos danos do dia a dia <\/strong>com a Farmac\u00eautica <strong>Nilma Arenhart<\/strong><\/p>\n\n\n\n<p><strong>18h &#8211; Palavra<\/strong> da Diretora Regional Senac\/RR <strong>Fernanda Paula Barbosa<\/strong><\/p>\n\n\n\n<p><strong>18h30 \u00e0s 21h &#8211; Campeonato de cabeleireiro<\/strong> provas cor e corte<\/p>\n\n\n\n<div style=\"height:10px\" aria-hidden=\"true\" class=\"wp-block-spacer\"><\/div>\n\n\n\n<p><strong>07\/12\/2023<\/strong><\/p>\n\n\n\n<p><strong>14h30 \u00e0s 15h30 &#8211; <\/strong>Palestra: <strong>Inova\u00e7\u00e3o no mercado de est\u00e9tica e cosmetria<\/strong> com a biom\u00e9dica, especialista em sa\u00fade est\u00e9tica e cosmetologia cl\u00ednica <strong>S\u00e2mily Morais<\/strong>.<\/p>\n\n\n\n<p><strong>15h40 \u00e0s 16h40 \u2013<\/strong> Aula show: <strong>terapia capilar<\/strong> com a fisioterapeuta dermatofuncional <strong>J\u00e9ssica Nina<\/strong><\/p>\n\n\n\n<p><strong>16h50 \u00e0s 17h50 &#8211;<\/strong> Whorkshop: <strong>maquiagem para pele madura<\/strong> com a maquiadora <strong>Isnaila Sousa<\/strong><\/p>\n\n\n\n<p><strong>18h \u00e0s 21h &#8211;<\/strong> <strong>Campeonato de Cabeleireiro<\/strong> provas mechas flash<\/p>\n\n\n\n<p><strong>21h as 22h \u2013 <\/strong>Premia\u00e7\u00e3o e encerramento<\/p>\n\n\n\n<div style=\"height:10px\" aria-hidden=\"true\" class=\"wp-block-spacer\"><\/div>\n\n\n\n<p>Servi\u00e7o:<\/p>\n\n\n\n<p>O que: Est\u00e9tica <em>in <\/em>Senac \u2013 edi\u00e7\u00e3o campeonato de cabeleireiro<\/p>\n\n\n\n<p>Quando: 06 e 07 de dezembro<\/p>\n\n\n\n<p>Onde: Roraima Garden Shopping Av. Ville Roy, 1544 \u2013 Ca\u00e7ari<\/p>\n\n\n\n<p>Entrada: Gratuita para todas as idades<\/p>\n\n\n\n<div style=\"height:10px\" aria-hidden=\"true\" class=\"wp-block-spacer\"><\/div>\n\n\n\n<p>Giovanna Lima \u2013 analista t\u00e9cnica<\/p>\n\n\n\n<p>Comunica\u00e7\u00e3o Senac RR<\/p>\n","protected":false},"excerpt":{"rendered":"<p>Evento \u00e9 gratuito e aberto ao p\u00fablico O Servi\u00e7o Nacional de Aprendizagem Comercial (Senac-RR) promove nos pr\u00f3ximos dias 06 e 07 de dezembro o evento \u2018Est\u00e9tica in Senac \u2013 edi\u00e7\u00e3o Campeonato de Cabeleireiro\u2019, no Roraima Garden Shopping, com palestras e workshops gratuitos e uma competi\u00e7\u00e3o&hellip; <a class=\"more-link\" href=\"https:\/\/www.rr.senac.br\/portalsenac\/senac-roraima-promove-evento-gratuito-direcionado-a-beleza-e-estetica\/\">Continuar lendo <span class=\"screen-reader-text\">Senac Roraima promove evento gratuito direcionado \u00e0 beleza e est\u00e9tica<\/span><\/a><\/p>\n","protected":false},"author":2,"featured_media":6445,"comment_status":"closed","ping_status":"","sticky":false,"template":"","format":"standard","meta":{"_jetpack_memberships_contains_paid_content":false,"_joinchat":[],"footnotes":""},"categories":[12],"tags":[],"class_list":["post-6444","post","type-post","status-publish","format-standard","has-post-thumbnail","hentry","category-ultimas-noticias","entry"],"jetpack_featured_media_url":"https:\/\/i0.wp.com\/www.rr.senac.br\/portalsenac\/wp-content\/uploads\/2023\/11\/Estetica-in-Senac-2023-2.jpg?fit=680%2C453&ssl=1","jetpack_sharing_enabled":true,"_links":{"self":[{"href":"https:\/\/www.rr.senac.br\/portalsenac\/wp-json\/wp\/v2\/posts\/6444","targetHints":{"allow":["GET"]}}],"collection":[{"href":"https:\/\/www.rr.senac.br\/portalsenac\/wp-json\/wp\/v2\/posts"}],"about":[{"href":"https:\/\/www.rr.senac.br\/portalsenac\/wp-json\/wp\/v2\/types\/post"}],"author":[{"embeddable":true,"href":"https:\/\/www.rr.senac.br\/portalsenac\/wp-json\/wp\/v2\/users\/2"}],"replies":[{"embeddable":true,"href":"https:\/\/www.rr.senac.br\/portalsenac\/wp-json\/wp\/v2\/comments?post=6444"}],"version-history":[{"count":1,"href":"https:\/\/www.rr.senac.br\/portalsenac\/wp-json\/wp\/v2\/posts\/6444\/revisions"}],"predecessor-version":[{"id":6447,"href":"https:\/\/www.rr.senac.br\/portalsenac\/wp-json\/wp\/v2\/posts\/6444\/revisions\/6447"}],"wp:featuredmedia":[{"embeddable":true,"href":"https:\/\/www.rr.senac.br\/portalsenac\/wp-json\/wp\/v2\/media\/6445"}],"wp:attachment":[{"href":"https:\/\/www.rr.senac.br\/portalsenac\/wp-json\/wp\/v2\/media?parent=6444"}],"wp:term":[{"taxonomy":"category","embeddable":true,"href":"https:\/\/www.rr.senac.br\/portalsenac\/wp-json\/wp\/v2\/categories?post=6444"},{"taxonomy":"post_tag","embeddable":true,"href":"https:\/\/www.rr.senac.br\/portalsenac\/wp-json\/wp\/v2\/tags?post=6444"}],"curies":[{"name":"wp","href":"https:\/\/api.w.org\/{rel}","templated":true}]}}