{"id":6460,"date":"2023-12-21T12:13:57","date_gmt":"2023-12-21T15:13:57","guid":{"rendered":"https:\/\/www.rr.senac.br\/portalsenac\/?p=6460"},"modified":"2023-12-21T12:13:57","modified_gmt":"2023-12-21T15:13:57","slug":"senac-e-senac-promovem-evento-de-destaques-do-comercio-local","status":"publish","type":"post","link":"https:\/\/www.rr.senac.br\/portalsenac\/senac-e-senac-promovem-evento-de-destaques-do-comercio-local\/","title":{"rendered":"Senac e Senac promovem evento de Destaques do Com\u00e9rcio Local"},"content":{"rendered":"\n<h5 class=\"wp-block-heading\"><em>Evento aconteceu este m\u00eas contemplando parceiros locais<\/em><\/h5>\n\n\n\n<div style=\"height:20px\" aria-hidden=\"true\" class=\"wp-block-spacer\"><\/div>\n\n\n\n<figure class=\"wp-block-image size-large\"><img data-recalc-dims=\"1\" fetchpriority=\"high\" decoding=\"async\" width=\"750\" height=\"500\" src=\"https:\/\/i0.wp.com\/www.rr.senac.br\/portalsenac\/wp-content\/uploads\/2023\/12\/DESTAQUES-DO-COMERCIO-34-1.jpg?resize=750%2C500&#038;ssl=1\" alt=\"\" class=\"wp-image-6461\" srcset=\"https:\/\/i0.wp.com\/www.rr.senac.br\/portalsenac\/wp-content\/uploads\/2023\/12\/DESTAQUES-DO-COMERCIO-34-1.jpg?resize=1024%2C682&amp;ssl=1 1024w, https:\/\/i0.wp.com\/www.rr.senac.br\/portalsenac\/wp-content\/uploads\/2023\/12\/DESTAQUES-DO-COMERCIO-34-1.jpg?resize=300%2C200&amp;ssl=1 300w, https:\/\/i0.wp.com\/www.rr.senac.br\/portalsenac\/wp-content\/uploads\/2023\/12\/DESTAQUES-DO-COMERCIO-34-1.jpg?resize=768%2C512&amp;ssl=1 768w, https:\/\/i0.wp.com\/www.rr.senac.br\/portalsenac\/wp-content\/uploads\/2023\/12\/DESTAQUES-DO-COMERCIO-34-1.jpg?resize=1536%2C1024&amp;ssl=1 1536w, https:\/\/i0.wp.com\/www.rr.senac.br\/portalsenac\/wp-content\/uploads\/2023\/12\/DESTAQUES-DO-COMERCIO-34-1.jpg?resize=1568%2C1045&amp;ssl=1 1568w, https:\/\/i0.wp.com\/www.rr.senac.br\/portalsenac\/wp-content\/uploads\/2023\/12\/DESTAQUES-DO-COMERCIO-34-1.jpg?w=2000&amp;ssl=1 2000w\" sizes=\"(max-width: 750px) 100vw, 750px\" \/><\/figure>\n\n\n\n<p>O Servi\u00e7o Nacional de Aprendizagem Comercial (Senac-RR) e o Servi\u00e7o Social do Com\u00e9rcio (Sesc-RR) promoveram o evento Destaques do Com\u00e9rcio, com a presen\u00e7a de empres\u00e1rios e imprensa local para um pr\u00eamio de reconhecimento do desempenho ao com\u00e9rcio local durante o ano de 2023.<\/p>\n\n\n\n<div style=\"height:10px\" aria-hidden=\"true\" class=\"wp-block-spacer\"><\/div>\n\n\n\n<p>Durante o evento os parceiros foram homenageados com certificados de contribui\u00e7\u00e3o, pelo trabalho desenvolvido e prestado \u00e0 comunidade e ao setor do com\u00e9rcio local, e na oportunidade receberam as agendas institucionais Fecom\u00e9rcio\/Sesc\/Senac\/IFPD 2024, com tema \u2018Quedas D\u2019\u00e1gua\u2019<\/p>\n\n\n\n<div style=\"height:10px\" aria-hidden=\"true\" class=\"wp-block-spacer\"><\/div>\n\n\n\n<p>Al\u00e9m dos parceiros, o evento contou com a participa\u00e7\u00e3o dos conselheiros e diretores da Federa\u00e7\u00e3o do Com\u00e9rcio em Roraima, nomes como Jo\u00e3o Clineu e Jadir Corr\u00eaa compareceram. No local se reuniram cerca de 100 pessoas, dentre homenageados e colaboradores para prestigiar a cerim\u00f4nia.<\/p>\n\n\n\n<div style=\"height:10px\" aria-hidden=\"true\" class=\"wp-block-spacer\"><\/div>\n\n\n\n<figure class=\"wp-block-gallery has-nested-images columns-default is-cropped wp-block-gallery-1 is-layout-flex wp-block-gallery-is-layout-flex\">\n<figure class=\"wp-block-image size-large\"><img data-recalc-dims=\"1\" decoding=\"async\" width=\"750\" height=\"500\" data-id=\"6465\" src=\"https:\/\/i0.wp.com\/www.rr.senac.br\/portalsenac\/wp-content\/uploads\/2023\/12\/DESTAQUES-DO-COMERCIO-42-1.jpg?resize=750%2C500&#038;ssl=1\" alt=\"\" class=\"wp-image-6465\" srcset=\"https:\/\/i0.wp.com\/www.rr.senac.br\/portalsenac\/wp-content\/uploads\/2023\/12\/DESTAQUES-DO-COMERCIO-42-1.jpg?resize=1024%2C682&amp;ssl=1 1024w, https:\/\/i0.wp.com\/www.rr.senac.br\/portalsenac\/wp-content\/uploads\/2023\/12\/DESTAQUES-DO-COMERCIO-42-1.jpg?resize=300%2C200&amp;ssl=1 300w, https:\/\/i0.wp.com\/www.rr.senac.br\/portalsenac\/wp-content\/uploads\/2023\/12\/DESTAQUES-DO-COMERCIO-42-1.jpg?resize=768%2C512&amp;ssl=1 768w, https:\/\/i0.wp.com\/www.rr.senac.br\/portalsenac\/wp-content\/uploads\/2023\/12\/DESTAQUES-DO-COMERCIO-42-1.jpg?resize=1536%2C1024&amp;ssl=1 1536w, https:\/\/i0.wp.com\/www.rr.senac.br\/portalsenac\/wp-content\/uploads\/2023\/12\/DESTAQUES-DO-COMERCIO-42-1.jpg?resize=1568%2C1045&amp;ssl=1 1568w, https:\/\/i0.wp.com\/www.rr.senac.br\/portalsenac\/wp-content\/uploads\/2023\/12\/DESTAQUES-DO-COMERCIO-42-1.jpg?w=2000&amp;ssl=1 2000w\" sizes=\"(max-width: 750px) 100vw, 750px\" \/><\/figure>\n\n\n\n<figure class=\"wp-block-image size-large\"><img data-recalc-dims=\"1\" decoding=\"async\" width=\"750\" height=\"500\" data-id=\"6463\" src=\"https:\/\/i0.wp.com\/www.rr.senac.br\/portalsenac\/wp-content\/uploads\/2023\/12\/DESTAQUES-DO-COMERCIO-37-1.jpg?resize=750%2C500&#038;ssl=1\" alt=\"\" class=\"wp-image-6463\" srcset=\"https:\/\/i0.wp.com\/www.rr.senac.br\/portalsenac\/wp-content\/uploads\/2023\/12\/DESTAQUES-DO-COMERCIO-37-1.jpg?resize=1024%2C682&amp;ssl=1 1024w, https:\/\/i0.wp.com\/www.rr.senac.br\/portalsenac\/wp-content\/uploads\/2023\/12\/DESTAQUES-DO-COMERCIO-37-1.jpg?resize=300%2C200&amp;ssl=1 300w, https:\/\/i0.wp.com\/www.rr.senac.br\/portalsenac\/wp-content\/uploads\/2023\/12\/DESTAQUES-DO-COMERCIO-37-1.jpg?resize=768%2C512&amp;ssl=1 768w, https:\/\/i0.wp.com\/www.rr.senac.br\/portalsenac\/wp-content\/uploads\/2023\/12\/DESTAQUES-DO-COMERCIO-37-1.jpg?resize=1536%2C1024&amp;ssl=1 1536w, https:\/\/i0.wp.com\/www.rr.senac.br\/portalsenac\/wp-content\/uploads\/2023\/12\/DESTAQUES-DO-COMERCIO-37-1.jpg?resize=1568%2C1045&amp;ssl=1 1568w, https:\/\/i0.wp.com\/www.rr.senac.br\/portalsenac\/wp-content\/uploads\/2023\/12\/DESTAQUES-DO-COMERCIO-37-1.jpg?w=2000&amp;ssl=1 2000w\" sizes=\"(max-width: 750px) 100vw, 750px\" \/><\/figure>\n\n\n\n<figure class=\"wp-block-image size-large\"><img data-recalc-dims=\"1\" loading=\"lazy\" decoding=\"async\" width=\"750\" height=\"500\" data-id=\"6464\" src=\"https:\/\/i0.wp.com\/www.rr.senac.br\/portalsenac\/wp-content\/uploads\/2023\/12\/DESTAQUES-DO-COMERCIO-34-1-1.jpg?resize=750%2C500&#038;ssl=1\" alt=\"\" class=\"wp-image-6464\" srcset=\"https:\/\/i0.wp.com\/www.rr.senac.br\/portalsenac\/wp-content\/uploads\/2023\/12\/DESTAQUES-DO-COMERCIO-34-1-1.jpg?resize=1024%2C682&amp;ssl=1 1024w, https:\/\/i0.wp.com\/www.rr.senac.br\/portalsenac\/wp-content\/uploads\/2023\/12\/DESTAQUES-DO-COMERCIO-34-1-1.jpg?resize=300%2C200&amp;ssl=1 300w, https:\/\/i0.wp.com\/www.rr.senac.br\/portalsenac\/wp-content\/uploads\/2023\/12\/DESTAQUES-DO-COMERCIO-34-1-1.jpg?resize=768%2C512&amp;ssl=1 768w, https:\/\/i0.wp.com\/www.rr.senac.br\/portalsenac\/wp-content\/uploads\/2023\/12\/DESTAQUES-DO-COMERCIO-34-1-1.jpg?resize=1536%2C1024&amp;ssl=1 1536w, https:\/\/i0.wp.com\/www.rr.senac.br\/portalsenac\/wp-content\/uploads\/2023\/12\/DESTAQUES-DO-COMERCIO-34-1-1.jpg?resize=1568%2C1045&amp;ssl=1 1568w, https:\/\/i0.wp.com\/www.rr.senac.br\/portalsenac\/wp-content\/uploads\/2023\/12\/DESTAQUES-DO-COMERCIO-34-1-1.jpg?w=2000&amp;ssl=1 2000w\" sizes=\"(max-width: 750px) 100vw, 750px\" \/><\/figure>\n\n\n\n<figure class=\"wp-block-image size-large\"><img data-recalc-dims=\"1\" loading=\"lazy\" decoding=\"async\" width=\"750\" height=\"500\" data-id=\"6462\" src=\"https:\/\/i0.wp.com\/www.rr.senac.br\/portalsenac\/wp-content\/uploads\/2023\/12\/DESTAQUES-DO-COMERCIO-33.jpg?resize=750%2C500&#038;ssl=1\" alt=\"\" class=\"wp-image-6462\" srcset=\"https:\/\/i0.wp.com\/www.rr.senac.br\/portalsenac\/wp-content\/uploads\/2023\/12\/DESTAQUES-DO-COMERCIO-33.jpg?resize=1024%2C682&amp;ssl=1 1024w, https:\/\/i0.wp.com\/www.rr.senac.br\/portalsenac\/wp-content\/uploads\/2023\/12\/DESTAQUES-DO-COMERCIO-33.jpg?resize=300%2C200&amp;ssl=1 300w, https:\/\/i0.wp.com\/www.rr.senac.br\/portalsenac\/wp-content\/uploads\/2023\/12\/DESTAQUES-DO-COMERCIO-33.jpg?resize=768%2C512&amp;ssl=1 768w, https:\/\/i0.wp.com\/www.rr.senac.br\/portalsenac\/wp-content\/uploads\/2023\/12\/DESTAQUES-DO-COMERCIO-33.jpg?resize=1536%2C1024&amp;ssl=1 1536w, https:\/\/i0.wp.com\/www.rr.senac.br\/portalsenac\/wp-content\/uploads\/2023\/12\/DESTAQUES-DO-COMERCIO-33.jpg?resize=1568%2C1045&amp;ssl=1 1568w, https:\/\/i0.wp.com\/www.rr.senac.br\/portalsenac\/wp-content\/uploads\/2023\/12\/DESTAQUES-DO-COMERCIO-33.jpg?w=2000&amp;ssl=1 2000w\" sizes=\"(max-width: 750px) 100vw, 750px\" \/><\/figure>\n<\/figure>\n\n\n\n<p>Confira a lista de ve\u00edculos homenageados:<\/p>\n\n\n\n<div style=\"height:10px\" aria-hidden=\"true\" class=\"wp-block-spacer\"><\/div>\n\n\n\n<p>Roraima em Foco<\/p>\n\n\n\n<p>Folha de Boa Vista<\/p>\n\n\n\n<p>R\u00e1dio e TV Universit\u00e1ria<\/p>\n\n\n\n<p>Rede Amaz\u00f4nica<\/p>\n\n\n\n<p>Panor\u00e2mica News<\/p>\n\n\n\n<p>G1 Roraima<\/p>\n\n\n\n<p>Roraima em Tempo<\/p>\n\n\n\n<p>Imperial<\/p>\n\n\n\n<p>Tv e R\u00e1dio Assembleia<\/p>\n\n\n\n<p>R\u00e1dio Tropical<\/p>\n\n\n\n<div style=\"height:10px\" aria-hidden=\"true\" class=\"wp-block-spacer\"><\/div>\n\n\n\n<p>Giovanna Lima \u2013 analista t\u00e9cnica <\/p>\n\n\n\n<p>Comunica\u00e7\u00e3o Senac RR<\/p>\n","protected":false},"excerpt":{"rendered":"<p>Evento aconteceu este m\u00eas contemplando parceiros locais O Servi\u00e7o Nacional de Aprendizagem Comercial (Senac-RR) e o Servi\u00e7o Social do Com\u00e9rcio (Sesc-RR) promoveram o evento Destaques do Com\u00e9rcio, com a presen\u00e7a de empres\u00e1rios e imprensa local para um pr\u00eamio de reconhecimento do desempenho ao com\u00e9rcio local&hellip; <a class=\"more-link\" href=\"https:\/\/www.rr.senac.br\/portalsenac\/senac-e-senac-promovem-evento-de-destaques-do-comercio-local\/\">Continuar lendo <span class=\"screen-reader-text\">Senac e Senac promovem evento de Destaques do Com\u00e9rcio Local<\/span><\/a><\/p>\n","protected":false},"author":2,"featured_media":6461,"comment_status":"closed","ping_status":"","sticky":false,"template":"","format":"standard","meta":{"_jetpack_memberships_contains_paid_content":false,"_joinchat":[],"footnotes":""},"categories":[12],"tags":[],"class_list":["post-6460","post","type-post","status-publish","format-standard","has-post-thumbnail","hentry","category-ultimas-noticias","entry"],"jetpack_featured_media_url":"https:\/\/i0.wp.com\/www.rr.senac.br\/portalsenac\/wp-content\/uploads\/2023\/12\/DESTAQUES-DO-COMERCIO-34-1.jpg?fit=2000%2C1333&ssl=1","jetpack_sharing_enabled":true,"_links":{"self":[{"href":"https:\/\/www.rr.senac.br\/portalsenac\/wp-json\/wp\/v2\/posts\/6460","targetHints":{"allow":["GET"]}}],"collection":[{"href":"https:\/\/www.rr.senac.br\/portalsenac\/wp-json\/wp\/v2\/posts"}],"about":[{"href":"https:\/\/www.rr.senac.br\/portalsenac\/wp-json\/wp\/v2\/types\/post"}],"author":[{"embeddable":true,"href":"https:\/\/www.rr.senac.br\/portalsenac\/wp-json\/wp\/v2\/users\/2"}],"replies":[{"embeddable":true,"href":"https:\/\/www.rr.senac.br\/portalsenac\/wp-json\/wp\/v2\/comments?post=6460"}],"version-history":[{"count":1,"href":"https:\/\/www.rr.senac.br\/portalsenac\/wp-json\/wp\/v2\/posts\/6460\/revisions"}],"predecessor-version":[{"id":6466,"href":"https:\/\/www.rr.senac.br\/portalsenac\/wp-json\/wp\/v2\/posts\/6460\/revisions\/6466"}],"wp:featuredmedia":[{"embeddable":true,"href":"https:\/\/www.rr.senac.br\/portalsenac\/wp-json\/wp\/v2\/media\/6461"}],"wp:attachment":[{"href":"https:\/\/www.rr.senac.br\/portalsenac\/wp-json\/wp\/v2\/media?parent=6460"}],"wp:term":[{"taxonomy":"category","embeddable":true,"href":"https:\/\/www.rr.senac.br\/portalsenac\/wp-json\/wp\/v2\/categories?post=6460"},{"taxonomy":"post_tag","embeddable":true,"href":"https:\/\/www.rr.senac.br\/portalsenac\/wp-json\/wp\/v2\/tags?post=6460"}],"curies":[{"name":"wp","href":"https:\/\/api.w.org\/{rel}","templated":true}]}}