{"id":6468,"date":"2023-12-26T11:14:25","date_gmt":"2023-12-26T14:14:25","guid":{"rendered":"https:\/\/www.rr.senac.br\/portalsenac\/?p=6468"},"modified":"2023-12-26T11:14:25","modified_gmt":"2023-12-26T14:14:25","slug":"sesc-e-senac-lancam-agenda-institucional-2024-com-exposicao","status":"publish","type":"post","link":"https:\/\/www.rr.senac.br\/portalsenac\/sesc-e-senac-lancam-agenda-institucional-2024-com-exposicao\/","title":{"rendered":"Sesc e Senac lan\u00e7am agenda institucional 2024 com exposi\u00e7\u00e3o"},"content":{"rendered":"\n<h5 class=\"wp-block-heading\"><em>Exposi\u00e7\u00e3o \u00e9 gratuita e aberta ao p\u00fablico<\/em><\/h5>\n\n\n\n<figure class=\"wp-block-image size-full\"><img data-recalc-dims=\"1\" fetchpriority=\"high\" decoding=\"async\" width=\"680\" height=\"453\" src=\"https:\/\/i0.wp.com\/www.rr.senac.br\/portalsenac\/wp-content\/uploads\/2023\/12\/IMG_2377.jpg?resize=680%2C453&#038;ssl=1\" alt=\"\" class=\"wp-image-6469\" srcset=\"https:\/\/i0.wp.com\/www.rr.senac.br\/portalsenac\/wp-content\/uploads\/2023\/12\/IMG_2377.jpg?w=680&amp;ssl=1 680w, https:\/\/i0.wp.com\/www.rr.senac.br\/portalsenac\/wp-content\/uploads\/2023\/12\/IMG_2377.jpg?resize=300%2C200&amp;ssl=1 300w\" sizes=\"(max-width: 680px) 100vw, 680px\" \/><\/figure>\n\n\n\n<div style=\"height:20px\" aria-hidden=\"true\" class=\"wp-block-spacer\"><\/div>\n\n\n\n<p>O Servi\u00e7o Nacional de Aprendizagem Comercial (Senac-RR), e o Servi\u00e7o Social do Com\u00e9rcio (Sesc-RR) lan\u00e7aram nesta ter\u00e7a-feira (26) a exposi\u00e7\u00e3o Quedas D\u2019\u00e1gua, presente na agenda institucional 2024. A exposi\u00e7\u00e3o \u00e9 gratuita e livre para toda a comunidade, e est\u00e1 dispon\u00edvel para visita\u00e7\u00e3o de segunda a sexta, das 07h30 \u00e0s 18h na sede administrativa das institui\u00e7\u00f5es.<\/p>\n\n\n\n<div style=\"height:10px\" aria-hidden=\"true\" class=\"wp-block-spacer\"><\/div>\n\n\n\n<p>Com a proposta de exaltar a beleza e a regionalidade de Roraima, a agenda apresenta o material de 2024 com cachoeiras singulares do estado. Diversos munic\u00edpios como Uiramut\u00e3, Amajari e Pacaraima proporcionam aos visitantes experi\u00eancias \u00fanicas e m\u00e1gicas com as belezas naturais, quedas d&#8217;\u00e1gua, igarap\u00e9s e corredeiras, acompanhadas do lavrado banhado pelo sol, movimentando o com\u00e9rcio e o turismo local.<\/p>\n\n\n\n<div style=\"height:10px\" aria-hidden=\"true\" class=\"wp-block-spacer\"><\/div>\n\n\n\n<p>Ap\u00f3s a edi\u00e7\u00e3o de \u2018Sabores de Roraima\u2019 remeter \u00e0s mem\u00f3rias afetivas pelo paladar, apresentamos a proposta da aventura, coragem e determina\u00e7\u00e3o, combina\u00e7\u00e3o perfeita para definir os roraimenses e <em>roraimados.<\/em><\/p>\n\n\n\n<div style=\"height:10px\" aria-hidden=\"true\" class=\"wp-block-spacer\"><\/div>\n\n\n\n<p>Para conhecer basta comparecer no hall da sede administrativa, localizada na Rua Doutor Ara\u00fajo Filho, n\u00ba 947, Centro, das 07h30 \u00e0s 18h, com classifica\u00e7\u00e3o indicativa livre. Mais informa\u00e7\u00f5es podem ser consultadas nas redes sociais das institui\u00e7\u00f5es @senacrr @sescrr<\/p>\n\n\n\n<div style=\"height:20px\" aria-hidden=\"true\" class=\"wp-block-spacer\"><\/div>\n\n\n\n<p><strong>Sorteio<\/strong><\/p>\n\n\n<div class=\"wp-block-image\">\n<figure class=\"aligncenter size-large is-resized\"><img data-recalc-dims=\"1\" decoding=\"async\" width=\"750\" height=\"938\" src=\"https:\/\/i0.wp.com\/www.rr.senac.br\/portalsenac\/wp-content\/uploads\/2023\/12\/WhatsApp-Image-2023-12-26-at-09.55.43.jpeg?resize=750%2C938&#038;ssl=1\" alt=\"\" class=\"wp-image-6470\" style=\"width:490px;height:auto\" srcset=\"https:\/\/i0.wp.com\/www.rr.senac.br\/portalsenac\/wp-content\/uploads\/2023\/12\/WhatsApp-Image-2023-12-26-at-09.55.43.jpeg?resize=819%2C1024&amp;ssl=1 819w, https:\/\/i0.wp.com\/www.rr.senac.br\/portalsenac\/wp-content\/uploads\/2023\/12\/WhatsApp-Image-2023-12-26-at-09.55.43.jpeg?resize=240%2C300&amp;ssl=1 240w, https:\/\/i0.wp.com\/www.rr.senac.br\/portalsenac\/wp-content\/uploads\/2023\/12\/WhatsApp-Image-2023-12-26-at-09.55.43.jpeg?resize=768%2C960&amp;ssl=1 768w, https:\/\/i0.wp.com\/www.rr.senac.br\/portalsenac\/wp-content\/uploads\/2023\/12\/WhatsApp-Image-2023-12-26-at-09.55.43.jpeg?w=1080&amp;ssl=1 1080w\" sizes=\"(max-width: 750px) 100vw, 750px\" \/><\/figure>\n<\/div>\n\n\n<div style=\"height:10px\" aria-hidden=\"true\" class=\"wp-block-spacer\"><\/div>\n\n\n\n<p>O p\u00fablico em geral poder\u00e1 ganhar kit com agenda, ecobag e calend\u00e1rio de mesa participando de um sorteio que acontecer\u00e1 no dia 05 de janeiro, nas redes sociais do Sesc e Senac. Para concorrer basta procurar a foto oficial e seguir as regras indicadas. Mais informa\u00e7\u00f5es podem ser consultadas diretamente nos perfis institucionais.<\/p>\n\n\n\n<p>Giovanna Lima \u2013 analista t\u00e9cnica<\/p>\n\n\n\n<p>Comunica\u00e7\u00e3o Senac RR<\/p>\n","protected":false},"excerpt":{"rendered":"<p>Exposi\u00e7\u00e3o \u00e9 gratuita e aberta ao p\u00fablico O Servi\u00e7o Nacional de Aprendizagem Comercial (Senac-RR), e o Servi\u00e7o Social do Com\u00e9rcio (Sesc-RR) lan\u00e7aram nesta ter\u00e7a-feira (26) a exposi\u00e7\u00e3o Quedas D\u2019\u00e1gua, presente na agenda institucional 2024. A exposi\u00e7\u00e3o \u00e9 gratuita e livre para toda a comunidade, e&hellip; <a class=\"more-link\" href=\"https:\/\/www.rr.senac.br\/portalsenac\/sesc-e-senac-lancam-agenda-institucional-2024-com-exposicao\/\">Continuar lendo <span class=\"screen-reader-text\">Sesc e Senac lan\u00e7am agenda institucional 2024 com exposi\u00e7\u00e3o<\/span><\/a><\/p>\n","protected":false},"author":2,"featured_media":6469,"comment_status":"closed","ping_status":"","sticky":false,"template":"","format":"standard","meta":{"_jetpack_memberships_contains_paid_content":false,"_joinchat":[],"footnotes":""},"categories":[12],"tags":[],"class_list":["post-6468","post","type-post","status-publish","format-standard","has-post-thumbnail","hentry","category-ultimas-noticias","entry"],"jetpack_featured_media_url":"https:\/\/i0.wp.com\/www.rr.senac.br\/portalsenac\/wp-content\/uploads\/2023\/12\/IMG_2377.jpg?fit=680%2C453&ssl=1","jetpack_sharing_enabled":true,"_links":{"self":[{"href":"https:\/\/www.rr.senac.br\/portalsenac\/wp-json\/wp\/v2\/posts\/6468","targetHints":{"allow":["GET"]}}],"collection":[{"href":"https:\/\/www.rr.senac.br\/portalsenac\/wp-json\/wp\/v2\/posts"}],"about":[{"href":"https:\/\/www.rr.senac.br\/portalsenac\/wp-json\/wp\/v2\/types\/post"}],"author":[{"embeddable":true,"href":"https:\/\/www.rr.senac.br\/portalsenac\/wp-json\/wp\/v2\/users\/2"}],"replies":[{"embeddable":true,"href":"https:\/\/www.rr.senac.br\/portalsenac\/wp-json\/wp\/v2\/comments?post=6468"}],"version-history":[{"count":1,"href":"https:\/\/www.rr.senac.br\/portalsenac\/wp-json\/wp\/v2\/posts\/6468\/revisions"}],"predecessor-version":[{"id":6471,"href":"https:\/\/www.rr.senac.br\/portalsenac\/wp-json\/wp\/v2\/posts\/6468\/revisions\/6471"}],"wp:featuredmedia":[{"embeddable":true,"href":"https:\/\/www.rr.senac.br\/portalsenac\/wp-json\/wp\/v2\/media\/6469"}],"wp:attachment":[{"href":"https:\/\/www.rr.senac.br\/portalsenac\/wp-json\/wp\/v2\/media?parent=6468"}],"wp:term":[{"taxonomy":"category","embeddable":true,"href":"https:\/\/www.rr.senac.br\/portalsenac\/wp-json\/wp\/v2\/categories?post=6468"},{"taxonomy":"post_tag","embeddable":true,"href":"https:\/\/www.rr.senac.br\/portalsenac\/wp-json\/wp\/v2\/tags?post=6468"}],"curies":[{"name":"wp","href":"https:\/\/api.w.org\/{rel}","templated":true}]}}