{"id":6479,"date":"2024-01-05T18:42:25","date_gmt":"2024-01-05T21:42:25","guid":{"rendered":"https:\/\/www.rr.senac.br\/portalsenac\/?p=6479"},"modified":"2024-06-25T09:40:12","modified_gmt":"2024-06-25T13:40:12","slug":"senac-roraima-lanca-programacao-de-cursos-promocionais","status":"publish","type":"post","link":"https:\/\/www.rr.senac.br\/portalsenac\/senac-roraima-lanca-programacao-de-cursos-promocionais\/","title":{"rendered":"Senac Roraima lan\u00e7a programa\u00e7\u00e3o de cursos promocionais"},"content":{"rendered":"\n<div style=\"height:25px\" aria-hidden=\"true\" class=\"wp-block-spacer\"><\/div>\n\n\n\n<h5 class=\"wp-block-heading\"><em>Diversos segmentos s\u00e3o contemplados na promo\u00e7\u00e3o<\/em><\/h5>\n\n\n\n<figure class=\"wp-block-image size-large is-resized\"><img data-recalc-dims=\"1\" fetchpriority=\"high\" decoding=\"async\" width=\"750\" height=\"309\" src=\"https:\/\/i0.wp.com\/www.rr.senac.br\/portalsenac\/wp-content\/uploads\/2024\/01\/banner-site-cursos-100-reais_Prancheta-1.png?resize=750%2C309&#038;ssl=1\" alt=\"\" class=\"wp-image-6481\" style=\"width:613px;height:auto\" srcset=\"https:\/\/i0.wp.com\/www.rr.senac.br\/portalsenac\/wp-content\/uploads\/2024\/01\/banner-site-cursos-100-reais_Prancheta-1.png?resize=1024%2C422&amp;ssl=1 1024w, https:\/\/i0.wp.com\/www.rr.senac.br\/portalsenac\/wp-content\/uploads\/2024\/01\/banner-site-cursos-100-reais_Prancheta-1.png?resize=300%2C124&amp;ssl=1 300w, https:\/\/i0.wp.com\/www.rr.senac.br\/portalsenac\/wp-content\/uploads\/2024\/01\/banner-site-cursos-100-reais_Prancheta-1.png?resize=768%2C317&amp;ssl=1 768w, https:\/\/i0.wp.com\/www.rr.senac.br\/portalsenac\/wp-content\/uploads\/2024\/01\/banner-site-cursos-100-reais_Prancheta-1.png?resize=1536%2C634&amp;ssl=1 1536w, https:\/\/i0.wp.com\/www.rr.senac.br\/portalsenac\/wp-content\/uploads\/2024\/01\/banner-site-cursos-100-reais_Prancheta-1.png?resize=1568%2C647&amp;ssl=1 1568w, https:\/\/i0.wp.com\/www.rr.senac.br\/portalsenac\/wp-content\/uploads\/2024\/01\/banner-site-cursos-100-reais_Prancheta-1.png?w=1920&amp;ssl=1 1920w\" sizes=\"(max-width: 750px) 100vw, 750px\" \/><\/figure>\n\n\n\n<div style=\"height:20px\" aria-hidden=\"true\" class=\"wp-block-spacer\"><\/div>\n\n\n\n<p>O Servi\u00e7o Nacional de Aprendizagem Comercial (Senac-RR) lan\u00e7ou a programa\u00e7\u00e3o de cursos promocionais para o ver\u00e3o com pre\u00e7os fixos de R$ 100! S\u00e3o diversos segmento contemplados, para que os alunos se capacitem ao longo do per\u00edodo de f\u00e9rias.<\/p>\n\n\n\n<div style=\"height:15px\" aria-hidden=\"true\" class=\"wp-block-spacer\"><\/div>\n\n\n\n<p>Dentre os t\u00edtulos dispon\u00edveis est\u00e3o: <em>personal shopper<\/em>, leitura e interpreta\u00e7\u00e3o de texto, maquiagem carnavalesca, drinques cl\u00e1ssicos e tropicais e muitos outros. Para conferir a programa\u00e7\u00e3o completa, basta acessar o <a href=\"https:\/\/cursos.rr.senac.br\/\">site da institui\u00e7\u00e3o rr.senac.br<\/a> e garantir a matr\u00edcula, pois as vagas s\u00e3o limitadas.<\/p>\n\n\n\n<div style=\"height:15px\" aria-hidden=\"true\" class=\"wp-block-spacer\"><\/div>\n\n\n\n<p>Conforme o gerente de educa\u00e7\u00e3o profissional em exerc\u00edcio, Gabriel Eckhardt, a proposta do Senac \u00e9 garantir a capacita\u00e7\u00e3o da popula\u00e7\u00e3o roraimense de forma \u00e1gil e com a qualidade que a institui\u00e7\u00e3o sempre oferta. \u201cAo longo do per\u00edodo de f\u00e9rias temos diversos cursos de curta dura\u00e7\u00e3o, fazendo com que os alunos se capacitem e coloquem em pr\u00e1tica o que aprenderam na institui\u00e7\u00e3o\u201d, informou.<\/p>\n\n\n\n<div style=\"height:15px\" aria-hidden=\"true\" class=\"wp-block-spacer\"><\/div>\n\n\n<div class=\"wp-block-image\">\n<figure class=\"aligncenter size-large is-resized\"><img data-recalc-dims=\"1\" decoding=\"async\" width=\"750\" height=\"916\" src=\"https:\/\/i0.wp.com\/www.rr.senac.br\/portalsenac\/wp-content\/uploads\/2024\/06\/arte_redes_sociais-02.png?resize=750%2C916&#038;ssl=1\" alt=\"\" class=\"wp-image-7417\" style=\"width:478px;height:auto\" srcset=\"https:\/\/i0.wp.com\/www.rr.senac.br\/portalsenac\/wp-content\/uploads\/2024\/06\/arte_redes_sociais-02.png?resize=838%2C1024&amp;ssl=1 838w, https:\/\/i0.wp.com\/www.rr.senac.br\/portalsenac\/wp-content\/uploads\/2024\/06\/arte_redes_sociais-02.png?resize=245%2C300&amp;ssl=1 245w, https:\/\/i0.wp.com\/www.rr.senac.br\/portalsenac\/wp-content\/uploads\/2024\/06\/arte_redes_sociais-02.png?resize=768%2C939&amp;ssl=1 768w, https:\/\/i0.wp.com\/www.rr.senac.br\/portalsenac\/wp-content\/uploads\/2024\/06\/arte_redes_sociais-02.png?w=1125&amp;ssl=1 1125w\" sizes=\"(max-width: 750px) 100vw, 750px\" \/><\/figure>\n<\/div>\n\n\n<div style=\"height:8px\" aria-hidden=\"true\" class=\"wp-block-spacer\"><\/div>\n\n\n\n<p>Para conferir a programa\u00e7\u00e3o integral de cursos dispon\u00edveis no Senac Roraima basta acessar o site de cursos, e realizar a inscri\u00e7\u00e3o de forma on-line, ou presencial nas unidades dispon\u00edveis na cidade. Mais informa\u00e7\u00f5es podem ser consultadas diretamente com a Central de Atendimento: 3224-1988 ou via WhatsApp: 98420-9992.<\/p>\n\n\n\n<div style=\"height:20px\" aria-hidden=\"true\" class=\"wp-block-spacer\"><\/div>\n\n\n\n<p><strong>Novidades<\/strong><\/p>\n\n\n\n<p>O Senac lan\u00e7ou neste m\u00eas de janeiro o Canal da institui\u00e7\u00e3o, dispon\u00edvel \u00e0 popula\u00e7\u00e3o gratuitamente via WhatsApp. No aplicativo ser\u00e1 poss\u00edvel receber as novidades em primeira m\u00e3o, exclusivamente e aproveitar todas as atividades da institui\u00e7\u00e3o, como publica\u00e7\u00e3o de seletivos, editais do Programa Senac de Gratuidade (PSG), e muito mais.<\/p>\n\n\n\n<div style=\"height:15px\" aria-hidden=\"true\" class=\"wp-block-spacer\"><\/div>\n\n\n\n<p>Para participar do canal basta acessar as redes sociais e <a href=\"https:\/\/whatsapp.com\/channel\/0029VaDrKCt5K3zRiiJBsL2o\">acessar o link dispon\u00edvel<\/a>, ou procurar diretamente no aplicativo do WhatsApp e procurar por \u2018Senac Roraima\u2019.<\/p>\n\n\n\n<div style=\"height:15px\" aria-hidden=\"true\" class=\"wp-block-spacer\"><\/div>\n\n\n\n<p>Giovanna Lima \u2013 analista t\u00e9cnica<\/p>\n\n\n\n<p>Comunica\u00e7\u00e3o Senac RR<\/p>\n","protected":false},"excerpt":{"rendered":"<p>Diversos segmentos s\u00e3o contemplados na promo\u00e7\u00e3o O Servi\u00e7o Nacional de Aprendizagem Comercial (Senac-RR) lan\u00e7ou a programa\u00e7\u00e3o de cursos promocionais para o ver\u00e3o com pre\u00e7os fixos de R$ 100! S\u00e3o diversos segmento contemplados, para que os alunos se capacitem ao longo do per\u00edodo de f\u00e9rias. Dentre&hellip; <a class=\"more-link\" href=\"https:\/\/www.rr.senac.br\/portalsenac\/senac-roraima-lanca-programacao-de-cursos-promocionais\/\">Continuar lendo <span class=\"screen-reader-text\">Senac Roraima lan\u00e7a programa\u00e7\u00e3o de cursos promocionais<\/span><\/a><\/p>\n","protected":false},"author":2,"featured_media":6481,"comment_status":"closed","ping_status":"closed","sticky":false,"template":"","format":"standard","meta":{"_jetpack_memberships_contains_paid_content":false,"_joinchat":[],"footnotes":""},"categories":[12],"tags":[],"class_list":["post-6479","post","type-post","status-publish","format-standard","has-post-thumbnail","hentry","category-ultimas-noticias","entry"],"jetpack_featured_media_url":"https:\/\/i0.wp.com\/www.rr.senac.br\/portalsenac\/wp-content\/uploads\/2024\/01\/banner-site-cursos-100-reais_Prancheta-1.png?fit=1920%2C792&ssl=1","jetpack_sharing_enabled":true,"_links":{"self":[{"href":"https:\/\/www.rr.senac.br\/portalsenac\/wp-json\/wp\/v2\/posts\/6479","targetHints":{"allow":["GET"]}}],"collection":[{"href":"https:\/\/www.rr.senac.br\/portalsenac\/wp-json\/wp\/v2\/posts"}],"about":[{"href":"https:\/\/www.rr.senac.br\/portalsenac\/wp-json\/wp\/v2\/types\/post"}],"author":[{"embeddable":true,"href":"https:\/\/www.rr.senac.br\/portalsenac\/wp-json\/wp\/v2\/users\/2"}],"replies":[{"embeddable":true,"href":"https:\/\/www.rr.senac.br\/portalsenac\/wp-json\/wp\/v2\/comments?post=6479"}],"version-history":[{"count":3,"href":"https:\/\/www.rr.senac.br\/portalsenac\/wp-json\/wp\/v2\/posts\/6479\/revisions"}],"predecessor-version":[{"id":7418,"href":"https:\/\/www.rr.senac.br\/portalsenac\/wp-json\/wp\/v2\/posts\/6479\/revisions\/7418"}],"wp:featuredmedia":[{"embeddable":true,"href":"https:\/\/www.rr.senac.br\/portalsenac\/wp-json\/wp\/v2\/media\/6481"}],"wp:attachment":[{"href":"https:\/\/www.rr.senac.br\/portalsenac\/wp-json\/wp\/v2\/media?parent=6479"}],"wp:term":[{"taxonomy":"category","embeddable":true,"href":"https:\/\/www.rr.senac.br\/portalsenac\/wp-json\/wp\/v2\/categories?post=6479"},{"taxonomy":"post_tag","embeddable":true,"href":"https:\/\/www.rr.senac.br\/portalsenac\/wp-json\/wp\/v2\/tags?post=6479"}],"curies":[{"name":"wp","href":"https:\/\/api.w.org\/{rel}","templated":true}]}}