{"id":6485,"date":"2024-01-10T10:20:57","date_gmt":"2024-01-10T13:20:57","guid":{"rendered":"https:\/\/www.rr.senac.br\/portalsenac\/?p=6485"},"modified":"2024-06-25T09:35:18","modified_gmt":"2024-06-25T13:35:18","slug":"senac-celebra-78-anos-de-transformacao-por-meio-da-educacao-profissional","status":"publish","type":"post","link":"https:\/\/www.rr.senac.br\/portalsenac\/senac-celebra-78-anos-de-transformacao-por-meio-da-educacao-profissional\/","title":{"rendered":"Senac celebra 78 anos de transforma\u00e7\u00e3o por meio da educa\u00e7\u00e3o profissional"},"content":{"rendered":"\n<div style=\"height:25px\" aria-hidden=\"true\" class=\"wp-block-spacer\"><\/div>\n\n\n<div class=\"wp-block-image\">\n<figure class=\"aligncenter size-full is-resized\"><img data-recalc-dims=\"1\" fetchpriority=\"high\" decoding=\"async\" width=\"540\" height=\"675\" src=\"https:\/\/i0.wp.com\/www.rr.senac.br\/portalsenac\/wp-content\/uploads\/2024\/06\/Cartaz-2-Senac-78-Anos.png?resize=540%2C675&#038;ssl=1\" alt=\"\" class=\"wp-image-7415\" style=\"width:500px;height:auto\" srcset=\"https:\/\/i0.wp.com\/www.rr.senac.br\/portalsenac\/wp-content\/uploads\/2024\/06\/Cartaz-2-Senac-78-Anos.png?w=540&amp;ssl=1 540w, https:\/\/i0.wp.com\/www.rr.senac.br\/portalsenac\/wp-content\/uploads\/2024\/06\/Cartaz-2-Senac-78-Anos.png?resize=240%2C300&amp;ssl=1 240w\" sizes=\"(max-width: 540px) 100vw, 540px\" \/><\/figure>\n<\/div>\n\n\n<div style=\"height:20px\" aria-hidden=\"true\" class=\"wp-block-spacer\"><\/div>\n\n\n\n<p>O Servi\u00e7o Nacional de Aprendizagem Comercial (Senac), pioneiro no desenvolvimento do com\u00e9rcio e no avan\u00e7o do pa\u00eds por meio da educa\u00e7\u00e3o profissional, comemora 78 anos de excel\u00eancia no dia 10 de janeiro de 2024. S\u00e3o quase oito d\u00e9cadas de uma hist\u00f3ria rica, repleta de inova\u00e7\u00e3o e transforma\u00e7\u00e3o, oferecendo oportunidades de aprendizado e crescimento profissional que impactam positivamente a vida dos brasileiros.&nbsp;<\/p>\n\n\n\n<div style=\"height:15px\" aria-hidden=\"true\" class=\"wp-block-spacer\"><\/div>\n\n\n\n<p>Desde sua funda\u00e7\u00e3o, o Senac tem evolu\u00eddo em sintonia com o desenvolvimento econ\u00f4mico do pa\u00eds. Inicialmente dedicada a oferecer cursos de aprendizagem comercial para jovens de 14 a 18 anos, a institui\u00e7\u00e3o expandiu suas fronteiras e hoje disponibiliza mais de mil t\u00edtulos em diversos segmentos do com\u00e9rcio de bens, servi\u00e7os e turismo. Com estruturas modernas e tecnologia de ponta, o Senac conta com cerca de 600 unidades operativas e 83 unidades m\u00f3veis, abrangendo mais de 1.900 munic\u00edpios em todos os estados brasileiros e no Distrito Federal. Al\u00e9m disso, sua presen\u00e7a global \u00e9 refor\u00e7ada pelo ensino a dist\u00e2ncia, conectando o Senac aos estudantes em qualquer tempo ou lugar.&nbsp;<\/p>\n\n\n\n<div style=\"height:15px\" aria-hidden=\"true\" class=\"wp-block-spacer\"><\/div>\n\n\n\n<p>\u201cO Senac desempenha um papel fundamental na constru\u00e7\u00e3o do Brasil que queremos. Ao longo de sua hist\u00f3ria, tem sido um catalisador de oportunidades, capacitando gera\u00e7\u00f5es de profissionais e impulsionando o desenvolvimento do nosso pa\u00eds. \u00c9 not\u00e1vel o impacto positivo que a institui\u00e7\u00e3o teve na vida de tantos brasileiros, abrindo portas para o conhecimento, a inova\u00e7\u00e3o e o sucesso profissional\u201d, comemora o presidente do Sistema CNC-Sesc-Senac, Jos\u00e9 Roberto Tadros. \u201cQue possamos continuar trilhando esse caminho de dedica\u00e7\u00e3o e excel\u00eancia, transformando desafios em oportunidades e inspirando as pr\u00f3ximas gera\u00e7\u00f5es a alcan\u00e7arem seus objetivos\u201d, conclui Tadros.<\/p>\n\n\n\n<div style=\"height:15px\" aria-hidden=\"true\" class=\"wp-block-spacer\"><\/div>\n\n\n\n<p>Como um dos bra\u00e7os sociais do Sistema Com\u00e9rcio \u2013 formado tamb\u00e9m pela CNC, Sesc, Federa\u00e7\u00f5es e Sindicatos&nbsp;\u2013, o Senac oferece educa\u00e7\u00e3o profissional de alta qualidade, permitindo que cada pessoa explore seu potencial e transforme sua realidade. O Senac continua a ser um catalisador do desenvolvimento social para o setor terci\u00e1rio, que \u00e9 o principal gerador de empregos do pa\u00eds.&nbsp;<\/p>\n\n\n\n<div style=\"height:15px\" aria-hidden=\"true\" class=\"wp-block-spacer\"><\/div>\n\n\n\n<p>Ao alcan\u00e7ar este marco significativo de 78 anos, o Senac mant\u00e9m o orgulho de seu passado, mas tamb\u00e9m direciona seu olhar para o futuro, atento \u00e0s din\u00e2micas do mercado no pa\u00eds e no mundo. A miss\u00e3o persistente de educar com excel\u00eancia \u00e9 o que impulsiona o Senac a contribuir continuamente para o progresso e o bem comum.&nbsp;<\/p>\n\n\n\n<div style=\"height:15px\" aria-hidden=\"true\" class=\"wp-block-spacer\"><\/div>\n\n\n\n<p>Como agente de transforma\u00e7\u00e3o, o Senac segue inspirando futuras gera\u00e7\u00f5es a trilharem caminhos de sucesso por meio da educa\u00e7\u00e3o profissional.&nbsp;&nbsp;<\/p>\n\n\n\n<div style=\"height:15px\" aria-hidden=\"true\" class=\"wp-block-spacer\"><\/div>\n\n\n\n<p><strong>Sobre o Senac<\/strong>&nbsp;<\/p>\n\n\n\n<p>Desde 1946, o Senac \u00e9 o principal agente de educa\u00e7\u00e3o profissional voltado para o Com\u00e9rcio de Bens, Servi\u00e7os e Turismo do pa\u00eds. Seu portf\u00f3lio contempla cursos presenciais e a dist\u00e2ncia em diversas \u00e1reas do conhecimento \u2013 da Forma\u00e7\u00e3o Inicial e Continuada \u00e0 P\u00f3s-Gradua\u00e7\u00e3o \u2013, permitindo ao aluno planejar sua carreira profissional em uma perspectiva de educa\u00e7\u00e3o continuada.&nbsp;<\/p>\n\n\n\n<div style=\"height:15px\" aria-hidden=\"true\" class=\"wp-block-spacer\"><\/div>\n\n\n\n<p><strong>Para mais informa\u00e7\u00f5es, entre em contato com:<\/strong>&nbsp;<\/p>\n\n\n\n<p>98420-3305<\/p>\n","protected":false},"excerpt":{"rendered":"<p>O Servi\u00e7o Nacional de Aprendizagem Comercial (Senac), pioneiro no desenvolvimento do com\u00e9rcio e no avan\u00e7o do pa\u00eds por meio da educa\u00e7\u00e3o profissional, comemora 78 anos de excel\u00eancia no dia 10 de janeiro de 2024. S\u00e3o quase oito d\u00e9cadas de uma hist\u00f3ria rica, repleta de inova\u00e7\u00e3o&hellip; <a class=\"more-link\" href=\"https:\/\/www.rr.senac.br\/portalsenac\/senac-celebra-78-anos-de-transformacao-por-meio-da-educacao-profissional\/\">Continuar lendo <span class=\"screen-reader-text\">Senac celebra 78 anos de transforma\u00e7\u00e3o por meio da educa\u00e7\u00e3o profissional<\/span><\/a><\/p>\n","protected":false},"author":2,"featured_media":0,"comment_status":"closed","ping_status":"closed","sticky":false,"template":"","format":"standard","meta":{"_jetpack_memberships_contains_paid_content":false,"_joinchat":[],"footnotes":""},"categories":[12],"tags":[],"class_list":["post-6485","post","type-post","status-publish","format-standard","hentry","category-ultimas-noticias","entry"],"jetpack_featured_media_url":"","jetpack_sharing_enabled":true,"_links":{"self":[{"href":"https:\/\/www.rr.senac.br\/portalsenac\/wp-json\/wp\/v2\/posts\/6485","targetHints":{"allow":["GET"]}}],"collection":[{"href":"https:\/\/www.rr.senac.br\/portalsenac\/wp-json\/wp\/v2\/posts"}],"about":[{"href":"https:\/\/www.rr.senac.br\/portalsenac\/wp-json\/wp\/v2\/types\/post"}],"author":[{"embeddable":true,"href":"https:\/\/www.rr.senac.br\/portalsenac\/wp-json\/wp\/v2\/users\/2"}],"replies":[{"embeddable":true,"href":"https:\/\/www.rr.senac.br\/portalsenac\/wp-json\/wp\/v2\/comments?post=6485"}],"version-history":[{"count":2,"href":"https:\/\/www.rr.senac.br\/portalsenac\/wp-json\/wp\/v2\/posts\/6485\/revisions"}],"predecessor-version":[{"id":7416,"href":"https:\/\/www.rr.senac.br\/portalsenac\/wp-json\/wp\/v2\/posts\/6485\/revisions\/7416"}],"wp:attachment":[{"href":"https:\/\/www.rr.senac.br\/portalsenac\/wp-json\/wp\/v2\/media?parent=6485"}],"wp:term":[{"taxonomy":"category","embeddable":true,"href":"https:\/\/www.rr.senac.br\/portalsenac\/wp-json\/wp\/v2\/categories?post=6485"},{"taxonomy":"post_tag","embeddable":true,"href":"https:\/\/www.rr.senac.br\/portalsenac\/wp-json\/wp\/v2\/tags?post=6485"}],"curies":[{"name":"wp","href":"https:\/\/api.w.org\/{rel}","templated":true}]}}