{"id":6496,"date":"2024-01-19T10:00:02","date_gmt":"2024-01-19T13:00:02","guid":{"rendered":"https:\/\/www.rr.senac.br\/portalsenac\/?p=6496"},"modified":"2024-02-02T10:57:01","modified_gmt":"2024-02-02T13:57:01","slug":"senac-completa-25-anos-de-atuacao-em-roraima","status":"publish","type":"post","link":"https:\/\/www.rr.senac.br\/portalsenac\/senac-completa-25-anos-de-atuacao-em-roraima\/","title":{"rendered":"Senac completa 25 anos de atua\u00e7\u00e3o em Roraima"},"content":{"rendered":"\n<h5 class=\"wp-block-heading\"><em>Institui\u00e7\u00e3o ofertar\u00e1 atendimentos gratuitos<\/em><\/h5>\n\n\n\n<div style=\"height:25px\" aria-hidden=\"true\" class=\"wp-block-spacer\"><\/div>\n\n\n<div class=\"wp-block-image\">\n<figure class=\"aligncenter size-full\"><img data-recalc-dims=\"1\" fetchpriority=\"high\" decoding=\"async\" width=\"680\" height=\"453\" src=\"https:\/\/i0.wp.com\/www.rr.senac.br\/portalsenac\/wp-content\/uploads\/2024\/01\/Aniversario-do-Senac-4.jpg?resize=680%2C453&#038;ssl=1\" alt=\"\" class=\"wp-image-6497\" srcset=\"https:\/\/i0.wp.com\/www.rr.senac.br\/portalsenac\/wp-content\/uploads\/2024\/01\/Aniversario-do-Senac-4.jpg?w=680&amp;ssl=1 680w, https:\/\/i0.wp.com\/www.rr.senac.br\/portalsenac\/wp-content\/uploads\/2024\/01\/Aniversario-do-Senac-4.jpg?resize=300%2C200&amp;ssl=1 300w\" sizes=\"(max-width: 680px) 100vw, 680px\" \/><\/figure>\n<\/div>\n\n\n<div style=\"height:20px\" aria-hidden=\"true\" class=\"wp-block-spacer\"><\/div>\n\n\n\n<p>CHAMA OS AMIGOS E VAMOS APROVEITAR! O Servi\u00e7o Nacional de Aprendizagem Comercial (Senac-RR) completa 25 anos de atua\u00e7\u00e3o em Roraima nesta sexta-feira, 19, e para comemorar, a institui\u00e7\u00e3o promover\u00e1 uma a\u00e7\u00e3o com atendimentos gratuitos para receber a popula\u00e7\u00e3o na unidade do bairro Asa Branca, no dia 27 de janeiro.<\/p>\n\n\n\n<div style=\"height:15px\" aria-hidden=\"true\" class=\"wp-block-spacer\"><\/div>\n\n\n\n<p>Com uma jornada de come\u00e7os e recome\u00e7os, o Senac Roraima promoveu capacita\u00e7\u00e3o profissional em diversos segmentos para milhares de jovens e adultos. Em 2024, a institui\u00e7\u00e3o prepara a recep\u00e7\u00e3o para as salas criativas, recebendo os alunos com muita tecnologia e inova\u00e7\u00e3o no cotidiano da educa\u00e7\u00e3o, al\u00e9m das ofertas de novos cursos com programa\u00e7\u00f5es variadas.<\/p>\n\n\n\n<div style=\"height:15px\" aria-hidden=\"true\" class=\"wp-block-spacer\"><\/div>\n\n\n\n<p>Para celebrar as conquistas desta bela jornada, o Senac promove no pr\u00f3ximo dia 27 de janeiro uma programa\u00e7\u00e3o especial aos alunos e \u00e0 comunidade em geral, com atividades, atendimentos e aulas-show gratuitas na unidade Bernardo Cabral, localizada na rua Hor\u00e1cio Mardel de Magalh\u00e3es, N\u00b0 400, bairro Asa Branca. O evento acontece em hor\u00e1rio comercial, das 08h \u00e0s 12 e das 14h \u00e0s 18h, sem inscri\u00e7\u00e3o pr\u00e9via.<\/p>\n\n\n\n<div style=\"height:15px\" aria-hidden=\"true\" class=\"wp-block-spacer\"><\/div>\n\n\n\n<p>Os atendimentos ofertados ser\u00e3o: oficinas de ovos de p\u00e1scoa, elabora\u00e7\u00e3o de drinques e coquet\u00e9is, maquiagem carnavalesca, corte de cabelo simples, depila\u00e7\u00e3o, avalia\u00e7\u00e3o nutricional, revitaliza\u00e7\u00e3o facial, uso de impressora 3D, e muito mais. Para participar, basta comparecer ao local e aproveitar as oportunidades.<\/p>\n\n\n\n<div style=\"height:15px\" aria-hidden=\"true\" class=\"wp-block-spacer\"><\/div>\n\n\n\n<p>\u201cEm 2024 completamos 25 anos de Senac em Roraima. 25 anos de muita dedica\u00e7\u00e3o e transforma\u00e7\u00e3o de vidas atrav\u00e9s da educa\u00e7\u00e3o profissional. Trabalhamos sempre ofertando o que temos de melhor, pois assim conseguimos capacitar m\u00e3o de obra de qualidade para o com\u00e9rcio local. Ao longo de nossa trajet\u00f3ria possibilitamos muitos come\u00e7os e recome\u00e7os, para alguns somos o in\u00edcio da vida profissional, e para outros somos a porta de entrada para atingir um novo prop\u00f3sito. Nosso intuito \u00e9 possibilitar uma educa\u00e7\u00e3o de qualidade para a popula\u00e7\u00e3o do estado de Roraima, agregando assim na empregabilidade, bem como na economia do nosso estado. Somos refer\u00eancia em educa\u00e7\u00e3o, e assim continuaremos em 2024, comemoramos nosso anivers\u00e1rio trazendo muitas novidades em cursos e muitas possibilidades de atualiza\u00e7\u00e3o e enriquecimento de conhecimentos\u201d, explicou a diretora regional do Senac Roraima, Fernanda Paula Barbosa.<\/p>\n\n\n\n<div style=\"height:15px\" aria-hidden=\"true\" class=\"wp-block-spacer\"><\/div>\n\n\n\n<p>Mais informa\u00e7\u00f5es podem ser consultadas diretamente nas redes sociais, ou com a central de atendimento, no n\u00famero 3626-8434, ou via WhatsApp: 98420-9992.<\/p>\n\n\n\n<div style=\"height:15px\" aria-hidden=\"true\" class=\"wp-block-spacer\"><\/div>\n\n\n\n<p><strong>Servi\u00e7o:<\/strong><\/p>\n\n\n\n<div style=\"height:15px\" aria-hidden=\"true\" class=\"wp-block-spacer\"><\/div>\n\n\n\n<p><strong>O qu\u00ea:<\/strong> servi\u00e7os e atendimentos gratuitos em comemora\u00e7\u00e3o ao anivers\u00e1rio do Senac RR<\/p>\n\n\n\n<div style=\"height:10px\" aria-hidden=\"true\" class=\"wp-block-spacer\"><\/div>\n\n\n\n<p><strong>Quando:<\/strong> 27\/01\/2024<\/p>\n\n\n\n<div style=\"height:15px\" aria-hidden=\"true\" class=\"wp-block-spacer\"><\/div>\n\n\n\n<p><strong>Onde:<\/strong> Unidade Bernardo Cabral \u2013 Rua Hor\u00e1cio Mardel de Magalh\u00e3es, N\u00b0 400, bairro Asa Branca<\/p>\n\n\n\n<div style=\"height:15px\" aria-hidden=\"true\" class=\"wp-block-spacer\"><\/div>\n\n\n\n<p><strong>Quem pode participar:<\/strong> popula\u00e7\u00e3o em geral, de forma gratuita<\/p>\n\n\n\n<div style=\"height:15px\" aria-hidden=\"true\" class=\"wp-block-spacer\"><\/div>\n\n\n\n<p><strong>Atividades ofertadas:<\/strong> oficinas de ovos de p\u00e1scoa; elabora\u00e7\u00e3o de drinques e coquet\u00e9is; corte de cabelo simples; depila\u00e7\u00e3o; avalia\u00e7\u00e3o nutricional; aferi\u00e7\u00e3o de press\u00e3o arterial; teste de glicemia; revitaliza\u00e7\u00e3o facial; uso de impressora 3D; \u00f3culos de realidade virtual, karaok\u00ea.<\/p>\n\n\n\n<div style=\"height:15px\" aria-hidden=\"true\" class=\"wp-block-spacer\"><\/div>\n\n\n\n<p><strong>Palestras ofertadas:<\/strong> gest\u00e3o e neg\u00f3cios; elabora\u00e7\u00e3o de curr\u00edculos; marketing digital; dicas para entrevistas de emprego; educa\u00e7\u00e3o financeira, e \u2018o que fazer para ser um jovem aprendiz\u2019.<\/p>\n\n\n\n<div style=\"height:15px\" aria-hidden=\"true\" class=\"wp-block-spacer\"><\/div>\n\n\n\n<p>Giovanna Lima \u2013 analista t\u00e9cnica<\/p>\n\n\n\n<p> Comunica\u00e7\u00e3o Senac RR<\/p>\n","protected":false},"excerpt":{"rendered":"<p>Institui\u00e7\u00e3o ofertar\u00e1 atendimentos gratuitos CHAMA OS AMIGOS E VAMOS APROVEITAR! O Servi\u00e7o Nacional de Aprendizagem Comercial (Senac-RR) completa 25 anos de atua\u00e7\u00e3o em Roraima nesta sexta-feira, 19, e para comemorar, a institui\u00e7\u00e3o promover\u00e1 uma a\u00e7\u00e3o com atendimentos gratuitos para receber a popula\u00e7\u00e3o na unidade do&hellip; <a class=\"more-link\" href=\"https:\/\/www.rr.senac.br\/portalsenac\/senac-completa-25-anos-de-atuacao-em-roraima\/\">Continuar lendo <span class=\"screen-reader-text\">Senac completa 25 anos de atua\u00e7\u00e3o em Roraima<\/span><\/a><\/p>\n","protected":false},"author":2,"featured_media":6497,"comment_status":"closed","ping_status":"closed","sticky":false,"template":"","format":"standard","meta":{"_jetpack_memberships_contains_paid_content":false,"_joinchat":[],"footnotes":""},"categories":[12],"tags":[],"class_list":["post-6496","post","type-post","status-publish","format-standard","has-post-thumbnail","hentry","category-ultimas-noticias","entry"],"jetpack_featured_media_url":"https:\/\/i0.wp.com\/www.rr.senac.br\/portalsenac\/wp-content\/uploads\/2024\/01\/Aniversario-do-Senac-4.jpg?fit=680%2C453&ssl=1","jetpack_sharing_enabled":true,"_links":{"self":[{"href":"https:\/\/www.rr.senac.br\/portalsenac\/wp-json\/wp\/v2\/posts\/6496","targetHints":{"allow":["GET"]}}],"collection":[{"href":"https:\/\/www.rr.senac.br\/portalsenac\/wp-json\/wp\/v2\/posts"}],"about":[{"href":"https:\/\/www.rr.senac.br\/portalsenac\/wp-json\/wp\/v2\/types\/post"}],"author":[{"embeddable":true,"href":"https:\/\/www.rr.senac.br\/portalsenac\/wp-json\/wp\/v2\/users\/2"}],"replies":[{"embeddable":true,"href":"https:\/\/www.rr.senac.br\/portalsenac\/wp-json\/wp\/v2\/comments?post=6496"}],"version-history":[{"count":3,"href":"https:\/\/www.rr.senac.br\/portalsenac\/wp-json\/wp\/v2\/posts\/6496\/revisions"}],"predecessor-version":[{"id":6718,"href":"https:\/\/www.rr.senac.br\/portalsenac\/wp-json\/wp\/v2\/posts\/6496\/revisions\/6718"}],"wp:featuredmedia":[{"embeddable":true,"href":"https:\/\/www.rr.senac.br\/portalsenac\/wp-json\/wp\/v2\/media\/6497"}],"wp:attachment":[{"href":"https:\/\/www.rr.senac.br\/portalsenac\/wp-json\/wp\/v2\/media?parent=6496"}],"wp:term":[{"taxonomy":"category","embeddable":true,"href":"https:\/\/www.rr.senac.br\/portalsenac\/wp-json\/wp\/v2\/categories?post=6496"},{"taxonomy":"post_tag","embeddable":true,"href":"https:\/\/www.rr.senac.br\/portalsenac\/wp-json\/wp\/v2\/tags?post=6496"}],"curies":[{"name":"wp","href":"https:\/\/api.w.org\/{rel}","templated":true}]}}