{"id":6514,"date":"2024-01-25T16:35:19","date_gmt":"2024-01-25T19:35:19","guid":{"rendered":"https:\/\/www.rr.senac.br\/portalsenac\/?p=6514"},"modified":"2024-01-25T17:07:08","modified_gmt":"2024-01-25T20:07:08","slug":"senac-rr-25-anos-acao-tera-servicos-gratuitos-e-oficinas-diversificadas-para-populacao","status":"publish","type":"post","link":"https:\/\/www.rr.senac.br\/portalsenac\/senac-rr-25-anos-acao-tera-servicos-gratuitos-e-oficinas-diversificadas-para-populacao\/","title":{"rendered":"Senac-RR 25 Anos: a\u00e7\u00e3o ter\u00e1 servi\u00e7os gratuitos e oficinas diversificadas para popula\u00e7\u00e3o"},"content":{"rendered":"\n<h5 class=\"wp-block-heading\"><em>No cronograma est\u00e3o previstos oficinas, palestras e atendimentos<\/em><\/h5>\n\n\n\n<figure class=\"wp-block-image size-large\"><img data-recalc-dims=\"1\" fetchpriority=\"high\" decoding=\"async\" width=\"750\" height=\"309\" src=\"https:\/\/i0.wp.com\/www.rr.senac.br\/portalsenac\/wp-content\/uploads\/2024\/01\/banner-site-25-anos-asa.png?resize=750%2C309&#038;ssl=1\" alt=\"\" class=\"wp-image-6503\" srcset=\"https:\/\/i0.wp.com\/www.rr.senac.br\/portalsenac\/wp-content\/uploads\/2024\/01\/banner-site-25-anos-asa.png?resize=1024%2C422&amp;ssl=1 1024w, https:\/\/i0.wp.com\/www.rr.senac.br\/portalsenac\/wp-content\/uploads\/2024\/01\/banner-site-25-anos-asa.png?resize=300%2C124&amp;ssl=1 300w, https:\/\/i0.wp.com\/www.rr.senac.br\/portalsenac\/wp-content\/uploads\/2024\/01\/banner-site-25-anos-asa.png?resize=768%2C317&amp;ssl=1 768w, https:\/\/i0.wp.com\/www.rr.senac.br\/portalsenac\/wp-content\/uploads\/2024\/01\/banner-site-25-anos-asa.png?resize=1536%2C634&amp;ssl=1 1536w, https:\/\/i0.wp.com\/www.rr.senac.br\/portalsenac\/wp-content\/uploads\/2024\/01\/banner-site-25-anos-asa.png?resize=1568%2C647&amp;ssl=1 1568w, https:\/\/i0.wp.com\/www.rr.senac.br\/portalsenac\/wp-content\/uploads\/2024\/01\/banner-site-25-anos-asa.png?w=1920&amp;ssl=1 1920w\" sizes=\"(max-width: 750px) 100vw, 750px\" \/><\/figure>\n\n\n\n<div style=\"height:25px\" aria-hidden=\"true\" class=\"wp-block-spacer\"><\/div>\n\n\n\n<p>TA CHEGANDO EIN! Neste s\u00e1bado, dia 27 de janeiro, o Servi\u00e7o Nacional de Aprendizagem Comercial (Senac-RR) realizar\u00e1 uma a\u00e7\u00e3o com diversos atendimentos, oficinas e demonstra\u00e7\u00f5es gratuitas para a popula\u00e7\u00e3o, na unidade do bairro Asa Branca, em alus\u00e3o ao anivers\u00e1rio de 25 anos da institui\u00e7\u00e3o, comemorado no dia 19 de janeiro.<\/p>\n\n\n\n<div style=\"height:10px\" aria-hidden=\"true\" class=\"wp-block-spacer\"><\/div>\n\n\n\n<p>Na programa\u00e7\u00e3o, ser\u00e3o inclu\u00eddas diversas oficinas com certifica\u00e7\u00e3o em v\u00e1rias \u00e1reas, como moda, gest\u00e3o e gastronomia. Al\u00e9m disso, haver\u00e1 diversos atendimentos profissionais gratuitos, principalmente na \u00e1rea da sa\u00fade e beleza.<\/p>\n\n\n\n<div style=\"height:10px\" aria-hidden=\"true\" class=\"wp-block-spacer\"><\/div>\n\n\n\n<p>O evento tamb\u00e9m contar\u00e1 com palestras que abordar\u00e3o uma variedade de cursos t\u00e9cnicos oferecidos pelo Senac-RR. Para os interessados na \u00e1rea da tecnologia, a a\u00e7\u00e3o apresentar\u00e1 demonstra\u00e7\u00f5es de tecnologias de ponta, como impressora 3D, \u00f3culos de realidade virtual e karaok\u00ea.<\/p>\n\n\n\n<div style=\"height:10px\" aria-hidden=\"true\" class=\"wp-block-spacer\"><\/div>\n\n\n\n<p>Confira o cronograma com todas as atividades que ser\u00e3o ofertadas:<\/p>\n\n\n\n<div style=\"height:10px\" aria-hidden=\"true\" class=\"wp-block-spacer\"><\/div>\n\n\n\n<p><strong>Oficinas:<\/strong><\/p>\n\n\n\n<p>&#8211; Oficina de ovos de pascoa;<\/p>\n\n\n\n<p>&#8211; Oficina de drinques e coquet\u00e9is;<\/p>\n\n\n\n<p>&#8211; Oficina de bordado \u00e0 m\u00e3o;<\/p>\n\n\n\n<p>&#8211; Oficina de gest\u00e3o e neg\u00f3cios;<\/p>\n\n\n\n<p>&#8211; Oficina de elabora\u00e7\u00e3o de curr\u00edculos;<\/p>\n\n\n\n<p>&#8211; Oficina de marketing digital;<\/p>\n\n\n\n<p>&#8211; Oficina de dicas para entrevistas de emprego;<\/p>\n\n\n\n<p>&#8211; Oficina de educa\u00e7\u00e3o financeira;<\/p>\n\n\n\n<p>&#8211; Oficina de \u2018O que fazer para ser um jovem aprendiz\u2019.<\/p>\n\n\n\n<div style=\"height:10px\" aria-hidden=\"true\" class=\"wp-block-spacer\"><\/div>\n\n\n\n<p><strong>Atendimentos:<\/strong><\/p>\n\n\n\n<p>&#8211; Atendimento de SPA labial;<\/p>\n\n\n\n<p>&#8211; Atendimento de corte de cabelo simples feminino;<\/p>\n\n\n\n<p>&#8211; Atendimento de depila\u00e7\u00e3o;<\/p>\n\n\n\n<p>&#8211; Atendimento de avalia\u00e7\u00e3o nutricional;<\/p>\n\n\n\n<p>&#8211; Atendimento de aferi\u00e7\u00e3o de press\u00e3o arterial;<\/p>\n\n\n\n<p>&#8211; Atendimento de teste de glicemia;<\/p>\n\n\n\n<p>-Atendimento de revitaliza\u00e7\u00e3o facial.<\/p>\n\n\n\n<div style=\"height:10px\" aria-hidden=\"true\" class=\"wp-block-spacer\"><\/div>\n\n\n\n<p><strong>Aulas-Show (Palestra):<\/strong><\/p>\n\n\n\n<p>&#8211; Curso t\u00e9cnico em est\u00e9tica;<\/p>\n\n\n\n<p>&#8211; Curso t\u00e9cnico em enfermagem;<\/p>\n\n\n\n<p>&#8211; Curso t\u00e9cnico em an\u00e1lises clinicas<\/p>\n\n\n\n<div style=\"height:10px\" aria-hidden=\"true\" class=\"wp-block-spacer\"><\/div>\n\n\n\n<p><strong>Demonstra\u00e7\u00f5es:<\/strong><\/p>\n\n\n\n<p>&#8211; Uso de impressora 3D;<\/p>\n\n\n\n<p>&#8211; Uso de \u00d3culos de realidade virtual;<\/p>\n\n\n\n<p>&#8211; Karaok\u00ea<\/p>\n\n\n\n<p>Mais informa\u00e7\u00f5es podem ser consultadas diretamente nas redes sociais, ou com a central de atendimento, no n\u00famero 3626-8434, ou via WhatsApp: 98420-9992.<\/p>\n\n\n\n<div style=\"height:10px\" aria-hidden=\"true\" class=\"wp-block-spacer\"><\/div>\n\n\n\n<p><strong>Servi\u00e7o:<\/strong><\/p>\n\n\n\n<p><strong>O qu\u00ea:<\/strong>&nbsp;servi\u00e7os e atendimentos gratuitos em comemora\u00e7\u00e3o ao anivers\u00e1rio do Senac RR<\/p>\n\n\n\n<p><strong>Quando:<\/strong>\u00a027\/01\/2024, 08h00 \u00e0s 12h00 e 14h00 \u00e0s 18h00<\/p>\n\n\n\n<p><strong>Onde:<\/strong>&nbsp;Unidade Bernardo Cabral \u2013 Rua Hor\u00e1cio Mardel de Magalh\u00e3es, N\u00b0 400, bairro Asa Branca<\/p>\n\n\n\n<p><strong>Quem pode participar:<\/strong>&nbsp;popula\u00e7\u00e3o em geral, de forma gratuita<\/p>\n\n\n\n<div style=\"height:10px\" aria-hidden=\"true\" class=\"wp-block-spacer\"><\/div>\n\n\n\n<p>Arthur Chaves<\/p>\n\n\n\n<p>Comunica\u00e7\u00e3o Senac RR<\/p>\n","protected":false},"excerpt":{"rendered":"<p>No cronograma est\u00e3o previstos oficinas, palestras e atendimentos TA CHEGANDO EIN! Neste s\u00e1bado, dia 27 de janeiro, o Servi\u00e7o Nacional de Aprendizagem Comercial (Senac-RR) realizar\u00e1 uma a\u00e7\u00e3o com diversos atendimentos, oficinas e demonstra\u00e7\u00f5es gratuitas para a popula\u00e7\u00e3o, na unidade do bairro Asa Branca, em alus\u00e3o&hellip; <a class=\"more-link\" href=\"https:\/\/www.rr.senac.br\/portalsenac\/senac-rr-25-anos-acao-tera-servicos-gratuitos-e-oficinas-diversificadas-para-populacao\/\">Continuar lendo <span class=\"screen-reader-text\">Senac-RR 25 Anos: a\u00e7\u00e3o ter\u00e1 servi\u00e7os gratuitos e oficinas diversificadas para popula\u00e7\u00e3o<\/span><\/a><\/p>\n","protected":false},"author":2,"featured_media":6503,"comment_status":"closed","ping_status":"closed","sticky":false,"template":"","format":"standard","meta":{"_jetpack_memberships_contains_paid_content":false,"_joinchat":[],"footnotes":""},"categories":[12],"tags":[],"class_list":["post-6514","post","type-post","status-publish","format-standard","has-post-thumbnail","hentry","category-ultimas-noticias","entry"],"jetpack_featured_media_url":"https:\/\/i0.wp.com\/www.rr.senac.br\/portalsenac\/wp-content\/uploads\/2024\/01\/banner-site-25-anos-asa.png?fit=1920%2C792&ssl=1","jetpack_sharing_enabled":true,"_links":{"self":[{"href":"https:\/\/www.rr.senac.br\/portalsenac\/wp-json\/wp\/v2\/posts\/6514","targetHints":{"allow":["GET"]}}],"collection":[{"href":"https:\/\/www.rr.senac.br\/portalsenac\/wp-json\/wp\/v2\/posts"}],"about":[{"href":"https:\/\/www.rr.senac.br\/portalsenac\/wp-json\/wp\/v2\/types\/post"}],"author":[{"embeddable":true,"href":"https:\/\/www.rr.senac.br\/portalsenac\/wp-json\/wp\/v2\/users\/2"}],"replies":[{"embeddable":true,"href":"https:\/\/www.rr.senac.br\/portalsenac\/wp-json\/wp\/v2\/comments?post=6514"}],"version-history":[{"count":3,"href":"https:\/\/www.rr.senac.br\/portalsenac\/wp-json\/wp\/v2\/posts\/6514\/revisions"}],"predecessor-version":[{"id":6523,"href":"https:\/\/www.rr.senac.br\/portalsenac\/wp-json\/wp\/v2\/posts\/6514\/revisions\/6523"}],"wp:featuredmedia":[{"embeddable":true,"href":"https:\/\/www.rr.senac.br\/portalsenac\/wp-json\/wp\/v2\/media\/6503"}],"wp:attachment":[{"href":"https:\/\/www.rr.senac.br\/portalsenac\/wp-json\/wp\/v2\/media?parent=6514"}],"wp:term":[{"taxonomy":"category","embeddable":true,"href":"https:\/\/www.rr.senac.br\/portalsenac\/wp-json\/wp\/v2\/categories?post=6514"},{"taxonomy":"post_tag","embeddable":true,"href":"https:\/\/www.rr.senac.br\/portalsenac\/wp-json\/wp\/v2\/tags?post=6514"}],"curies":[{"name":"wp","href":"https:\/\/api.w.org\/{rel}","templated":true}]}}