{"id":6635,"date":"2024-01-29T17:28:28","date_gmt":"2024-01-29T20:28:28","guid":{"rendered":"https:\/\/www.rr.senac.br\/portalsenac\/?p=6635"},"modified":"2024-01-29T17:30:58","modified_gmt":"2024-01-29T20:30:58","slug":"senac-realiza-dia-de-acoes-em-comemoracao-de-aniversario","status":"publish","type":"post","link":"https:\/\/www.rr.senac.br\/portalsenac\/senac-realiza-dia-de-acoes-em-comemoracao-de-aniversario\/","title":{"rendered":"Senac realiza dia de a\u00e7\u00f5es em comemora\u00e7\u00e3o de anivers\u00e1rio"},"content":{"rendered":"\n<h5 class=\"wp-block-heading\"><em>Evento reuniu mais de 200 pessoas<\/em><\/h5>\n\n\n\n<figure class=\"wp-block-image size-full\"><img data-recalc-dims=\"1\" fetchpriority=\"high\" decoding=\"async\" width=\"680\" height=\"453\" src=\"https:\/\/i0.wp.com\/www.rr.senac.br\/portalsenac\/wp-content\/uploads\/2024\/01\/3O5A4595-1.jpg?resize=680%2C453&#038;ssl=1\" alt=\"\" class=\"wp-image-6646\" srcset=\"https:\/\/i0.wp.com\/www.rr.senac.br\/portalsenac\/wp-content\/uploads\/2024\/01\/3O5A4595-1.jpg?w=680&amp;ssl=1 680w, https:\/\/i0.wp.com\/www.rr.senac.br\/portalsenac\/wp-content\/uploads\/2024\/01\/3O5A4595-1.jpg?resize=300%2C200&amp;ssl=1 300w\" sizes=\"(max-width: 680px) 100vw, 680px\" \/><\/figure>\n\n\n\n<div style=\"height:25px\" aria-hidden=\"true\" class=\"wp-block-spacer\"><\/div>\n\n\n\n<p>O Servi\u00e7o Nacional de Aprendizagem Comercial (Senac-RR) promoveu no \u00faltimo s\u00e1bado (27), a comemora\u00e7\u00e3o de 25 anos da institui\u00e7\u00e3o, em um dia repleto de a\u00e7\u00f5es, oficinas e atividades gratuitas abertas ao p\u00fablico em geral. &nbsp;O evento reuniu mais de 200 pessoas na unidade do bairro Asa Branca.<\/p>\n\n\n\n<div style=\"height:5px\" aria-hidden=\"true\" class=\"wp-block-spacer\"><\/div>\n\n\n\n<p>Com o tema \u2018come\u00e7os, e recome\u00e7os\u2019, a institui\u00e7\u00e3o celebrou a atua\u00e7\u00e3o no estado de Roraima, com servi\u00e7os e atendimentos nas \u00e1reas de beleza, gastronomia, idiomas, sa\u00fade, gest\u00e3o, tecnologia e moda. \u201cO Senac est\u00e1 aqui para apresentar nossos servi\u00e7os \u00e0 comunidade, e esta \u00e9 apenas uma das a\u00e7\u00f5es para esta celebra\u00e7\u00e3o ao longo do ano. Nossa equipe se empenhou em trazer o melhor para a popula\u00e7\u00e3o do estado de Roraima, e estamos ansiosos para tudo que o Senac tem para promover e ofertar ao longo deste ano de 2024\u201d, afirmou a diretora regional do Senac, Fernanda Paula Barbosa.<\/p>\n\n\n\n<div style=\"height:5px\" aria-hidden=\"true\" class=\"wp-block-spacer\"><\/div>\n\n\n\n<figure class=\"wp-block-gallery has-nested-images columns-default is-cropped wp-block-gallery-1 is-layout-flex wp-block-gallery-is-layout-flex\">\n<figure class=\"wp-block-image size-large\"><img data-recalc-dims=\"1\" decoding=\"async\" width=\"680\" height=\"453\" data-id=\"6644\" src=\"https:\/\/i0.wp.com\/www.rr.senac.br\/portalsenac\/wp-content\/uploads\/2024\/01\/3O5A4495.jpg?resize=680%2C453&#038;ssl=1\" alt=\"\" class=\"wp-image-6644\" srcset=\"https:\/\/i0.wp.com\/www.rr.senac.br\/portalsenac\/wp-content\/uploads\/2024\/01\/3O5A4495.jpg?w=680&amp;ssl=1 680w, https:\/\/i0.wp.com\/www.rr.senac.br\/portalsenac\/wp-content\/uploads\/2024\/01\/3O5A4495.jpg?resize=300%2C200&amp;ssl=1 300w\" sizes=\"(max-width: 680px) 100vw, 680px\" \/><\/figure>\n\n\n\n<figure class=\"wp-block-image size-large\"><img data-recalc-dims=\"1\" decoding=\"async\" width=\"680\" height=\"453\" data-id=\"6645\" src=\"https:\/\/i0.wp.com\/www.rr.senac.br\/portalsenac\/wp-content\/uploads\/2024\/01\/3O5A4672.jpg?resize=680%2C453&#038;ssl=1\" alt=\"\" class=\"wp-image-6645\" srcset=\"https:\/\/i0.wp.com\/www.rr.senac.br\/portalsenac\/wp-content\/uploads\/2024\/01\/3O5A4672.jpg?w=680&amp;ssl=1 680w, https:\/\/i0.wp.com\/www.rr.senac.br\/portalsenac\/wp-content\/uploads\/2024\/01\/3O5A4672.jpg?resize=300%2C200&amp;ssl=1 300w\" sizes=\"(max-width: 680px) 100vw, 680px\" \/><\/figure>\n\n\n\n<figure class=\"wp-block-image size-large\"><img data-recalc-dims=\"1\" loading=\"lazy\" decoding=\"async\" width=\"680\" height=\"453\" data-id=\"6647\" src=\"https:\/\/i0.wp.com\/www.rr.senac.br\/portalsenac\/wp-content\/uploads\/2024\/01\/3O5A4575.jpg?resize=680%2C453&#038;ssl=1\" alt=\"\" class=\"wp-image-6647\" srcset=\"https:\/\/i0.wp.com\/www.rr.senac.br\/portalsenac\/wp-content\/uploads\/2024\/01\/3O5A4575.jpg?w=680&amp;ssl=1 680w, https:\/\/i0.wp.com\/www.rr.senac.br\/portalsenac\/wp-content\/uploads\/2024\/01\/3O5A4575.jpg?resize=300%2C200&amp;ssl=1 300w\" sizes=\"(max-width: 680px) 100vw, 680px\" \/><\/figure>\n\n\n\n<figure class=\"wp-block-image size-large\"><img data-recalc-dims=\"1\" loading=\"lazy\" decoding=\"async\" width=\"680\" height=\"453\" data-id=\"6646\" src=\"https:\/\/i0.wp.com\/www.rr.senac.br\/portalsenac\/wp-content\/uploads\/2024\/01\/3O5A4595-1.jpg?resize=680%2C453&#038;ssl=1\" alt=\"\" class=\"wp-image-6646\" srcset=\"https:\/\/i0.wp.com\/www.rr.senac.br\/portalsenac\/wp-content\/uploads\/2024\/01\/3O5A4595-1.jpg?w=680&amp;ssl=1 680w, https:\/\/i0.wp.com\/www.rr.senac.br\/portalsenac\/wp-content\/uploads\/2024\/01\/3O5A4595-1.jpg?resize=300%2C200&amp;ssl=1 300w\" sizes=\"(max-width: 680px) 100vw, 680px\" \/><\/figure>\n\n\n\n<figure class=\"wp-block-image size-large\"><img data-recalc-dims=\"1\" loading=\"lazy\" decoding=\"async\" width=\"680\" height=\"453\" data-id=\"6648\" src=\"https:\/\/i0.wp.com\/www.rr.senac.br\/portalsenac\/wp-content\/uploads\/2024\/01\/3O5A4494.jpg?resize=680%2C453&#038;ssl=1\" alt=\"\" class=\"wp-image-6648\" srcset=\"https:\/\/i0.wp.com\/www.rr.senac.br\/portalsenac\/wp-content\/uploads\/2024\/01\/3O5A4494.jpg?w=680&amp;ssl=1 680w, https:\/\/i0.wp.com\/www.rr.senac.br\/portalsenac\/wp-content\/uploads\/2024\/01\/3O5A4494.jpg?resize=300%2C200&amp;ssl=1 300w\" sizes=\"(max-width: 680px) 100vw, 680px\" \/><\/figure>\n<\/figure>\n\n\n\n<div style=\"height:3px\" aria-hidden=\"true\" class=\"wp-block-spacer\"><\/div>\n\n\n\n<p>Dentre os participantes, Nayara Souza esteve presente nas oficinas da \u00e1rea da gest\u00e3o. \u201cEu participei das oficinas sobre entrevista de emprego e elabora\u00e7\u00e3o de curr\u00edculos, pois eu tenho interesse em ingressar no mercado de trabalho, e quero estar de acordo com o que \u00e9 solicitado\u201d, contou. \u00a0<\/p>\n\n\n\n<div style=\"height:5px\" aria-hidden=\"true\" class=\"wp-block-spacer\"><\/div>\n\n\n\n<p>Apenas em 2023, o Senac capacitou cerca de 10 mil alunos, cumprindo a miss\u00e3o de educar para o mercado de trabalho. Em 2024, a institui\u00e7\u00e3o preparou uma programa\u00e7\u00e3o de cursos, eventos e palestras recheadas de novidades para capacitar ainda mais alunos em Roraima.<\/p>\n\n\n\n<p><a href=\"https:\/\/www.facebook.com\/media\/set\/?vanity=senac.roraima&amp;set=a.369390139125269\">As fotos oficiais do evento j\u00e1 est\u00e3o dispon\u00edveis nas redes sociais da institui\u00e7\u00e3o.<\/a><\/p>\n\n\n\n<div style=\"height:3px\" aria-hidden=\"true\" class=\"wp-block-spacer\"><\/div>\n\n\n<div class=\"wp-block-image\">\n<figure class=\"aligncenter size-full\"><img data-recalc-dims=\"1\" loading=\"lazy\" decoding=\"async\" width=\"680\" height=\"453\" src=\"https:\/\/i0.wp.com\/www.rr.senac.br\/portalsenac\/wp-content\/uploads\/2024\/01\/3O5A4418.jpg?resize=680%2C453&#038;ssl=1\" alt=\"\" class=\"wp-image-6649\" srcset=\"https:\/\/i0.wp.com\/www.rr.senac.br\/portalsenac\/wp-content\/uploads\/2024\/01\/3O5A4418.jpg?w=680&amp;ssl=1 680w, https:\/\/i0.wp.com\/www.rr.senac.br\/portalsenac\/wp-content\/uploads\/2024\/01\/3O5A4418.jpg?resize=300%2C200&amp;ssl=1 300w\" sizes=\"(max-width: 680px) 100vw, 680px\" \/><\/figure>\n<\/div>\n\n\n<div style=\"height:10px\" aria-hidden=\"true\" class=\"wp-block-spacer\"><\/div>\n\n\n\n<p>Giovanna Lima \u2013 analista t\u00e9cnica <\/p>\n\n\n\n<p>Comunica\u00e7\u00e3o Senac RR<\/p>\n","protected":false},"excerpt":{"rendered":"<p>Evento reuniu mais de 200 pessoas O Servi\u00e7o Nacional de Aprendizagem Comercial (Senac-RR) promoveu no \u00faltimo s\u00e1bado (27), a comemora\u00e7\u00e3o de 25 anos da institui\u00e7\u00e3o, em um dia repleto de a\u00e7\u00f5es, oficinas e atividades gratuitas abertas ao p\u00fablico em geral. &nbsp;O evento reuniu mais de&hellip; <a class=\"more-link\" href=\"https:\/\/www.rr.senac.br\/portalsenac\/senac-realiza-dia-de-acoes-em-comemoracao-de-aniversario\/\">Continuar lendo <span class=\"screen-reader-text\">Senac realiza dia de a\u00e7\u00f5es em comemora\u00e7\u00e3o de anivers\u00e1rio<\/span><\/a><\/p>\n","protected":false},"author":2,"featured_media":6646,"comment_status":"closed","ping_status":"closed","sticky":false,"template":"","format":"standard","meta":{"_jetpack_memberships_contains_paid_content":false,"_joinchat":[],"footnotes":""},"categories":[12],"tags":[],"class_list":["post-6635","post","type-post","status-publish","format-standard","has-post-thumbnail","hentry","category-ultimas-noticias","entry"],"jetpack_featured_media_url":"https:\/\/i0.wp.com\/www.rr.senac.br\/portalsenac\/wp-content\/uploads\/2024\/01\/3O5A4595-1.jpg?fit=680%2C453&ssl=1","jetpack_sharing_enabled":true,"_links":{"self":[{"href":"https:\/\/www.rr.senac.br\/portalsenac\/wp-json\/wp\/v2\/posts\/6635","targetHints":{"allow":["GET"]}}],"collection":[{"href":"https:\/\/www.rr.senac.br\/portalsenac\/wp-json\/wp\/v2\/posts"}],"about":[{"href":"https:\/\/www.rr.senac.br\/portalsenac\/wp-json\/wp\/v2\/types\/post"}],"author":[{"embeddable":true,"href":"https:\/\/www.rr.senac.br\/portalsenac\/wp-json\/wp\/v2\/users\/2"}],"replies":[{"embeddable":true,"href":"https:\/\/www.rr.senac.br\/portalsenac\/wp-json\/wp\/v2\/comments?post=6635"}],"version-history":[{"count":5,"href":"https:\/\/www.rr.senac.br\/portalsenac\/wp-json\/wp\/v2\/posts\/6635\/revisions"}],"predecessor-version":[{"id":6654,"href":"https:\/\/www.rr.senac.br\/portalsenac\/wp-json\/wp\/v2\/posts\/6635\/revisions\/6654"}],"wp:featuredmedia":[{"embeddable":true,"href":"https:\/\/www.rr.senac.br\/portalsenac\/wp-json\/wp\/v2\/media\/6646"}],"wp:attachment":[{"href":"https:\/\/www.rr.senac.br\/portalsenac\/wp-json\/wp\/v2\/media?parent=6635"}],"wp:term":[{"taxonomy":"category","embeddable":true,"href":"https:\/\/www.rr.senac.br\/portalsenac\/wp-json\/wp\/v2\/categories?post=6635"},{"taxonomy":"post_tag","embeddable":true,"href":"https:\/\/www.rr.senac.br\/portalsenac\/wp-json\/wp\/v2\/tags?post=6635"}],"curies":[{"name":"wp","href":"https:\/\/api.w.org\/{rel}","templated":true}]}}