{"id":6688,"date":"2024-01-29T18:48:45","date_gmt":"2024-01-29T21:48:45","guid":{"rendered":"https:\/\/www.rr.senac.br\/portalsenac\/?p=6688"},"modified":"2024-01-29T18:52:15","modified_gmt":"2024-01-29T21:52:15","slug":"banco-de-oportunidades-do-senac-rr-esta-de-volta-as-atividades","status":"publish","type":"post","link":"https:\/\/www.rr.senac.br\/portalsenac\/banco-de-oportunidades-do-senac-rr-esta-de-volta-as-atividades\/","title":{"rendered":"Banco de Oportunidades do Senac-RR est\u00e1 de volta \u00e0s atividades"},"content":{"rendered":"\n<h5 class=\"wp-block-heading\"><em>Programa gratuito oferece consultoria para alunos, ex-alunos e empresas, visando impulsionar a empregabilidade em Boa Vista.<\/em><\/h5>\n\n\n\n<div style=\"height:2px\" aria-hidden=\"true\" class=\"wp-block-spacer\"><\/div>\n\n\n\n<figure class=\"wp-block-image size-large\"><img data-recalc-dims=\"1\" fetchpriority=\"high\" decoding=\"async\" width=\"750\" height=\"500\" src=\"https:\/\/i0.wp.com\/www.rr.senac.br\/portalsenac\/wp-content\/uploads\/2024\/01\/Banco-de-Oportunidades.jpeg?resize=750%2C500&#038;ssl=1\" alt=\"\" class=\"wp-image-6689\" srcset=\"https:\/\/i0.wp.com\/www.rr.senac.br\/portalsenac\/wp-content\/uploads\/2024\/01\/Banco-de-Oportunidades.jpeg?resize=1024%2C682&amp;ssl=1 1024w, https:\/\/i0.wp.com\/www.rr.senac.br\/portalsenac\/wp-content\/uploads\/2024\/01\/Banco-de-Oportunidades.jpeg?resize=300%2C200&amp;ssl=1 300w, https:\/\/i0.wp.com\/www.rr.senac.br\/portalsenac\/wp-content\/uploads\/2024\/01\/Banco-de-Oportunidades.jpeg?resize=768%2C512&amp;ssl=1 768w, https:\/\/i0.wp.com\/www.rr.senac.br\/portalsenac\/wp-content\/uploads\/2024\/01\/Banco-de-Oportunidades.jpeg?w=1346&amp;ssl=1 1346w\" sizes=\"(max-width: 750px) 100vw, 750px\" \/><\/figure>\n\n\n\n<div style=\"height:2px\" aria-hidden=\"true\" class=\"wp-block-spacer\"><\/div>\n\n\n\n<p>Nesta segunda-feira, 29, o Banco de Oportunidades do Servi\u00e7o Nacional de Aprendizagem Comercial (Senac-RR) retomou suas atividades, visando ser mais um servi\u00e7o para alunos e ex-alunos da intui\u00e7\u00e3o, que buscam entrar no mercado de trabalho. Empresas interessadas tamb\u00e9m podem participar do programa, solicitando recrutamento e sele\u00e7\u00e3o de curr\u00edculos para as vagas dispon\u00edveis.<\/p>\n\n\n\n<div style=\"height:2px\" aria-hidden=\"true\" class=\"wp-block-spacer\"><\/div>\n\n\n\n<p>O servi\u00e7o tem como objetivo encaminhar perfis que se adequem \u00e0s vagas de empresas parceiras do Senac. Desta forma, busca fornecer profissionais qualificados para as \u00e1reas do com\u00e9rcio de bens, servi\u00e7os e turismo. Al\u00e9m de ampliar as chances de empregabilidade para os alunos, contribui para a sua inclus\u00e3o socioecon\u00f4mica na sociedade. Todo o servi\u00e7o \u00e9 realizado com qualidade e efetividade pelo Senac.<\/p>\n\n\n\n<div style=\"height:2px\" aria-hidden=\"true\" class=\"wp-block-spacer\"><\/div>\n\n\n\n<p>Para participar das consultorias, basta comparecer \u00e0 unidade Ministro Ernane Galv\u00eaas, localizada na Av. Major Williams, N\u00ba 2084, bairro S\u00e3o Francisco, no hor\u00e1rio comercial das 08h \u00e0s 12h e das 14h \u00e0s 18h. Os interessados tamb\u00e9m podem acessar o site: oportunidades.rr.senac.br ou entrar em contato com a central de atendimento pelos n\u00fameros: (95) 98420-5459 ou (95) 98420-9992.<\/p>\n\n\n\n<div style=\"height:2px\" aria-hidden=\"true\" class=\"wp-block-spacer\"><\/div>\n\n\n\n<p><strong>Procedimentos do servi\u00e7o incluem: &nbsp;&nbsp;&nbsp;&nbsp;&nbsp;&nbsp;&nbsp;&nbsp;&nbsp;&nbsp;&nbsp;&nbsp;&nbsp;&nbsp;&nbsp;&nbsp;&nbsp;&nbsp;&nbsp;&nbsp;&nbsp;&nbsp;&nbsp;&nbsp;&nbsp;&nbsp;&nbsp;&nbsp;&nbsp;&nbsp;&nbsp;&nbsp;&nbsp;&nbsp;&nbsp;&nbsp;&nbsp;&nbsp;&nbsp;&nbsp;&nbsp;&nbsp;&nbsp;&nbsp;&nbsp;&nbsp;&nbsp;&nbsp;<\/strong><\/p>\n\n\n\n<p>Registro das Vagas<strong><\/strong><\/p>\n\n\n\n<p>Cadastro de Egressos<strong><\/strong><\/p>\n\n\n\n<p>Sele\u00e7\u00e3o e Orienta\u00e7\u00e3o de Egressos<strong><\/strong><\/p>\n\n\n\n<p>Encaminhamento de Egressos<strong><\/strong><\/p>\n\n\n\n<p>Monitoramento e Avalia\u00e7\u00e3o&nbsp;&nbsp;&nbsp;&nbsp;<\/p>\n\n\n\n<div style=\"height:2px\" aria-hidden=\"true\" class=\"wp-block-spacer\"><\/div>\n\n\n\n<p><strong>Sobre o programa:<\/strong><\/p>\n\n\n\n<p>Com mais de 500 empresas cadastradas ao Banco de oportunidades, o Senac disponibiliza aos seus ex-alunos, o cadastro de seu curr\u00edculo no banco de dados, onde \u00e9 realizado o elo entre egressos e o mercado de trabalho Roraimense. Tudo de forma gratuita, para ambas as partes. O Banco de Oportunidades possui 4.364 cadastros de egressos do Senac e j\u00e1 encaminhou para o mercado de trabalho local mais de 4.000 egressos desde sua cria\u00e7\u00e3o em 2010.&nbsp;&nbsp;&nbsp;&nbsp;&nbsp;&nbsp;<\/p>\n\n\n\n<div style=\"height:2px\" aria-hidden=\"true\" class=\"wp-block-spacer\"><\/div>\n\n\n\n<p>Suprindo a necessidade das empresas em encontrar m\u00e3o de obra qualificada nas \u00e1reas de turismo, hospitalidade, gest\u00e3o, com\u00e9rcio, sa\u00fade, comunica\u00e7\u00e3o, beleza, inform\u00e1tica, idiomas, desenvolvimento educacional, moda e artes, gerando assim mais possibilidades para os egressos conquistarem sua vaga neste mercado competitivo.<\/p>\n\n\n\n<div style=\"height:2px\" aria-hidden=\"true\" class=\"wp-block-spacer\"><\/div>\n\n\n\n<p><strong>Arthur Chaves<\/strong><\/p>\n\n\n\n<p><strong>Comunica\u00e7\u00e3o Senac-RR<\/strong><\/p>\n\n\n\n<div style=\"height:2px\" aria-hidden=\"true\" class=\"wp-block-spacer\"><\/div>\n\n\n\n<p>&nbsp;&nbsp;&nbsp;&nbsp;&nbsp;&nbsp;&nbsp;&nbsp;&nbsp;&nbsp;&nbsp;&nbsp;&nbsp;&nbsp;&nbsp;&nbsp;&nbsp;&nbsp;&nbsp;&nbsp;&nbsp;&nbsp;&nbsp;&nbsp;&nbsp;&nbsp;&nbsp;&nbsp;&nbsp;&nbsp;&nbsp;&nbsp;&nbsp;&nbsp;&nbsp;&nbsp;&nbsp;&nbsp;&nbsp;&nbsp;&nbsp;&nbsp;&nbsp;&nbsp;&nbsp;&nbsp;&nbsp;&nbsp;&nbsp;&nbsp;&nbsp;&nbsp;&nbsp;&nbsp;&nbsp;&nbsp;&nbsp;&nbsp;&nbsp;&nbsp;&nbsp;&nbsp;&nbsp;&nbsp;&nbsp;&nbsp;&nbsp;&nbsp;&nbsp;&nbsp;<\/p>\n","protected":false},"excerpt":{"rendered":"<p>Programa gratuito oferece consultoria para alunos, ex-alunos e empresas, visando impulsionar a empregabilidade em Boa Vista. Nesta segunda-feira, 29, o Banco de Oportunidades do Servi\u00e7o Nacional de Aprendizagem Comercial (Senac-RR) retomou suas atividades, visando ser mais um servi\u00e7o para alunos e ex-alunos da intui\u00e7\u00e3o, que&hellip; <a class=\"more-link\" href=\"https:\/\/www.rr.senac.br\/portalsenac\/banco-de-oportunidades-do-senac-rr-esta-de-volta-as-atividades\/\">Continuar lendo <span class=\"screen-reader-text\">Banco de Oportunidades do Senac-RR est\u00e1 de volta \u00e0s atividades<\/span><\/a><\/p>\n","protected":false},"author":2,"featured_media":6689,"comment_status":"closed","ping_status":"closed","sticky":false,"template":"","format":"standard","meta":{"_jetpack_memberships_contains_paid_content":false,"_joinchat":[],"footnotes":""},"categories":[12],"tags":[],"class_list":["post-6688","post","type-post","status-publish","format-standard","has-post-thumbnail","hentry","category-ultimas-noticias","entry"],"jetpack_featured_media_url":"https:\/\/i0.wp.com\/www.rr.senac.br\/portalsenac\/wp-content\/uploads\/2024\/01\/Banco-de-Oportunidades.jpeg?fit=1346%2C897&ssl=1","jetpack_sharing_enabled":true,"_links":{"self":[{"href":"https:\/\/www.rr.senac.br\/portalsenac\/wp-json\/wp\/v2\/posts\/6688","targetHints":{"allow":["GET"]}}],"collection":[{"href":"https:\/\/www.rr.senac.br\/portalsenac\/wp-json\/wp\/v2\/posts"}],"about":[{"href":"https:\/\/www.rr.senac.br\/portalsenac\/wp-json\/wp\/v2\/types\/post"}],"author":[{"embeddable":true,"href":"https:\/\/www.rr.senac.br\/portalsenac\/wp-json\/wp\/v2\/users\/2"}],"replies":[{"embeddable":true,"href":"https:\/\/www.rr.senac.br\/portalsenac\/wp-json\/wp\/v2\/comments?post=6688"}],"version-history":[{"count":3,"href":"https:\/\/www.rr.senac.br\/portalsenac\/wp-json\/wp\/v2\/posts\/6688\/revisions"}],"predecessor-version":[{"id":6692,"href":"https:\/\/www.rr.senac.br\/portalsenac\/wp-json\/wp\/v2\/posts\/6688\/revisions\/6692"}],"wp:featuredmedia":[{"embeddable":true,"href":"https:\/\/www.rr.senac.br\/portalsenac\/wp-json\/wp\/v2\/media\/6689"}],"wp:attachment":[{"href":"https:\/\/www.rr.senac.br\/portalsenac\/wp-json\/wp\/v2\/media?parent=6688"}],"wp:term":[{"taxonomy":"category","embeddable":true,"href":"https:\/\/www.rr.senac.br\/portalsenac\/wp-json\/wp\/v2\/categories?post=6688"},{"taxonomy":"post_tag","embeddable":true,"href":"https:\/\/www.rr.senac.br\/portalsenac\/wp-json\/wp\/v2\/tags?post=6688"}],"curies":[{"name":"wp","href":"https:\/\/api.w.org\/{rel}","templated":true}]}}