{"id":6993,"date":"2024-02-15T18:08:45","date_gmt":"2024-02-15T21:08:45","guid":{"rendered":"https:\/\/www.rr.senac.br\/portalsenac\/?p=6993"},"modified":"2024-02-15T18:23:22","modified_gmt":"2024-02-15T21:23:22","slug":"senac-rr-celebra-25-anos-de-transformacao-e-oportunidades","status":"publish","type":"post","link":"https:\/\/www.rr.senac.br\/portalsenac\/senac-rr-celebra-25-anos-de-transformacao-e-oportunidades\/","title":{"rendered":"Senac-RR celebra 25 anos de Transforma\u00e7\u00e3o e Oportunidades"},"content":{"rendered":"\n<h4 class=\"wp-block-heading\"><em>Colaboradores e autoridades relembram hist\u00f3rias de sucesso e reconhecimento na institui\u00e7\u00e3o.<\/em><\/h4>\n\n\n\n<figure class=\"wp-block-image size-large\"><img data-recalc-dims=\"1\" fetchpriority=\"high\" decoding=\"async\" width=\"750\" height=\"500\" src=\"https:\/\/i0.wp.com\/www.rr.senac.br\/portalsenac\/wp-content\/uploads\/2024\/02\/3O5A6872.jpg?resize=750%2C500&#038;ssl=1\" alt=\"\" class=\"wp-image-6994\" srcset=\"https:\/\/i0.wp.com\/www.rr.senac.br\/portalsenac\/wp-content\/uploads\/2024\/02\/3O5A6872-scaled.jpg?resize=1024%2C683&amp;ssl=1 1024w, https:\/\/i0.wp.com\/www.rr.senac.br\/portalsenac\/wp-content\/uploads\/2024\/02\/3O5A6872-scaled.jpg?resize=300%2C200&amp;ssl=1 300w, https:\/\/i0.wp.com\/www.rr.senac.br\/portalsenac\/wp-content\/uploads\/2024\/02\/3O5A6872-scaled.jpg?resize=768%2C512&amp;ssl=1 768w, https:\/\/i0.wp.com\/www.rr.senac.br\/portalsenac\/wp-content\/uploads\/2024\/02\/3O5A6872-scaled.jpg?resize=1536%2C1024&amp;ssl=1 1536w, https:\/\/i0.wp.com\/www.rr.senac.br\/portalsenac\/wp-content\/uploads\/2024\/02\/3O5A6872-scaled.jpg?resize=2048%2C1365&amp;ssl=1 2048w, https:\/\/i0.wp.com\/www.rr.senac.br\/portalsenac\/wp-content\/uploads\/2024\/02\/3O5A6872-scaled.jpg?resize=1568%2C1045&amp;ssl=1 1568w, https:\/\/i0.wp.com\/www.rr.senac.br\/portalsenac\/wp-content\/uploads\/2024\/02\/3O5A6872-scaled.jpg?w=2250&amp;ssl=1 2250w\" sizes=\"(max-width: 750px) 100vw, 750px\" \/><figcaption class=\"wp-element-caption\">Cerimonia realizada em comemora\u00e7\u00e3o aos 25 anos de Senac. Foto: Giannini Medeiros<\/figcaption><\/figure>\n\n\n\n<p>Na \u00faltima sexta-feira (9), o Servi\u00e7o Nacional de Aprendizagem Comercial (Senac-RR) realizou um evento para seus colaboradores em comemora\u00e7\u00e3o aos 25 anos da institui\u00e7\u00e3o. A celebra\u00e7\u00e3o ocorreu na unidade sede, e contou com a participa\u00e7\u00e3o dos colaboradores, diretoria e conselho fiscal.<\/p>\n\n\n\n<div style=\"height:1px\" aria-hidden=\"true\" class=\"wp-block-spacer\"><\/div>\n\n\n\n<p>Durante todos esses anos, o Senac-RR qualificou cerca de 240 mil pessoas, formando excelentes profissionais e preparando-os para o mercado de trabalho brasileiro. Foram a\u00e7\u00f5es sociais, onde a institui\u00e7\u00e3o se empenhou em abranger todas as camadas sociais de Roraima e proporcionar oportunidades e servi\u00e7os a todos.<\/p>\n\n\n\n<div style=\"height:1px\" aria-hidden=\"true\" class=\"wp-block-spacer\"><\/div>\n\n\n\n<p>Tendo como tema &#8220;Come\u00e7os e Recome\u00e7os&#8221;, o Senac-RR destacou hist\u00f3rias inspiradoras envolvendo a trajet\u00f3ria dos colaboradores que marcaram a institui\u00e7\u00e3o. Fernanda Paula, diretora regional do Senac-RR, destaca sua jornada.<\/p>\n\n\n\n<div style=\"height:1px\" aria-hidden=\"true\" class=\"wp-block-spacer\"><\/div>\n\n\n\n<p>&#8220;Eu tenho muito orgulho de dizer que sou ex-aluna do Senac. Comecei minha trajet\u00f3ria na institui\u00e7\u00e3o como aluna, fiz cursos e ingressei aqui, uma hist\u00f3ria que j\u00e1 dura h\u00e1 11 anos. Desde ent\u00e3o, fui instrutora, gerente de educa\u00e7\u00e3o e hoje estou \u00e0 frente da diretoria. Ent\u00e3o, posso dizer que o Senac, na minha vida profissional, foi um come\u00e7o, e est\u00e1 sendo todos os dias, proporcionando-me algo diferente&#8221;, expressa a diretora.<\/p>\n\n\n\n<div style=\"height:1px\" aria-hidden=\"true\" class=\"wp-block-spacer\"><\/div>\n\n\n\n<p>O presidente do Sistema Fecom\u00e9rcio\/Sesc\/Senac\/IFPD em Roraima, Ademir dos Santos, explanou sua felicidade em compartilhar este momento com os colaboradores. \u201cMe orgulho em fazer parte desta jornada, o Senac j\u00e1 atuou e capacitou milhares de jovens e adultos em todos os munic\u00edpios de Roraima, garantindo a qualifica\u00e7\u00e3o de profissionais que contribuem para o desenvolvimento do nosso estado\u201d.<\/p>\n\n\n\n<div style=\"height:1px\" aria-hidden=\"true\" class=\"wp-block-spacer\"><\/div>\n\n\n\n<p>O Governador do Estado de Roraima, Antonio Denarium, marcou presen\u00e7a na celebra\u00e7\u00e3o e tamb\u00e9m destacou como o Senac esteve presente em sua vida. &#8220;Meu come\u00e7o no Senac foi h\u00e1 44 anos atr\u00e1s. Em 1980, l\u00e1 em An\u00e1polis, fiz v\u00e1rios cursos na institui\u00e7\u00e3o: auxiliar de escrit\u00f3rio, datilografia, t\u00e9cnicas de vendas, no\u00e7\u00f5es de contabilidade, recursos humanos, faturista, entre outros. Hoje estou governando o estado de Roraima e fazendo com que o estado cres\u00e7a, se desenvolva e gere mais oportunidades. Estou feliz por estar aqui comemorando 25 anos do Senac&#8221;, finalizou.<\/p>\n\n\n\n<div style=\"height:1px\" aria-hidden=\"true\" class=\"wp-block-spacer\"><\/div>\n\n\n\n<figure class=\"wp-block-image size-large\"><img data-recalc-dims=\"1\" decoding=\"async\" width=\"750\" height=\"500\" src=\"https:\/\/i0.wp.com\/www.rr.senac.br\/portalsenac\/wp-content\/uploads\/2024\/02\/3O5A6862.jpg?resize=750%2C500&#038;ssl=1\" alt=\"\" class=\"wp-image-6999\" srcset=\"https:\/\/i0.wp.com\/www.rr.senac.br\/portalsenac\/wp-content\/uploads\/2024\/02\/3O5A6862-scaled.jpg?resize=1024%2C683&amp;ssl=1 1024w, https:\/\/i0.wp.com\/www.rr.senac.br\/portalsenac\/wp-content\/uploads\/2024\/02\/3O5A6862-scaled.jpg?resize=300%2C200&amp;ssl=1 300w, https:\/\/i0.wp.com\/www.rr.senac.br\/portalsenac\/wp-content\/uploads\/2024\/02\/3O5A6862-scaled.jpg?resize=768%2C512&amp;ssl=1 768w, https:\/\/i0.wp.com\/www.rr.senac.br\/portalsenac\/wp-content\/uploads\/2024\/02\/3O5A6862-scaled.jpg?resize=1536%2C1024&amp;ssl=1 1536w, https:\/\/i0.wp.com\/www.rr.senac.br\/portalsenac\/wp-content\/uploads\/2024\/02\/3O5A6862-scaled.jpg?resize=2048%2C1365&amp;ssl=1 2048w, https:\/\/i0.wp.com\/www.rr.senac.br\/portalsenac\/wp-content\/uploads\/2024\/02\/3O5A6862-scaled.jpg?resize=1568%2C1045&amp;ssl=1 1568w, https:\/\/i0.wp.com\/www.rr.senac.br\/portalsenac\/wp-content\/uploads\/2024\/02\/3O5A6862-scaled.jpg?w=2250&amp;ssl=1 2250w\" sizes=\"(max-width: 750px) 100vw, 750px\" \/><figcaption class=\"wp-element-caption\">Colaboradores sendo agraciados pelos seus anos de servi\u00e7o na institui\u00e7\u00e3o. Foto: Giannini Medeiros<\/figcaption><\/figure>\n\n\n\n<p>Durante a cerim\u00f4nia, a institui\u00e7\u00e3o prestou homenagem aos cinco colaboradores com mais tempo de servi\u00e7o, reconhecendo a trajet\u00f3ria profissional de cada um. Jaison Martins, Rodrigo Evangelista, Napole\u00e3o Marcos, Roselita Cortez e Maria Joana Reinert foram os colaboradores homenageados, al\u00e9m do presidente Ademir dos Santos que tamb\u00e9m foi consagrado com uma homenagem na cerim\u00f4nia.<\/p>\n\n\n\n<div style=\"height:1px\" aria-hidden=\"true\" class=\"wp-block-spacer\"><\/div>\n\n\n\n<p>O Senac Roraima se orgulha de sua hist\u00f3ria e do time de colaboradores que fazem parte desta jornada e contribuem com esta institui\u00e7\u00e3o. Como agente de transforma\u00e7\u00e3o, o Senac segue inspirando futuras gera\u00e7\u00f5es a trilharem caminhos de sucesso por meio da educa\u00e7\u00e3o profissional.<\/p>\n\n\n\n<div style=\"height:1px\" aria-hidden=\"true\" class=\"wp-block-spacer\"><\/div>\n\n\n\n<p>Arthur Chaves<\/p>\n\n\n\n<p>Comunica\u00e7\u00e3o Senac RR<\/p>\n","protected":false},"excerpt":{"rendered":"<p>Colaboradores e autoridades relembram hist\u00f3rias de sucesso e reconhecimento na institui\u00e7\u00e3o. Na \u00faltima sexta-feira (9), o Servi\u00e7o Nacional de Aprendizagem Comercial (Senac-RR) realizou um evento para seus colaboradores em comemora\u00e7\u00e3o aos 25 anos da institui\u00e7\u00e3o. A celebra\u00e7\u00e3o ocorreu na unidade sede, e contou com a&hellip; <a class=\"more-link\" href=\"https:\/\/www.rr.senac.br\/portalsenac\/senac-rr-celebra-25-anos-de-transformacao-e-oportunidades\/\">Continuar lendo <span class=\"screen-reader-text\">Senac-RR celebra 25 anos de Transforma\u00e7\u00e3o e Oportunidades<\/span><\/a><\/p>\n","protected":false},"author":2,"featured_media":6994,"comment_status":"closed","ping_status":"","sticky":false,"template":"","format":"standard","meta":{"_jetpack_memberships_contains_paid_content":false,"_joinchat":[],"footnotes":""},"categories":[12],"tags":[],"class_list":["post-6993","post","type-post","status-publish","format-standard","has-post-thumbnail","hentry","category-ultimas-noticias","entry"],"jetpack_featured_media_url":"https:\/\/i0.wp.com\/www.rr.senac.br\/portalsenac\/wp-content\/uploads\/2024\/02\/3O5A6872-scaled.jpg?fit=2560%2C1707&ssl=1","jetpack_sharing_enabled":true,"_links":{"self":[{"href":"https:\/\/www.rr.senac.br\/portalsenac\/wp-json\/wp\/v2\/posts\/6993","targetHints":{"allow":["GET"]}}],"collection":[{"href":"https:\/\/www.rr.senac.br\/portalsenac\/wp-json\/wp\/v2\/posts"}],"about":[{"href":"https:\/\/www.rr.senac.br\/portalsenac\/wp-json\/wp\/v2\/types\/post"}],"author":[{"embeddable":true,"href":"https:\/\/www.rr.senac.br\/portalsenac\/wp-json\/wp\/v2\/users\/2"}],"replies":[{"embeddable":true,"href":"https:\/\/www.rr.senac.br\/portalsenac\/wp-json\/wp\/v2\/comments?post=6993"}],"version-history":[{"count":5,"href":"https:\/\/www.rr.senac.br\/portalsenac\/wp-json\/wp\/v2\/posts\/6993\/revisions"}],"predecessor-version":[{"id":7000,"href":"https:\/\/www.rr.senac.br\/portalsenac\/wp-json\/wp\/v2\/posts\/6993\/revisions\/7000"}],"wp:featuredmedia":[{"embeddable":true,"href":"https:\/\/www.rr.senac.br\/portalsenac\/wp-json\/wp\/v2\/media\/6994"}],"wp:attachment":[{"href":"https:\/\/www.rr.senac.br\/portalsenac\/wp-json\/wp\/v2\/media?parent=6993"}],"wp:term":[{"taxonomy":"category","embeddable":true,"href":"https:\/\/www.rr.senac.br\/portalsenac\/wp-json\/wp\/v2\/categories?post=6993"},{"taxonomy":"post_tag","embeddable":true,"href":"https:\/\/www.rr.senac.br\/portalsenac\/wp-json\/wp\/v2\/tags?post=6993"}],"curies":[{"name":"wp","href":"https:\/\/api.w.org\/{rel}","templated":true}]}}