{"id":7001,"date":"2024-02-20T18:12:51","date_gmt":"2024-02-20T21:12:51","guid":{"rendered":"https:\/\/www.rr.senac.br\/portalsenac\/?p=7001"},"modified":"2024-02-20T18:15:11","modified_gmt":"2024-02-20T21:15:11","slug":"senac-lanca-edital-de-cursos-gratuitos-em-boa-vista","status":"publish","type":"post","link":"https:\/\/www.rr.senac.br\/portalsenac\/senac-lanca-edital-de-cursos-gratuitos-em-boa-vista\/","title":{"rendered":"Senac lan\u00e7a edital de cursos gratuitos em Boa Vista"},"content":{"rendered":"\n<h5 class=\"wp-block-heading\"><em>PSG contempla cursos livres a t\u00e9cnicos<\/em><\/h5>\n\n\n\n<div style=\"height:15px\" aria-hidden=\"true\" class=\"wp-block-spacer\"><\/div>\n\n\n\n<figure class=\"wp-block-image size-large\"><img data-recalc-dims=\"1\" fetchpriority=\"high\" decoding=\"async\" width=\"750\" height=\"500\" src=\"https:\/\/i0.wp.com\/www.rr.senac.br\/portalsenac\/wp-content\/uploads\/2024\/02\/SENACRR-1.jpg?resize=750%2C500&#038;ssl=1\" alt=\"\" class=\"wp-image-7002\" srcset=\"https:\/\/i0.wp.com\/www.rr.senac.br\/portalsenac\/wp-content\/uploads\/2024\/02\/SENACRR-1-scaled.jpg?resize=1024%2C683&amp;ssl=1 1024w, https:\/\/i0.wp.com\/www.rr.senac.br\/portalsenac\/wp-content\/uploads\/2024\/02\/SENACRR-1-scaled.jpg?resize=300%2C200&amp;ssl=1 300w, https:\/\/i0.wp.com\/www.rr.senac.br\/portalsenac\/wp-content\/uploads\/2024\/02\/SENACRR-1-scaled.jpg?resize=768%2C512&amp;ssl=1 768w, https:\/\/i0.wp.com\/www.rr.senac.br\/portalsenac\/wp-content\/uploads\/2024\/02\/SENACRR-1-scaled.jpg?resize=1536%2C1024&amp;ssl=1 1536w, https:\/\/i0.wp.com\/www.rr.senac.br\/portalsenac\/wp-content\/uploads\/2024\/02\/SENACRR-1-scaled.jpg?resize=2048%2C1365&amp;ssl=1 2048w, https:\/\/i0.wp.com\/www.rr.senac.br\/portalsenac\/wp-content\/uploads\/2024\/02\/SENACRR-1-scaled.jpg?resize=1568%2C1045&amp;ssl=1 1568w, https:\/\/i0.wp.com\/www.rr.senac.br\/portalsenac\/wp-content\/uploads\/2024\/02\/SENACRR-1-scaled.jpg?w=2250&amp;ssl=1 2250w\" sizes=\"(max-width: 750px) 100vw, 750px\" \/><\/figure>\n\n\n\n<p>O Servi\u00e7o Nacional de Aprendizagem Comercial (Senac-RR), lan\u00e7ou nesta ter\u00e7a-feira (20), o terceiro edital do Programa Senac de Gratuidade, com cerca de 180 vagas destinadas \u00e0 capital. Inscri\u00e7\u00f5es iniciam nesta quarta-feira (21) de forma on-line, <a href=\"https:\/\/app.rr.senac.br\/send3\/site\/psg\">no site da institui\u00e7\u00e3o.<\/a><\/p>\n\n\n\n<div style=\"height:2px\" aria-hidden=\"true\" class=\"wp-block-spacer\"><\/div>\n\n\n\n<p>Os cursos dispon\u00edveis no edital s\u00e3o: assistente financeiro; vendedor; comprador; assistente de pessoal; t\u00e9cnico em gastronomia; t\u00e9cnico em guia de turismo; gar\u00e7om; bartender, e planejamento e organiza\u00e7\u00e3o de eventos sociais. Para participar, os interessados devem atender os pr\u00e9-requisitos espec\u00edficos do curso desejado.<\/p>\n\n\n\n<div style=\"height:2px\" aria-hidden=\"true\" class=\"wp-block-spacer\"><\/div>\n\n\n\n<p>Ap\u00f3s acessar o site da institui\u00e7\u00e3o, devem realizar a primeira etapa de inscri\u00e7\u00e3o, a partir das 08h30 desta quarta-feira, mas para efetivar a matr\u00edcula, os candidatos devem comparecer \u00e0 unidade informada no edital com a documenta\u00e7\u00e3o solicitada.<\/p>\n\n\n\n<div style=\"height:2px\" aria-hidden=\"true\" class=\"wp-block-spacer\"><\/div>\n\n\n\n<p>Esta \u00e9 uma oportunidade para ingressar no mercado de trabalho com a qualifica\u00e7\u00e3o profissional ofertada pelo Senac, de forma gratuita. Mais informa\u00e7\u00f5es devem ser consultadas no <a href=\"https:\/\/app.rr.senac.br\/send3\/site\/psg\">edital<\/a>, ou diretamente com a central de atendimento do Senac via WhatsApp: 98420-9992.<\/p>\n\n\n\n<div style=\"height:2px\" aria-hidden=\"true\" class=\"wp-block-spacer\"><\/div>\n\n\n\n<p>Giovanna Lima \u2013 analista t\u00e9cnica<\/p>\n\n\n\n<p>Comunica\u00e7\u00e3o Senac RR<\/p>\n","protected":false},"excerpt":{"rendered":"<p>PSG contempla cursos livres a t\u00e9cnicos O Servi\u00e7o Nacional de Aprendizagem Comercial (Senac-RR), lan\u00e7ou nesta ter\u00e7a-feira (20), o terceiro edital do Programa Senac de Gratuidade, com cerca de 180 vagas destinadas \u00e0 capital. Inscri\u00e7\u00f5es iniciam nesta quarta-feira (21) de forma on-line, no site da institui\u00e7\u00e3o.&hellip; <a class=\"more-link\" href=\"https:\/\/www.rr.senac.br\/portalsenac\/senac-lanca-edital-de-cursos-gratuitos-em-boa-vista\/\">Continuar lendo <span class=\"screen-reader-text\">Senac lan\u00e7a edital de cursos gratuitos em Boa Vista<\/span><\/a><\/p>\n","protected":false},"author":2,"featured_media":7002,"comment_status":"closed","ping_status":"closed","sticky":false,"template":"","format":"standard","meta":{"_jetpack_memberships_contains_paid_content":false,"_joinchat":[],"footnotes":""},"categories":[12],"tags":[],"class_list":["post-7001","post","type-post","status-publish","format-standard","has-post-thumbnail","hentry","category-ultimas-noticias","entry"],"jetpack_featured_media_url":"https:\/\/i0.wp.com\/www.rr.senac.br\/portalsenac\/wp-content\/uploads\/2024\/02\/SENACRR-1-scaled.jpg?fit=2560%2C1707&ssl=1","jetpack_sharing_enabled":true,"_links":{"self":[{"href":"https:\/\/www.rr.senac.br\/portalsenac\/wp-json\/wp\/v2\/posts\/7001","targetHints":{"allow":["GET"]}}],"collection":[{"href":"https:\/\/www.rr.senac.br\/portalsenac\/wp-json\/wp\/v2\/posts"}],"about":[{"href":"https:\/\/www.rr.senac.br\/portalsenac\/wp-json\/wp\/v2\/types\/post"}],"author":[{"embeddable":true,"href":"https:\/\/www.rr.senac.br\/portalsenac\/wp-json\/wp\/v2\/users\/2"}],"replies":[{"embeddable":true,"href":"https:\/\/www.rr.senac.br\/portalsenac\/wp-json\/wp\/v2\/comments?post=7001"}],"version-history":[{"count":4,"href":"https:\/\/www.rr.senac.br\/portalsenac\/wp-json\/wp\/v2\/posts\/7001\/revisions"}],"predecessor-version":[{"id":7006,"href":"https:\/\/www.rr.senac.br\/portalsenac\/wp-json\/wp\/v2\/posts\/7001\/revisions\/7006"}],"wp:featuredmedia":[{"embeddable":true,"href":"https:\/\/www.rr.senac.br\/portalsenac\/wp-json\/wp\/v2\/media\/7002"}],"wp:attachment":[{"href":"https:\/\/www.rr.senac.br\/portalsenac\/wp-json\/wp\/v2\/media?parent=7001"}],"wp:term":[{"taxonomy":"category","embeddable":true,"href":"https:\/\/www.rr.senac.br\/portalsenac\/wp-json\/wp\/v2\/categories?post=7001"},{"taxonomy":"post_tag","embeddable":true,"href":"https:\/\/www.rr.senac.br\/portalsenac\/wp-json\/wp\/v2\/tags?post=7001"}],"curies":[{"name":"wp","href":"https:\/\/api.w.org\/{rel}","templated":true}]}}