{"id":7052,"date":"2024-02-28T17:07:48","date_gmt":"2024-02-28T21:07:48","guid":{"rendered":"https:\/\/www.rr.senac.br\/portalsenac\/?p=7052"},"modified":"2024-02-28T17:08:26","modified_gmt":"2024-02-28T21:08:26","slug":"senac-rr-lanca-edital-para-terceira-edicao-de-casamento-coletivo","status":"publish","type":"post","link":"https:\/\/www.rr.senac.br\/portalsenac\/senac-rr-lanca-edital-para-terceira-edicao-de-casamento-coletivo\/","title":{"rendered":"Senac-RR lan\u00e7a edital para terceira edi\u00e7\u00e3o de Casamento Coletivo"},"content":{"rendered":"\n<h5 class=\"wp-block-heading\"><em>Inscri\u00e7\u00f5es iniciam nesta sexta-feira (01)<\/em><\/h5>\n\n\n\n<div style=\"height:10px\" aria-hidden=\"true\" class=\"wp-block-spacer\"><\/div>\n\n\n\n<figure class=\"wp-block-image size-full\"><img data-recalc-dims=\"1\" fetchpriority=\"high\" decoding=\"async\" width=\"700\" height=\"466\" src=\"https:\/\/i0.wp.com\/www.rr.senac.br\/portalsenac\/wp-content\/uploads\/2024\/02\/Casamento-Coletivo-Senac-RR-3.jpg?resize=700%2C466&#038;ssl=1\" alt=\"\" class=\"wp-image-7053\" srcset=\"https:\/\/i0.wp.com\/www.rr.senac.br\/portalsenac\/wp-content\/uploads\/2024\/02\/Casamento-Coletivo-Senac-RR-3.jpg?w=700&amp;ssl=1 700w, https:\/\/i0.wp.com\/www.rr.senac.br\/portalsenac\/wp-content\/uploads\/2024\/02\/Casamento-Coletivo-Senac-RR-3.jpg?resize=300%2C200&amp;ssl=1 300w\" sizes=\"(max-width: 700px) 100vw, 700px\" \/><\/figure>\n\n\n\n<p>O romance est\u00e1 no ar! A terceira edi\u00e7\u00e3o do casamento coletivo do Servi\u00e7o Nacional de Aprendizagem Comercial (Senac-RR) est\u00e1 chegando! Com inscri\u00e7\u00f5es a partir do dia 01 de mar\u00e7o, a edi\u00e7\u00e3o selecionar\u00e1 10 casais com hist\u00f3rias apaixonadas para participar da cerim\u00f4nia.<\/p>\n\n\n\n<div style=\"height:1px\" aria-hidden=\"true\" class=\"wp-block-spacer\"><\/div>\n\n\n\n<p>Para participar os interessados devem ficar atentos ao <a href=\"https:\/\/www.rr.senac.br\/portalsenac\/promocionais\/\">edital dispon\u00edvel no site da institui\u00e7\u00e3o<\/a> com as regras, cronograma e pr\u00e9-requisitos para participa\u00e7\u00e3o. A participa\u00e7\u00e3o \u00e9 destinada aos casais maiores de 18 anos que se enquadram aos pr\u00e9-requisitos indicados. As inscri\u00e7\u00f5es <strong>iniciam nesta-sexta-feira (01) e se estendem at\u00e9 o dia 07 de mar\u00e7o de 2024<\/strong>, exclusivamente de forma on-line.<\/p>\n\n\n\n<div style=\"height:1px\" aria-hidden=\"true\" class=\"wp-block-spacer\"><\/div>\n\n\n\n<p>O evento acontecer\u00e1 no m\u00eas de maio, e tem como objetivo executar o projeto integrador das turmas de maquiador profissional, cabeleireiro assistente, salgadeiro, confeiteiro, bartender, gar\u00e7om, massagista, t\u00e9cnico em eventos e recepcionista de eventos, com a supervis\u00e3o dos respectivos instrutores.<\/p>\n\n\n\n<div style=\"height:1px\" aria-hidden=\"true\" class=\"wp-block-spacer\"><\/div>\n\n\n\n<p>Ser\u00e3o ofertados aos participantes dia de noiva, casamento no civil e religioso, espa\u00e7o, decora\u00e7\u00e3o, coquetel coletivo, cobertura fotogr\u00e1fica geral do evento, e outros servi\u00e7os de forma gratuita. Os noivos dever\u00e3o preocupar-se com a vestimenta e alian\u00e7a. Os vencedores ser\u00e3o avaliados por meio de uma comiss\u00e3o avaliadora e anunciados no pr\u00f3ximo dia 11 de mar\u00e7o nas redes sociais do Senac Roraima.<\/p>\n\n\n\n<div style=\"height:1px\" aria-hidden=\"true\" class=\"wp-block-spacer\"><\/div>\n\n\n\n<p>Demais informa\u00e7\u00f5es est\u00e3o anexadas ao edital e devem ser lidas com aten\u00e7\u00e3o. Eventuais d\u00favidas dever\u00e3o ser\u00a0<a href=\"https:\/\/www.instagram.com\/senacrr\/\">consultadas diretamente nas redes sociais do Senac Roraima.<\/a><\/p>\n\n\n\n<div style=\"height:1px\" aria-hidden=\"true\" class=\"wp-block-spacer\"><\/div>\n\n\n\n<p>Documentos:\u00a0\u00a0\u00a0\u00a0\u00a0\u00a0\u00a0\u00a0\u00a0\u00a0\u00a0\u00a0\u00a0\u00a0\u00a0\u00a0\u00a0\u00a0\u00a0\u00a0\u00a0\u00a0\u00a0\u00a0\u00a0\u00a0\u00a0\u00a0\u00a0\u00a0\u00a0\u00a0\u00a0\u00a0\u00a0\u00a0\u00a0\u00a0\u00a0\u00a0\u00a0\u00a0\u00a0\u00a0\u00a0\u00a0\u00a0\u00a0\u00a0\u00a0\u00a0\u00a0\u00a0\u00a0\u00a0\u00a0\u00a0\u00a0\u00a0\u00a0\u00a0\u00a0\u00a0\u00a0\u00a0\u00a0\u00a0\u00a0\u00a0\u00a0\u00a0\u00a0\u00a0\u00a0\u00a0\u00a0\u00a0\u00a0\u00a0\u00a0\u00a0\u00a0\u00a0\u00a0\u00a0\u00a0\u00a0\u00a0\u00a0\u00a0<\/p>\n\n\n\n<p><a href=\"https:\/\/www.rr.senac.br\/portalsenac\/promocionais\/\">Edital \u2013 clique aqui<\/a><\/p>\n\n\n\n<p><a href=\"https:\/\/bit.ly\/casamentocoletivosenac2024\">Formul\u00e1rio \u2013 preencha aqui<\/a><\/p>\n\n\n\n<p><a href=\"https:\/\/www.instagram.com\/senacrr\/\">Postagem oficial \u2013 acesse aqui<\/a><\/p>\n\n\n\n<div style=\"height:1px\" aria-hidden=\"true\" class=\"wp-block-spacer\"><\/div>\n\n\n\n<p>Giovanna Lima \u2013 analista t\u00e9cnica <\/p>\n\n\n\n<p>Comunica\u00e7\u00e3o Senac RR<\/p>\n\n\n\n<figure class=\"wp-block-gallery has-nested-images columns-default is-cropped wp-block-gallery-1 is-layout-flex wp-block-gallery-is-layout-flex\">\n<figure class=\"wp-block-image size-large\"><img data-recalc-dims=\"1\" decoding=\"async\" width=\"700\" height=\"466\" data-id=\"7054\" src=\"https:\/\/i0.wp.com\/www.rr.senac.br\/portalsenac\/wp-content\/uploads\/2024\/02\/Casamento-Coletivo-Senac-RR-11.jpg?resize=700%2C466&#038;ssl=1\" alt=\"\" class=\"wp-image-7054\" srcset=\"https:\/\/i0.wp.com\/www.rr.senac.br\/portalsenac\/wp-content\/uploads\/2024\/02\/Casamento-Coletivo-Senac-RR-11.jpg?w=700&amp;ssl=1 700w, https:\/\/i0.wp.com\/www.rr.senac.br\/portalsenac\/wp-content\/uploads\/2024\/02\/Casamento-Coletivo-Senac-RR-11.jpg?resize=300%2C200&amp;ssl=1 300w\" sizes=\"(max-width: 700px) 100vw, 700px\" \/><\/figure>\n\n\n\n<figure class=\"wp-block-image size-large\"><img data-recalc-dims=\"1\" decoding=\"async\" width=\"700\" height=\"466\" data-id=\"7060\" src=\"https:\/\/i0.wp.com\/www.rr.senac.br\/portalsenac\/wp-content\/uploads\/2024\/02\/Casamento-Coletivo-Senac-RR-12.jpg?resize=700%2C466&#038;ssl=1\" alt=\"\" class=\"wp-image-7060\" srcset=\"https:\/\/i0.wp.com\/www.rr.senac.br\/portalsenac\/wp-content\/uploads\/2024\/02\/Casamento-Coletivo-Senac-RR-12.jpg?w=700&amp;ssl=1 700w, https:\/\/i0.wp.com\/www.rr.senac.br\/portalsenac\/wp-content\/uploads\/2024\/02\/Casamento-Coletivo-Senac-RR-12.jpg?resize=300%2C200&amp;ssl=1 300w\" sizes=\"(max-width: 700px) 100vw, 700px\" \/><\/figure>\n\n\n\n<figure class=\"wp-block-image size-large\"><img data-recalc-dims=\"1\" loading=\"lazy\" decoding=\"async\" width=\"700\" height=\"466\" data-id=\"7055\" src=\"https:\/\/i0.wp.com\/www.rr.senac.br\/portalsenac\/wp-content\/uploads\/2024\/02\/Casamento-Coletivo-Senac-RR-10.jpg?resize=700%2C466&#038;ssl=1\" alt=\"\" class=\"wp-image-7055\" srcset=\"https:\/\/i0.wp.com\/www.rr.senac.br\/portalsenac\/wp-content\/uploads\/2024\/02\/Casamento-Coletivo-Senac-RR-10.jpg?w=700&amp;ssl=1 700w, https:\/\/i0.wp.com\/www.rr.senac.br\/portalsenac\/wp-content\/uploads\/2024\/02\/Casamento-Coletivo-Senac-RR-10.jpg?resize=300%2C200&amp;ssl=1 300w\" sizes=\"(max-width: 700px) 100vw, 700px\" \/><\/figure>\n\n\n\n<figure class=\"wp-block-image size-large\"><img data-recalc-dims=\"1\" loading=\"lazy\" decoding=\"async\" width=\"700\" height=\"466\" data-id=\"7057\" src=\"https:\/\/i0.wp.com\/www.rr.senac.br\/portalsenac\/wp-content\/uploads\/2024\/02\/Casamento-Coletivo-Senac-RR-5.jpg?resize=700%2C466&#038;ssl=1\" alt=\"\" class=\"wp-image-7057\" srcset=\"https:\/\/i0.wp.com\/www.rr.senac.br\/portalsenac\/wp-content\/uploads\/2024\/02\/Casamento-Coletivo-Senac-RR-5.jpg?w=700&amp;ssl=1 700w, https:\/\/i0.wp.com\/www.rr.senac.br\/portalsenac\/wp-content\/uploads\/2024\/02\/Casamento-Coletivo-Senac-RR-5.jpg?resize=300%2C200&amp;ssl=1 300w\" sizes=\"(max-width: 700px) 100vw, 700px\" \/><\/figure>\n\n\n\n<figure class=\"wp-block-image size-large\"><img data-recalc-dims=\"1\" loading=\"lazy\" decoding=\"async\" width=\"700\" height=\"466\" data-id=\"7056\" src=\"https:\/\/i0.wp.com\/www.rr.senac.br\/portalsenac\/wp-content\/uploads\/2024\/02\/Casamento-Coletivo-Senac-RR-6.jpg?resize=700%2C466&#038;ssl=1\" alt=\"\" class=\"wp-image-7056\" srcset=\"https:\/\/i0.wp.com\/www.rr.senac.br\/portalsenac\/wp-content\/uploads\/2024\/02\/Casamento-Coletivo-Senac-RR-6.jpg?w=700&amp;ssl=1 700w, https:\/\/i0.wp.com\/www.rr.senac.br\/portalsenac\/wp-content\/uploads\/2024\/02\/Casamento-Coletivo-Senac-RR-6.jpg?resize=300%2C200&amp;ssl=1 300w\" sizes=\"(max-width: 700px) 100vw, 700px\" \/><\/figure>\n\n\n\n<figure class=\"wp-block-image size-large\"><img data-recalc-dims=\"1\" loading=\"lazy\" decoding=\"async\" width=\"700\" height=\"466\" data-id=\"7058\" src=\"https:\/\/i0.wp.com\/www.rr.senac.br\/portalsenac\/wp-content\/uploads\/2024\/02\/Casamento-Coletivo-Senac-RR-9.jpg?resize=700%2C466&#038;ssl=1\" alt=\"\" class=\"wp-image-7058\" srcset=\"https:\/\/i0.wp.com\/www.rr.senac.br\/portalsenac\/wp-content\/uploads\/2024\/02\/Casamento-Coletivo-Senac-RR-9.jpg?w=700&amp;ssl=1 700w, https:\/\/i0.wp.com\/www.rr.senac.br\/portalsenac\/wp-content\/uploads\/2024\/02\/Casamento-Coletivo-Senac-RR-9.jpg?resize=300%2C200&amp;ssl=1 300w\" sizes=\"(max-width: 700px) 100vw, 700px\" \/><\/figure>\n\n\n\n<figure class=\"wp-block-image size-large\"><img data-recalc-dims=\"1\" loading=\"lazy\" decoding=\"async\" width=\"700\" height=\"466\" data-id=\"7063\" src=\"https:\/\/i0.wp.com\/www.rr.senac.br\/portalsenac\/wp-content\/uploads\/2024\/02\/Casamento-Coletivo-Senac-RR-2.jpg?resize=700%2C466&#038;ssl=1\" alt=\"\" class=\"wp-image-7063\" srcset=\"https:\/\/i0.wp.com\/www.rr.senac.br\/portalsenac\/wp-content\/uploads\/2024\/02\/Casamento-Coletivo-Senac-RR-2.jpg?w=700&amp;ssl=1 700w, https:\/\/i0.wp.com\/www.rr.senac.br\/portalsenac\/wp-content\/uploads\/2024\/02\/Casamento-Coletivo-Senac-RR-2.jpg?resize=300%2C200&amp;ssl=1 300w\" sizes=\"(max-width: 700px) 100vw, 700px\" \/><\/figure>\n\n\n\n<figure class=\"wp-block-image size-large\"><img data-recalc-dims=\"1\" loading=\"lazy\" decoding=\"async\" width=\"700\" height=\"466\" data-id=\"7059\" src=\"https:\/\/i0.wp.com\/www.rr.senac.br\/portalsenac\/wp-content\/uploads\/2024\/02\/Casamento-Coletivo-Senac-RR-4.jpg?resize=700%2C466&#038;ssl=1\" alt=\"\" class=\"wp-image-7059\" srcset=\"https:\/\/i0.wp.com\/www.rr.senac.br\/portalsenac\/wp-content\/uploads\/2024\/02\/Casamento-Coletivo-Senac-RR-4.jpg?w=700&amp;ssl=1 700w, https:\/\/i0.wp.com\/www.rr.senac.br\/portalsenac\/wp-content\/uploads\/2024\/02\/Casamento-Coletivo-Senac-RR-4.jpg?resize=300%2C200&amp;ssl=1 300w\" sizes=\"(max-width: 700px) 100vw, 700px\" \/><\/figure>\n\n\n\n<figure class=\"wp-block-image size-large\"><img data-recalc-dims=\"1\" loading=\"lazy\" decoding=\"async\" width=\"700\" height=\"470\" data-id=\"7062\" src=\"https:\/\/i0.wp.com\/www.rr.senac.br\/portalsenac\/wp-content\/uploads\/2024\/02\/3O5A0799-1.jpg?resize=700%2C470&#038;ssl=1\" alt=\"\" class=\"wp-image-7062\" srcset=\"https:\/\/i0.wp.com\/www.rr.senac.br\/portalsenac\/wp-content\/uploads\/2024\/02\/3O5A0799-1.jpg?w=700&amp;ssl=1 700w, https:\/\/i0.wp.com\/www.rr.senac.br\/portalsenac\/wp-content\/uploads\/2024\/02\/3O5A0799-1.jpg?resize=300%2C201&amp;ssl=1 300w\" sizes=\"(max-width: 700px) 100vw, 700px\" \/><\/figure>\n<\/figure>\n","protected":false},"excerpt":{"rendered":"<p>Inscri\u00e7\u00f5es iniciam nesta sexta-feira (01) O romance est\u00e1 no ar! A terceira edi\u00e7\u00e3o do casamento coletivo do Servi\u00e7o Nacional de Aprendizagem Comercial (Senac-RR) est\u00e1 chegando! Com inscri\u00e7\u00f5es a partir do dia 01 de mar\u00e7o, a edi\u00e7\u00e3o selecionar\u00e1 10 casais com hist\u00f3rias apaixonadas para participar da&hellip; <a class=\"more-link\" href=\"https:\/\/www.rr.senac.br\/portalsenac\/senac-rr-lanca-edital-para-terceira-edicao-de-casamento-coletivo\/\">Continuar lendo <span class=\"screen-reader-text\">Senac-RR lan\u00e7a edital para terceira edi\u00e7\u00e3o de Casamento Coletivo<\/span><\/a><\/p>\n","protected":false},"author":2,"featured_media":7053,"comment_status":"closed","ping_status":"closed","sticky":false,"template":"","format":"standard","meta":{"_jetpack_memberships_contains_paid_content":false,"_joinchat":[],"footnotes":""},"categories":[12],"tags":[],"class_list":["post-7052","post","type-post","status-publish","format-standard","has-post-thumbnail","hentry","category-ultimas-noticias","entry"],"jetpack_featured_media_url":"https:\/\/i0.wp.com\/www.rr.senac.br\/portalsenac\/wp-content\/uploads\/2024\/02\/Casamento-Coletivo-Senac-RR-3.jpg?fit=700%2C466&ssl=1","jetpack_sharing_enabled":true,"_links":{"self":[{"href":"https:\/\/www.rr.senac.br\/portalsenac\/wp-json\/wp\/v2\/posts\/7052","targetHints":{"allow":["GET"]}}],"collection":[{"href":"https:\/\/www.rr.senac.br\/portalsenac\/wp-json\/wp\/v2\/posts"}],"about":[{"href":"https:\/\/www.rr.senac.br\/portalsenac\/wp-json\/wp\/v2\/types\/post"}],"author":[{"embeddable":true,"href":"https:\/\/www.rr.senac.br\/portalsenac\/wp-json\/wp\/v2\/users\/2"}],"replies":[{"embeddable":true,"href":"https:\/\/www.rr.senac.br\/portalsenac\/wp-json\/wp\/v2\/comments?post=7052"}],"version-history":[{"count":1,"href":"https:\/\/www.rr.senac.br\/portalsenac\/wp-json\/wp\/v2\/posts\/7052\/revisions"}],"predecessor-version":[{"id":7064,"href":"https:\/\/www.rr.senac.br\/portalsenac\/wp-json\/wp\/v2\/posts\/7052\/revisions\/7064"}],"wp:featuredmedia":[{"embeddable":true,"href":"https:\/\/www.rr.senac.br\/portalsenac\/wp-json\/wp\/v2\/media\/7053"}],"wp:attachment":[{"href":"https:\/\/www.rr.senac.br\/portalsenac\/wp-json\/wp\/v2\/media?parent=7052"}],"wp:term":[{"taxonomy":"category","embeddable":true,"href":"https:\/\/www.rr.senac.br\/portalsenac\/wp-json\/wp\/v2\/categories?post=7052"},{"taxonomy":"post_tag","embeddable":true,"href":"https:\/\/www.rr.senac.br\/portalsenac\/wp-json\/wp\/v2\/tags?post=7052"}],"curies":[{"name":"wp","href":"https:\/\/api.w.org\/{rel}","templated":true}]}}