{"id":7070,"date":"2024-03-06T11:14:34","date_gmt":"2024-03-06T15:14:34","guid":{"rendered":"https:\/\/www.rr.senac.br\/portalsenac\/?p=7070"},"modified":"2024-03-06T11:16:18","modified_gmt":"2024-03-06T15:16:18","slug":"senac-participa-de-acao-social-com-idosos","status":"publish","type":"post","link":"https:\/\/www.rr.senac.br\/portalsenac\/senac-participa-de-acao-social-com-idosos\/","title":{"rendered":"Senac participa de a\u00e7\u00e3o social com idosos"},"content":{"rendered":"\n<h5 class=\"wp-block-heading\"><em>Evento foi realizado pela prefeitura local<\/em><\/h5>\n\n\n\n<figure class=\"wp-block-image size-full\"><img data-recalc-dims=\"1\" fetchpriority=\"high\" decoding=\"async\" width=\"680\" height=\"453\" src=\"https:\/\/i0.wp.com\/www.rr.senac.br\/portalsenac\/wp-content\/uploads\/2024\/03\/Senac-Acao-Social-3.jpg?resize=680%2C453&#038;ssl=1\" alt=\"\" class=\"wp-image-7071\" srcset=\"https:\/\/i0.wp.com\/www.rr.senac.br\/portalsenac\/wp-content\/uploads\/2024\/03\/Senac-Acao-Social-3.jpg?w=680&amp;ssl=1 680w, https:\/\/i0.wp.com\/www.rr.senac.br\/portalsenac\/wp-content\/uploads\/2024\/03\/Senac-Acao-Social-3.jpg?resize=300%2C200&amp;ssl=1 300w\" sizes=\"(max-width: 680px) 100vw, 680px\" \/><\/figure>\n\n\n\n<div style=\"height:7px\" aria-hidden=\"true\" class=\"wp-block-spacer\"><\/div>\n\n\n\n<p>O Servi\u00e7o Nacional de Aprendizagem Comercial (Senac-RR) participou nesta ter\u00e7a-feira (5) de uma a\u00e7\u00e3o em parceria com a Prefeitura de Boa Vista em prol aos idosos do projeto \u2018Cabelos de Prata\u2019. O objetivo era promover a\u00e7\u00e3o social e bem-estar aos participantes.<\/p>\n\n\n\n<div style=\"height:1px\" aria-hidden=\"true\" class=\"wp-block-spacer\"><\/div>\n\n\n\n<p>Conforme a gerente do Centro de Refer\u00eancia de Assist\u00eancia Social (Cras), Valdete Cavalcante, a proposta para o p\u00fablico idoso era apresentar cuidados com os cabelos, envolvendo dicas para utilizar em casa, al\u00e9m de promover a qualidade de vida. A instrutora \u00c2ngela Level, participou apresentando uma palestra e tirando as d\u00favidas dos participantes. \u201cEnsinamos a eles sobre a import\u00e2ncia e os cuidados que devem ter com o couro cabeludo, aproveitando j\u00e1 a celebra\u00e7\u00e3o do dia da mulher\u201d. Segundo \u00c2ngela, foi um momento \u201cgratificante\u201d.<\/p>\n\n\n\n<div style=\"height:1px\" aria-hidden=\"true\" class=\"wp-block-spacer\"><\/div>\n\n\n\n<p>Everane Ben\u00edcio \u00e9 uma das alunas do curso de cabeleireiro assistente, que deu suporte e participou da a\u00e7\u00e3o executando o que aprenderam no curso. \u201cEstamos colocando em pr\u00e1tica o que estamos aprendendo, e est\u00e1 sendo incr\u00edvel estar com os idosos, eles s\u00e3o muito animados e estamos felizes por estar aqui\u201d.<\/p>\n\n\n\n<div style=\"height:5px\" aria-hidden=\"true\" class=\"wp-block-spacer\"><\/div>\n\n\n\n<figure class=\"wp-block-gallery has-nested-images columns-default is-cropped wp-block-gallery-1 is-layout-flex wp-block-gallery-is-layout-flex\">\n<figure class=\"wp-block-image size-large\"><img data-recalc-dims=\"1\" decoding=\"async\" width=\"680\" height=\"453\" data-id=\"7072\" src=\"https:\/\/i0.wp.com\/www.rr.senac.br\/portalsenac\/wp-content\/uploads\/2024\/03\/Senac-Acao-Social-1.jpg?resize=680%2C453&#038;ssl=1\" alt=\"\" class=\"wp-image-7072\" srcset=\"https:\/\/i0.wp.com\/www.rr.senac.br\/portalsenac\/wp-content\/uploads\/2024\/03\/Senac-Acao-Social-1.jpg?w=680&amp;ssl=1 680w, https:\/\/i0.wp.com\/www.rr.senac.br\/portalsenac\/wp-content\/uploads\/2024\/03\/Senac-Acao-Social-1.jpg?resize=300%2C200&amp;ssl=1 300w\" sizes=\"(max-width: 680px) 100vw, 680px\" \/><\/figure>\n\n\n\n<figure class=\"wp-block-image size-large\"><img data-recalc-dims=\"1\" decoding=\"async\" width=\"680\" height=\"453\" data-id=\"7074\" src=\"https:\/\/i0.wp.com\/www.rr.senac.br\/portalsenac\/wp-content\/uploads\/2024\/03\/Senac-Acao-Social-2.jpg?resize=680%2C453&#038;ssl=1\" alt=\"\" class=\"wp-image-7074\" srcset=\"https:\/\/i0.wp.com\/www.rr.senac.br\/portalsenac\/wp-content\/uploads\/2024\/03\/Senac-Acao-Social-2.jpg?w=680&amp;ssl=1 680w, https:\/\/i0.wp.com\/www.rr.senac.br\/portalsenac\/wp-content\/uploads\/2024\/03\/Senac-Acao-Social-2.jpg?resize=300%2C200&amp;ssl=1 300w\" sizes=\"(max-width: 680px) 100vw, 680px\" \/><\/figure>\n\n\n\n<figure class=\"wp-block-image size-large\"><img data-recalc-dims=\"1\" loading=\"lazy\" decoding=\"async\" width=\"680\" height=\"453\" data-id=\"7076\" src=\"https:\/\/i0.wp.com\/www.rr.senac.br\/portalsenac\/wp-content\/uploads\/2024\/03\/Senac-Acao-Social-5.jpg?resize=680%2C453&#038;ssl=1\" alt=\"\" class=\"wp-image-7076\" srcset=\"https:\/\/i0.wp.com\/www.rr.senac.br\/portalsenac\/wp-content\/uploads\/2024\/03\/Senac-Acao-Social-5.jpg?w=680&amp;ssl=1 680w, https:\/\/i0.wp.com\/www.rr.senac.br\/portalsenac\/wp-content\/uploads\/2024\/03\/Senac-Acao-Social-5.jpg?resize=300%2C200&amp;ssl=1 300w\" sizes=\"(max-width: 680px) 100vw, 680px\" \/><\/figure>\n\n\n\n<figure class=\"wp-block-image size-large\"><img data-recalc-dims=\"1\" loading=\"lazy\" decoding=\"async\" width=\"680\" height=\"453\" data-id=\"7073\" src=\"https:\/\/i0.wp.com\/www.rr.senac.br\/portalsenac\/wp-content\/uploads\/2024\/03\/Senac-Acao-Social-3-1.jpg?resize=680%2C453&#038;ssl=1\" alt=\"\" class=\"wp-image-7073\" srcset=\"https:\/\/i0.wp.com\/www.rr.senac.br\/portalsenac\/wp-content\/uploads\/2024\/03\/Senac-Acao-Social-3-1.jpg?w=680&amp;ssl=1 680w, https:\/\/i0.wp.com\/www.rr.senac.br\/portalsenac\/wp-content\/uploads\/2024\/03\/Senac-Acao-Social-3-1.jpg?resize=300%2C200&amp;ssl=1 300w\" sizes=\"(max-width: 680px) 100vw, 680px\" \/><\/figure>\n\n\n\n<figure class=\"wp-block-image size-large\"><img data-recalc-dims=\"1\" loading=\"lazy\" decoding=\"async\" width=\"680\" height=\"453\" data-id=\"7077\" src=\"https:\/\/i0.wp.com\/www.rr.senac.br\/portalsenac\/wp-content\/uploads\/2024\/03\/Senac-Acao-Social-4.jpg?resize=680%2C453&#038;ssl=1\" alt=\"\" class=\"wp-image-7077\" srcset=\"https:\/\/i0.wp.com\/www.rr.senac.br\/portalsenac\/wp-content\/uploads\/2024\/03\/Senac-Acao-Social-4.jpg?w=680&amp;ssl=1 680w, https:\/\/i0.wp.com\/www.rr.senac.br\/portalsenac\/wp-content\/uploads\/2024\/03\/Senac-Acao-Social-4.jpg?resize=300%2C200&amp;ssl=1 300w\" sizes=\"(max-width: 680px) 100vw, 680px\" \/><\/figure>\n\n\n\n<figure class=\"wp-block-image size-large\"><img data-recalc-dims=\"1\" loading=\"lazy\" decoding=\"async\" width=\"680\" height=\"453\" data-id=\"7075\" src=\"https:\/\/i0.wp.com\/www.rr.senac.br\/portalsenac\/wp-content\/uploads\/2024\/03\/Senac-Acao-Social-6.jpg?resize=680%2C453&#038;ssl=1\" alt=\"\" class=\"wp-image-7075\" srcset=\"https:\/\/i0.wp.com\/www.rr.senac.br\/portalsenac\/wp-content\/uploads\/2024\/03\/Senac-Acao-Social-6.jpg?w=680&amp;ssl=1 680w, https:\/\/i0.wp.com\/www.rr.senac.br\/portalsenac\/wp-content\/uploads\/2024\/03\/Senac-Acao-Social-6.jpg?resize=300%2C200&amp;ssl=1 300w\" sizes=\"(max-width: 680px) 100vw, 680px\" \/><\/figure>\n<\/figure>\n\n\n\n<p>F\u00e9lix Concei\u00e7\u00e3o, instrutor do curso de cabeleireiro assistente afirmou estar feliz com o resultado dos trabalhos das alunas. \u201cHoje trouxemos diversos atendimentos, como tran\u00e7as, cortes de cabelo e penteados, e as alunas ap\u00f3s passarem por um per\u00edodo de aprendizagem te\u00f3rica agora est\u00e3o colocando em pr\u00e1tica, e \u00e9 muito bom ver a evolu\u00e7\u00e3o nos atendimentos\u201d, finalizou.<\/p>\n\n\n\n<div style=\"height:1px\" aria-hidden=\"true\" class=\"wp-block-spacer\"><\/div>\n\n\n\n<p>O Senac cumpre sua miss\u00e3o social de educar para o mercado de trabalho, sempre refor\u00e7ando o compromisso em entregar profissionais sens\u00edveis \u00e0s necessidades da popula\u00e7\u00e3o local.<\/p>\n\n\n\n<div style=\"height:4px\" aria-hidden=\"true\" class=\"wp-block-spacer\"><\/div>\n\n\n\n<p>Giovanna Lima \u2013 analista t\u00e9cnica<\/p>\n\n\n\n<p>Comunica\u00e7\u00e3o Senac RR<\/p>\n","protected":false},"excerpt":{"rendered":"<p>Evento foi realizado pela prefeitura local O Servi\u00e7o Nacional de Aprendizagem Comercial (Senac-RR) participou nesta ter\u00e7a-feira (5) de uma a\u00e7\u00e3o em parceria com a Prefeitura de Boa Vista em prol aos idosos do projeto \u2018Cabelos de Prata\u2019. O objetivo era promover a\u00e7\u00e3o social e bem-estar&hellip; <a class=\"more-link\" href=\"https:\/\/www.rr.senac.br\/portalsenac\/senac-participa-de-acao-social-com-idosos\/\">Continuar lendo <span class=\"screen-reader-text\">Senac participa de a\u00e7\u00e3o social com idosos<\/span><\/a><\/p>\n","protected":false},"author":2,"featured_media":7073,"comment_status":"closed","ping_status":"closed","sticky":false,"template":"","format":"standard","meta":{"_jetpack_memberships_contains_paid_content":false,"_joinchat":[],"footnotes":""},"categories":[12],"tags":[],"class_list":["post-7070","post","type-post","status-publish","format-standard","has-post-thumbnail","hentry","category-ultimas-noticias","entry"],"jetpack_featured_media_url":"https:\/\/i0.wp.com\/www.rr.senac.br\/portalsenac\/wp-content\/uploads\/2024\/03\/Senac-Acao-Social-3-1.jpg?fit=680%2C453&ssl=1","jetpack_sharing_enabled":true,"_links":{"self":[{"href":"https:\/\/www.rr.senac.br\/portalsenac\/wp-json\/wp\/v2\/posts\/7070","targetHints":{"allow":["GET"]}}],"collection":[{"href":"https:\/\/www.rr.senac.br\/portalsenac\/wp-json\/wp\/v2\/posts"}],"about":[{"href":"https:\/\/www.rr.senac.br\/portalsenac\/wp-json\/wp\/v2\/types\/post"}],"author":[{"embeddable":true,"href":"https:\/\/www.rr.senac.br\/portalsenac\/wp-json\/wp\/v2\/users\/2"}],"replies":[{"embeddable":true,"href":"https:\/\/www.rr.senac.br\/portalsenac\/wp-json\/wp\/v2\/comments?post=7070"}],"version-history":[{"count":2,"href":"https:\/\/www.rr.senac.br\/portalsenac\/wp-json\/wp\/v2\/posts\/7070\/revisions"}],"predecessor-version":[{"id":7079,"href":"https:\/\/www.rr.senac.br\/portalsenac\/wp-json\/wp\/v2\/posts\/7070\/revisions\/7079"}],"wp:featuredmedia":[{"embeddable":true,"href":"https:\/\/www.rr.senac.br\/portalsenac\/wp-json\/wp\/v2\/media\/7073"}],"wp:attachment":[{"href":"https:\/\/www.rr.senac.br\/portalsenac\/wp-json\/wp\/v2\/media?parent=7070"}],"wp:term":[{"taxonomy":"category","embeddable":true,"href":"https:\/\/www.rr.senac.br\/portalsenac\/wp-json\/wp\/v2\/categories?post=7070"},{"taxonomy":"post_tag","embeddable":true,"href":"https:\/\/www.rr.senac.br\/portalsenac\/wp-json\/wp\/v2\/tags?post=7070"}],"curies":[{"name":"wp","href":"https:\/\/api.w.org\/{rel}","templated":true}]}}