{"id":7080,"date":"2024-03-08T16:34:44","date_gmt":"2024-03-08T20:34:44","guid":{"rendered":"https:\/\/www.rr.senac.br\/portalsenac\/?p=7080"},"modified":"2024-03-08T16:34:44","modified_gmt":"2024-03-08T20:34:44","slug":"dia-internacional-das-mulheres-e-marco-lilas-sao-celebrados-no-senac-rr","status":"publish","type":"post","link":"https:\/\/www.rr.senac.br\/portalsenac\/dia-internacional-das-mulheres-e-marco-lilas-sao-celebrados-no-senac-rr\/","title":{"rendered":"Dia Internacional das Mulheres e Mar\u00e7o Lil\u00e1s s\u00e3o celebrados no Senac-RR"},"content":{"rendered":"\n<h5 class=\"wp-block-heading\"><em>Senac-RR celebra Dia internacional das Mulheres e alerta sobre a preven\u00e7\u00e3o do c\u00e2ncer de colo de \u00fatero.<\/em><\/h5>\n\n\n\n<figure class=\"wp-block-image size-large\"><img data-recalc-dims=\"1\" fetchpriority=\"high\" decoding=\"async\" width=\"750\" height=\"500\" src=\"https:\/\/i0.wp.com\/www.rr.senac.br\/portalsenac\/wp-content\/uploads\/2024\/03\/WhatsApp-Image-2024-03-08-at-16.09.49.jpeg?resize=750%2C500&#038;ssl=1\" alt=\"\" class=\"wp-image-7081\" srcset=\"https:\/\/i0.wp.com\/www.rr.senac.br\/portalsenac\/wp-content\/uploads\/2024\/03\/WhatsApp-Image-2024-03-08-at-16.09.49.jpeg?resize=1024%2C682&amp;ssl=1 1024w, https:\/\/i0.wp.com\/www.rr.senac.br\/portalsenac\/wp-content\/uploads\/2024\/03\/WhatsApp-Image-2024-03-08-at-16.09.49.jpeg?resize=300%2C200&amp;ssl=1 300w, https:\/\/i0.wp.com\/www.rr.senac.br\/portalsenac\/wp-content\/uploads\/2024\/03\/WhatsApp-Image-2024-03-08-at-16.09.49.jpeg?resize=768%2C512&amp;ssl=1 768w, https:\/\/i0.wp.com\/www.rr.senac.br\/portalsenac\/wp-content\/uploads\/2024\/03\/WhatsApp-Image-2024-03-08-at-16.09.49.jpeg?w=1358&amp;ssl=1 1358w\" sizes=\"(max-width: 750px) 100vw, 750px\" \/><figcaption class=\"wp-element-caption\">Senac-RR adere a campanha Mar\u00e7o Lil\u00e1s que busca conscientizar a preven\u00e7\u00e3o contra o c\u00e2ncer de colo de \u00fatero.<\/figcaption><\/figure>\n\n\n\n<p>Neste dia 08 de mar\u00e7o, \u00e9 comemorado o Dia Internacional das Mulheres. Com isso, o Senac-RR deseja parabenizar todas as 118 mulheres que fazem parte desta institui\u00e7\u00e3o e que desempenham diariamente com maestria suas atividades. Neste m\u00eas de mar\u00e7o tamb\u00e9m \u00e9 marcado pela campanha Mar\u00e7o Lil\u00e1s, que busca conscientizar as mulheres sobre a import\u00e2ncia de se prevenir contra o c\u00e2ncer de colo de \u00fatero.<\/p>\n\n\n\n<div style=\"height:2px\" aria-hidden=\"true\" class=\"wp-block-spacer\"><\/div>\n\n\n\n<p>Tamb\u00e9m conhecido como c\u00e2ncer cervical, de acordo com o Instituto Nacional de C\u00e2ncer (INCA), o c\u00e2ncer de colo de \u00fatero \u00e9 a quarta maior causa de morte entre as mulheres por c\u00e2ncer no Brasil. A doen\u00e7a \u00e9 causada pela infec\u00e7\u00e3o genital persistente por alguns tipos do v\u00edrus HPV (Papilomav\u00edrus Humano), sendo este sexualmente transmitido e muito frequente na popula\u00e7\u00e3o, sendo facilmente evit\u00e1vel com o uso de preservativos.<\/p>\n\n\n\n<div style=\"height:2px\" aria-hidden=\"true\" class=\"wp-block-spacer\"><\/div>\n\n\n\n<p>Muitos casos de infec\u00e7\u00e3o n\u00e3o causam o c\u00e2ncer, por\u00e9m h\u00e1 casos em que ocorrem altera\u00e7\u00f5es celulares que podem evoluir ao longo dos anos e causar o c\u00e2ncer. Por ser uma doen\u00e7a com desenvolvimento lento, pode n\u00e3o apresentar sintomas em fase inicial, mas posteriormente pode apresentar sangramento vaginal, secre\u00e7\u00e3o vaginal anormal, dor durante a rela\u00e7\u00e3o sexual, dor abdominal e queixas urin\u00e1rias ou intestinais.<\/p>\n\n\n\n<div style=\"height:2px\" aria-hidden=\"true\" class=\"wp-block-spacer\"><\/div>\n\n\n\n<p>A instrutora e enfermeira do Senac-RR, Nathalia Jasen, cita algumas formas de preven\u00e7\u00e3o da doen\u00e7a. \u201cO exame preventivo \u00e9 um direito de toda mulher. Portanto, se voc\u00ea tem entre 25 e 45 anos de idade, tem ou teve uma vida sexual ativa ou nunca realizou o exame preventivo ou realizou h\u00e1 mais de 3 anos, procure uma unidade b\u00e1sica de sa\u00fade para atend\u00ea-la\u201d.<\/p>\n\n\n\n<div style=\"height:2px\" aria-hidden=\"true\" class=\"wp-block-spacer\"><\/div>\n\n\n\n<p>Al\u00e9m do exame preventivo, o Minist\u00e9rio de Sa\u00fade distribui a vacina tetravalente contra o HPV para meninas de 9 a 14 anos e meninos de 11 a 14 anos.<\/p>\n\n\n\n<div style=\"height:2px\" aria-hidden=\"true\" class=\"wp-block-spacer\"><\/div>\n\n\n\n<p>Arthur Chaves<\/p>\n\n\n\n<p>Comunica\u00e7\u00e3o Senac-RR<\/p>\n","protected":false},"excerpt":{"rendered":"<p>Senac-RR celebra Dia internacional das Mulheres e alerta sobre a preven\u00e7\u00e3o do c\u00e2ncer de colo de \u00fatero. Neste dia 08 de mar\u00e7o, \u00e9 comemorado o Dia Internacional das Mulheres. Com isso, o Senac-RR deseja parabenizar todas as 118 mulheres que fazem parte desta institui\u00e7\u00e3o e&hellip; <a class=\"more-link\" href=\"https:\/\/www.rr.senac.br\/portalsenac\/dia-internacional-das-mulheres-e-marco-lilas-sao-celebrados-no-senac-rr\/\">Continuar lendo <span class=\"screen-reader-text\">Dia Internacional das Mulheres e Mar\u00e7o Lil\u00e1s s\u00e3o celebrados no Senac-RR<\/span><\/a><\/p>\n","protected":false},"author":2,"featured_media":7081,"comment_status":"closed","ping_status":"","sticky":false,"template":"","format":"standard","meta":{"_jetpack_memberships_contains_paid_content":false,"_joinchat":[],"footnotes":""},"categories":[12],"tags":[],"class_list":["post-7080","post","type-post","status-publish","format-standard","has-post-thumbnail","hentry","category-ultimas-noticias","entry"],"jetpack_featured_media_url":"https:\/\/i0.wp.com\/www.rr.senac.br\/portalsenac\/wp-content\/uploads\/2024\/03\/WhatsApp-Image-2024-03-08-at-16.09.49.jpeg?fit=1358%2C905&ssl=1","jetpack_sharing_enabled":true,"_links":{"self":[{"href":"https:\/\/www.rr.senac.br\/portalsenac\/wp-json\/wp\/v2\/posts\/7080","targetHints":{"allow":["GET"]}}],"collection":[{"href":"https:\/\/www.rr.senac.br\/portalsenac\/wp-json\/wp\/v2\/posts"}],"about":[{"href":"https:\/\/www.rr.senac.br\/portalsenac\/wp-json\/wp\/v2\/types\/post"}],"author":[{"embeddable":true,"href":"https:\/\/www.rr.senac.br\/portalsenac\/wp-json\/wp\/v2\/users\/2"}],"replies":[{"embeddable":true,"href":"https:\/\/www.rr.senac.br\/portalsenac\/wp-json\/wp\/v2\/comments?post=7080"}],"version-history":[{"count":2,"href":"https:\/\/www.rr.senac.br\/portalsenac\/wp-json\/wp\/v2\/posts\/7080\/revisions"}],"predecessor-version":[{"id":7083,"href":"https:\/\/www.rr.senac.br\/portalsenac\/wp-json\/wp\/v2\/posts\/7080\/revisions\/7083"}],"wp:featuredmedia":[{"embeddable":true,"href":"https:\/\/www.rr.senac.br\/portalsenac\/wp-json\/wp\/v2\/media\/7081"}],"wp:attachment":[{"href":"https:\/\/www.rr.senac.br\/portalsenac\/wp-json\/wp\/v2\/media?parent=7080"}],"wp:term":[{"taxonomy":"category","embeddable":true,"href":"https:\/\/www.rr.senac.br\/portalsenac\/wp-json\/wp\/v2\/categories?post=7080"},{"taxonomy":"post_tag","embeddable":true,"href":"https:\/\/www.rr.senac.br\/portalsenac\/wp-json\/wp\/v2\/tags?post=7080"}],"curies":[{"name":"wp","href":"https:\/\/api.w.org\/{rel}","templated":true}]}}