{"id":7090,"date":"2024-03-11T18:44:59","date_gmt":"2024-03-11T22:44:59","guid":{"rendered":"https:\/\/www.rr.senac.br\/portalsenac\/?p=7090"},"modified":"2024-03-11T18:47:43","modified_gmt":"2024-03-11T22:47:43","slug":"conheca-os-casais-da-terceira-edicao-do-casamento-coletivo-do-senac-rr","status":"publish","type":"post","link":"https:\/\/www.rr.senac.br\/portalsenac\/conheca-os-casais-da-terceira-edicao-do-casamento-coletivo-do-senac-rr\/","title":{"rendered":"Conhe\u00e7a os casais da terceira edi\u00e7\u00e3o do Casamento Coletivo do Senac-RR"},"content":{"rendered":"\n<h5 class=\"wp-block-heading\"><em>Casais foram selecionados por uma comiss\u00e3o<\/em><\/h5>\n\n\n\n<figure class=\"wp-block-image size-full\"><img data-recalc-dims=\"1\" fetchpriority=\"high\" decoding=\"async\" width=\"700\" height=\"466\" src=\"https:\/\/i0.wp.com\/www.rr.senac.br\/portalsenac\/wp-content\/uploads\/2024\/02\/Casamento-Coletivo-Senac-RR-2.jpg?resize=700%2C466&#038;ssl=1\" alt=\"\" class=\"wp-image-7063\" srcset=\"https:\/\/i0.wp.com\/www.rr.senac.br\/portalsenac\/wp-content\/uploads\/2024\/02\/Casamento-Coletivo-Senac-RR-2.jpg?w=700&amp;ssl=1 700w, https:\/\/i0.wp.com\/www.rr.senac.br\/portalsenac\/wp-content\/uploads\/2024\/02\/Casamento-Coletivo-Senac-RR-2.jpg?resize=300%2C200&amp;ssl=1 300w\" sizes=\"(max-width: 700px) 100vw, 700px\" \/><\/figure>\n\n\n\n<div style=\"height:5px\" aria-hidden=\"true\" class=\"wp-block-spacer\"><\/div>\n\n\n\n<p>O Servi\u00e7o Nacional de Aprendizagem Comercial (Senac- RR) promove no pr\u00f3ximo dia 15 de maio, a segunda edi\u00e7\u00e3o do Casamento Coletivo, com a participa\u00e7\u00e3o de 10 casais que foram selecionados por meio de uma comiss\u00e3o, ap\u00f3s preencherem as etapas descritas no edital. E para acompanhar os selecionados, preparamos um resumo com a hist\u00f3ria de cada um. Prepara o cora\u00e7\u00e3o e confira:<\/p>\n\n\n\n<div style=\"height:3px\" aria-hidden=\"true\" class=\"wp-block-spacer\"><\/div>\n\n\n\n<p>Nubia e Rafael<\/p>\n\n\n<div class=\"wp-block-image\">\n<figure class=\"aligncenter size-large is-resized\"><img data-recalc-dims=\"1\" decoding=\"async\" width=\"750\" height=\"938\" src=\"https:\/\/i0.wp.com\/www.rr.senac.br\/portalsenac\/wp-content\/uploads\/2024\/03\/5-1.png?resize=750%2C938&#038;ssl=1\" alt=\"\" class=\"wp-image-7103\" style=\"width:365px;height:auto\" srcset=\"https:\/\/i0.wp.com\/www.rr.senac.br\/portalsenac\/wp-content\/uploads\/2024\/03\/5-1.png?resize=819%2C1024&amp;ssl=1 819w, https:\/\/i0.wp.com\/www.rr.senac.br\/portalsenac\/wp-content\/uploads\/2024\/03\/5-1.png?resize=240%2C300&amp;ssl=1 240w, https:\/\/i0.wp.com\/www.rr.senac.br\/portalsenac\/wp-content\/uploads\/2024\/03\/5-1.png?resize=768%2C960&amp;ssl=1 768w, https:\/\/i0.wp.com\/www.rr.senac.br\/portalsenac\/wp-content\/uploads\/2024\/03\/5-1.png?w=1080&amp;ssl=1 1080w\" sizes=\"(max-width: 750px) 100vw, 750px\" \/><\/figure>\n<\/div>\n\n\n<p>\u201cPara in\u00edcio, isso tudo aconteceu sem a gente namorar. Minha hist\u00f3ria com ele&nbsp;@rafael.esmael12, come\u00e7a entre outubro\/novembro 2013, quando ele foi \u00e0 trabalho para minha cidade, em Santo Ant\u00f4nio do I\u00e7\u00e1-Am. Na \u00e9poca n\u00f3s dois est\u00e1vamos com 20 anos. Ele me conheceu no meu local de trabalho (restaurante), ele disse que foi amor \u00e0 primeira vista! &#8220;Viu cora\u00e7\u00f5ezinhos no ar&#8221;! Kkkk at\u00e9 ent\u00e3o n\u00e3o sabia quem era, os dias foram passando e uma bela noite ele disse: Quer ir morar em Manaus comigo? Olhei para ele e pensei: \u00c9 DOIDO! Eu disse: tem que pedir permiss\u00e3o dos meus pais\u201d.<\/p>\n\n\n\n<p>Leia a hist\u00f3ria completa: <a href=\"https:\/\/www.instagram.com\/p\/C3-sNgOOVmE\/?utm_source=ig_web_copy_link&amp;igsh=MzRlODBiNWFlZA\">https:\/\/www.instagram.com\/p\/C3-sNgOOVmE\/?utm_source=ig_web_copy_link&amp;igsh=MzRlODBiNWFlZA<\/a>==<\/p>\n\n\n\n<div style=\"height:3px\" aria-hidden=\"true\" class=\"wp-block-spacer\"><\/div>\n\n\n\n<p>Antonia e Moizemar<\/p>\n\n\n<div class=\"wp-block-image\">\n<figure class=\"aligncenter size-large is-resized\"><img data-recalc-dims=\"1\" decoding=\"async\" width=\"750\" height=\"938\" src=\"https:\/\/i0.wp.com\/www.rr.senac.br\/portalsenac\/wp-content\/uploads\/2024\/03\/4.png?resize=750%2C938&#038;ssl=1\" alt=\"\" class=\"wp-image-7092\" style=\"width:398px;height:auto\" srcset=\"https:\/\/i0.wp.com\/www.rr.senac.br\/portalsenac\/wp-content\/uploads\/2024\/03\/4.png?resize=819%2C1024&amp;ssl=1 819w, https:\/\/i0.wp.com\/www.rr.senac.br\/portalsenac\/wp-content\/uploads\/2024\/03\/4.png?resize=240%2C300&amp;ssl=1 240w, https:\/\/i0.wp.com\/www.rr.senac.br\/portalsenac\/wp-content\/uploads\/2024\/03\/4.png?resize=768%2C960&amp;ssl=1 768w, https:\/\/i0.wp.com\/www.rr.senac.br\/portalsenac\/wp-content\/uploads\/2024\/03\/4.png?w=1080&amp;ssl=1 1080w\" sizes=\"(max-width: 750px) 100vw, 750px\" \/><\/figure>\n<\/div>\n\n\n<p>\u201cOl\u00e1 boa noite, tudo come\u00e7ou no ano de 1989 quando conheci minha esposa na agro-vila do cuca, na \u00e1rea de garimpo no munic\u00edpio de tucum\u00e3. L\u00e1 sa\u00edmos do garimpo para visitar minha fam\u00edlia em Tocantins, passamos um tempo l\u00e1 e depois voltamos para o garimpo, e passamos outra temporada garimpando e depois fomos para Bel\u00e9m. [&#8230;]<\/p>\n\n\n\n<p>Depois viemos para Roraima, chegamos aqui dia 12 de junho de 1998. Minha esposa estava gr\u00e1vida do quarto filho e teve ele em 29 de julho do mesmo ano. [&#8230;] em 2023 perdi meu filho Jos\u00e9 Maria com c\u00e2ncer, e hoje minha esposa est\u00e1 de cama, operada fazendo tratamento para o c\u00e2ncer. Merecemos ganhar esse concurso, pois passamos por muitas lutas e dificuldades, quero realizar o t\u00e3o desejado sonho de casar e viver meu \u2018felizes para sempre\u2019 ao lado da pessoa que amo, mas somos gratos a Deus por aquilo que conquistamos at\u00e9 hoje. \u201d<\/p>\n\n\n\n<p>Leia a hist\u00f3ria completa: <a href=\"https:\/\/www.instagram.com\/p\/C3_lGNyL1yM\/?utm_source=ig_web_copy_link&amp;igsh=MzRlODBiNWFlZA\">https:\/\/www.instagram.com\/p\/C3_lGNyL1yM\/?utm_source=ig_web_copy_link&amp;igsh=MzRlODBiNWFlZA<\/a>==<\/p>\n\n\n\n<div style=\"height:3px\" aria-hidden=\"true\" class=\"wp-block-spacer\"><\/div>\n\n\n\n<p>Raisa e Eduardo<\/p>\n\n\n<div class=\"wp-block-image\">\n<figure class=\"aligncenter size-large is-resized\"><img data-recalc-dims=\"1\" loading=\"lazy\" decoding=\"async\" width=\"750\" height=\"938\" src=\"https:\/\/i0.wp.com\/www.rr.senac.br\/portalsenac\/wp-content\/uploads\/2024\/03\/7.png?resize=750%2C938&#038;ssl=1\" alt=\"\" class=\"wp-image-7093\" style=\"width:329px;height:auto\" srcset=\"https:\/\/i0.wp.com\/www.rr.senac.br\/portalsenac\/wp-content\/uploads\/2024\/03\/7.png?resize=819%2C1024&amp;ssl=1 819w, https:\/\/i0.wp.com\/www.rr.senac.br\/portalsenac\/wp-content\/uploads\/2024\/03\/7.png?resize=240%2C300&amp;ssl=1 240w, https:\/\/i0.wp.com\/www.rr.senac.br\/portalsenac\/wp-content\/uploads\/2024\/03\/7.png?resize=768%2C960&amp;ssl=1 768w, https:\/\/i0.wp.com\/www.rr.senac.br\/portalsenac\/wp-content\/uploads\/2024\/03\/7.png?w=1080&amp;ssl=1 1080w\" sizes=\"(max-width: 750px) 100vw, 750px\" \/><\/figure>\n<\/div>\n\n\n<p>\u201cBom, eu me chamo Raisa sou m\u00e3e de um casal, a Dhully de 14 e o Gael de 7. Meu atual dign\u00edssimo marido se chama Eduardo e tem apenas 24 anos.<br>Meu Deus, eu sempre digo o quanto \u00e9 nost\u00e1lgico lembrar como tudo come\u00e7ou entre n\u00f3s dois. O ano era 2021, trabalh\u00e1vamos na mesma empresa, eu crediarista e ele estoquista. Na \u00e9poca eu estava rec\u00e9m separada, e tamb\u00e9m desacreditada no amor. N\u00e3o tinha mais esperan\u00e7a de encontrar algu\u00e9m que despertasse esse sentimento novamente. [&#8230;]<br>O Eduardo tamb\u00e9m estava passando por um momento dif\u00edcil na qual ele havia recentemente se separado. E devido a algumas semelhan\u00e7as entre nossas hist\u00f3rias foi o que nos aproximou. \u201d<\/p>\n\n\n\n<p>Leia a hist\u00f3ria completa: <a href=\"https:\/\/www.instagram.com\/p\/C4BeI1eupfz\/?utm_source=ig_web_copy_link&amp;igsh=MzRlODBiNWFlZA\">https:\/\/www.instagram.com\/p\/C4BeI1eupfz\/?utm_source=ig_web_copy_link&amp;igsh=MzRlODBiNWFlZA<\/a>==<\/p>\n\n\n\n<div style=\"height:3px\" aria-hidden=\"true\" class=\"wp-block-spacer\"><\/div>\n\n\n\n<p>Cleiton e Aniely<\/p>\n\n\n<div class=\"wp-block-image\">\n<figure class=\"aligncenter size-large is-resized\"><img data-recalc-dims=\"1\" loading=\"lazy\" decoding=\"async\" width=\"750\" height=\"938\" src=\"https:\/\/i0.wp.com\/www.rr.senac.br\/portalsenac\/wp-content\/uploads\/2024\/03\/6.png?resize=750%2C938&#038;ssl=1\" alt=\"\" class=\"wp-image-7094\" style=\"width:337px;height:auto\" srcset=\"https:\/\/i0.wp.com\/www.rr.senac.br\/portalsenac\/wp-content\/uploads\/2024\/03\/6.png?resize=819%2C1024&amp;ssl=1 819w, https:\/\/i0.wp.com\/www.rr.senac.br\/portalsenac\/wp-content\/uploads\/2024\/03\/6.png?resize=240%2C300&amp;ssl=1 240w, https:\/\/i0.wp.com\/www.rr.senac.br\/portalsenac\/wp-content\/uploads\/2024\/03\/6.png?resize=768%2C960&amp;ssl=1 768w, https:\/\/i0.wp.com\/www.rr.senac.br\/portalsenac\/wp-content\/uploads\/2024\/03\/6.png?w=1080&amp;ssl=1 1080w\" sizes=\"(max-width: 750px) 100vw, 750px\" \/><\/figure>\n<\/div>\n\n\n<p>\u201cNossa hist\u00f3ria come\u00e7ou em 1994, nos conhecemos ainda na inf\u00e2ncia, quando \u00e9ramos dois beb\u00eas. Sem saber que um dia seriamos um casal. Naquela \u00e9poca meus pais rec\u00e9m-chegados em Boa vista RR e sem condi\u00e7\u00f5es financeiras para comprar certas coisas para mim, como um andador infantil, que na \u00e9poca servia para aprender a caminhar, pois com meus 11 meses de idade s\u00f3 engatinhava. Minha esposa que era uns meses mais velha que eu, com um aninho j\u00e1 caminhava, n\u00e3o precisava do seu andador infantil. A m\u00e3e dela, conhecida dos meus pais, cedeu o andador dela para mim, foi com ele que aprendi a dar meus primeiros passos.<br>O destino sempre nos manteve pr\u00f3ximos, ela sem saber sempre me ensinando a caminhar no caminho certo. E at\u00e9 os dias de hoje, segue sendo minha parceira na caminhada da vida\u201d.<\/p>\n\n\n\n<p>Leia a hist\u00f3ria completa: <a href=\"https:\/\/www.instagram.com\/p\/C4CEOAJu0Ns\/?utm_source=ig_web_copy_link&amp;igsh=MzRlODBiNWFlZA\">https:\/\/www.instagram.com\/p\/C4CEOAJu0Ns\/?utm_source=ig_web_copy_link&amp;igsh=MzRlODBiNWFlZA<\/a>==<\/p>\n\n\n\n<div style=\"height:3px\" aria-hidden=\"true\" class=\"wp-block-spacer\"><\/div>\n\n\n\n<p>Moacir e Lilia<\/p>\n\n\n<div class=\"wp-block-image\">\n<figure class=\"aligncenter size-large is-resized\"><img data-recalc-dims=\"1\" loading=\"lazy\" decoding=\"async\" width=\"750\" height=\"938\" src=\"https:\/\/i0.wp.com\/www.rr.senac.br\/portalsenac\/wp-content\/uploads\/2024\/03\/1.png?resize=750%2C938&#038;ssl=1\" alt=\"\" class=\"wp-image-7095\" style=\"width:332px;height:auto\" srcset=\"https:\/\/i0.wp.com\/www.rr.senac.br\/portalsenac\/wp-content\/uploads\/2024\/03\/1.png?resize=819%2C1024&amp;ssl=1 819w, https:\/\/i0.wp.com\/www.rr.senac.br\/portalsenac\/wp-content\/uploads\/2024\/03\/1.png?resize=240%2C300&amp;ssl=1 240w, https:\/\/i0.wp.com\/www.rr.senac.br\/portalsenac\/wp-content\/uploads\/2024\/03\/1.png?resize=768%2C960&amp;ssl=1 768w, https:\/\/i0.wp.com\/www.rr.senac.br\/portalsenac\/wp-content\/uploads\/2024\/03\/1.png?w=1080&amp;ssl=1 1080w\" sizes=\"(max-width: 750px) 100vw, 750px\" \/><\/figure>\n<\/div>\n\n\n<p>\u201cEm 2017 vim para Roraima pois tinha uns meses que meu primeiro &nbsp;casamento n\u00e3o deu certo, ent\u00e3o resolvi recome\u00e7ar minha vida.<br>Aproveitei que minha m\u00e3e foi visitar minha irm\u00e3 no Par\u00e1 e vim pra Roraima com ela.<br>Conheci minha atual companheira na casa do meu irm\u00e3o, pois ela \u00e9 sobrinha da esposa dele. Nos conhecemos, por\u00e9m nada rolou, nem interesse [&#8230;] ent\u00e3o no 13 de novembro um dia depois do meu anivers\u00e1rio[&#8230;] sofri um acidente de moto quase morri, fiquei em coma induzido por 15 dias e minha mulher em um estado sem nenhuma fam\u00edlia para ajudar. Ela gr\u00e1vida se virava como podia, ia ao hospital todos os dias, at\u00e9 eu acordar e subir para enfermaria.<\/p>\n\n\n\n<p>Leia a hist\u00f3ria completa: <a href=\"https:\/\/www.instagram.com\/p\/C4G98uYOpc6\/?utm_source=ig_web_copy_link&amp;igsh=MzRlODBiNWFlZA\">https:\/\/www.instagram.com\/p\/C4G98uYOpc6\/?utm_source=ig_web_copy_link&amp;igsh=MzRlODBiNWFlZA<\/a>==<\/p>\n\n\n\n<div style=\"height:3px\" aria-hidden=\"true\" class=\"wp-block-spacer\"><\/div>\n\n\n\n<p>Priscila e Tiago<\/p>\n\n\n<div class=\"wp-block-image\">\n<figure class=\"aligncenter size-large is-resized\"><img data-recalc-dims=\"1\" loading=\"lazy\" decoding=\"async\" width=\"750\" height=\"938\" src=\"https:\/\/i0.wp.com\/www.rr.senac.br\/portalsenac\/wp-content\/uploads\/2024\/03\/2.png?resize=750%2C938&#038;ssl=1\" alt=\"\" class=\"wp-image-7096\" style=\"width:394px;height:auto\" srcset=\"https:\/\/i0.wp.com\/www.rr.senac.br\/portalsenac\/wp-content\/uploads\/2024\/03\/2.png?resize=819%2C1024&amp;ssl=1 819w, https:\/\/i0.wp.com\/www.rr.senac.br\/portalsenac\/wp-content\/uploads\/2024\/03\/2.png?resize=240%2C300&amp;ssl=1 240w, https:\/\/i0.wp.com\/www.rr.senac.br\/portalsenac\/wp-content\/uploads\/2024\/03\/2.png?resize=768%2C960&amp;ssl=1 768w, https:\/\/i0.wp.com\/www.rr.senac.br\/portalsenac\/wp-content\/uploads\/2024\/03\/2.png?w=1080&amp;ssl=1 1080w\" sizes=\"(max-width: 750px) 100vw, 750px\" \/><\/figure>\n<\/div>\n\n\n<p>\u201cNossa hist\u00f3ria foi escrita por Deus muito antes de nascermos! Ele, ga\u00facho de Iju\u00ed, eu roraimense nata rsrsrs. Era o ano de 2006 quando eu tinha apenas 18 anos, rec\u00e9m conclu\u00eddo o ensino m\u00e9dio, estava em busca pelo primeiro emprego, foi ent\u00e3o que vi no classificado da folha esse an\u00fancio: &#8220;Precisa-se de mulheres entre 18 e 35 anos para trabalhar numa rede de franquias na Venezuela, n\u00e3o requer experi\u00eancia.&#8221; J\u00e1 tinha deixado meu curr\u00edculo em v\u00e1rios lugares, mas nunca fui chamada nem para uma entrevista sequer. [&#8230;] Chegando l\u00e1 conheci minha chefe, meus colegas de trabalho, inclusive meu c\u00f4njuge que tamb\u00e9m era colaborador ali, ele tinha chegado l\u00e1 2 anos antes. E foi com apenas 9 dias que tinha chegado naquela cidade, eu fui pedida em namoro por meu dign\u00edssimo companheiro\u201d<\/p>\n\n\n\n<p>Leia a hist\u00f3ria completa: <a href=\"https:\/\/www.instagram.com\/p\/C4MqsxrOFQR\/?utm_source=ig_web_copy_link&amp;igsh=MzRlODBiNWFlZA\">https:\/\/www.instagram.com\/p\/C4MqsxrOFQR\/?utm_source=ig_web_copy_link&amp;igsh=MzRlODBiNWFlZA<\/a>==<\/p>\n\n\n\n<div style=\"height:3px\" aria-hidden=\"true\" class=\"wp-block-spacer\"><\/div>\n\n\n\n<p>Poliana e Rafael<\/p>\n\n\n<div class=\"wp-block-image\">\n<figure class=\"aligncenter size-large is-resized\"><img data-recalc-dims=\"1\" loading=\"lazy\" decoding=\"async\" width=\"750\" height=\"938\" src=\"https:\/\/i0.wp.com\/www.rr.senac.br\/portalsenac\/wp-content\/uploads\/2024\/03\/3.png?resize=750%2C938&#038;ssl=1\" alt=\"\" class=\"wp-image-7097\" style=\"width:345px;height:auto\" srcset=\"https:\/\/i0.wp.com\/www.rr.senac.br\/portalsenac\/wp-content\/uploads\/2024\/03\/3.png?resize=819%2C1024&amp;ssl=1 819w, https:\/\/i0.wp.com\/www.rr.senac.br\/portalsenac\/wp-content\/uploads\/2024\/03\/3.png?resize=240%2C300&amp;ssl=1 240w, https:\/\/i0.wp.com\/www.rr.senac.br\/portalsenac\/wp-content\/uploads\/2024\/03\/3.png?resize=768%2C960&amp;ssl=1 768w, https:\/\/i0.wp.com\/www.rr.senac.br\/portalsenac\/wp-content\/uploads\/2024\/03\/3.png?w=1080&amp;ssl=1 1080w\" sizes=\"(max-width: 750px) 100vw, 750px\" \/><\/figure>\n<\/div>\n\n\n<p>\u201cAs hist\u00f3rias de amor nos contos de fada sempre come\u00e7am de um jeito tosco e desajeitado, e no final os casais mais improv\u00e1veis acabam vivendo felizes para sempre. A nossa n\u00e3o \u00e9 muito diferente!! Minha hist\u00f3ria me faz lembrar de Raquel e Fred em \u201cmulheres apaixonadas\u201d (rsrsr) ela professora, e ele aluno. [&#8230;] Gostar\u00edamos de ser escolhido porque partilhamos do mesmo sonho, que \u00e9 estar casados, poder ter aquele momento em que o Juiz diz: \u201ceu vos declaro marido e mulher\u201d, e eu sei que muitos compartilham conosco a mesma coisa, mas queremos ser escolhido para que mais esse momento fique gravado n\u00e3o s\u00f3 na hist\u00f3ria do&nbsp;<a href=\"https:\/\/www.instagram.com\/senacrr\/\">@<\/a><a href=\"https:\/\/www.instagram.com\/senacrr\/\">senacrr<\/a>&nbsp;e de todos os envolvidos, mas que fique marcado principalmente na nossa hist\u00f3ria e em nossos cora\u00e7\u00f5es. Vivemos firmados nos mandamentos do Senhor e sabemos que o casamento \u00e9 algo aben\u00e7oado por ele.<\/p>\n\n\n\n<p>Leia a hist\u00f3ria completa:&nbsp; <a href=\"https:\/\/www.instagram.com\/p\/C4Os5JYuGiX\/?utm_source=ig_web_copy_link&amp;igsh=MzRlODBiNWFlZA\">https:\/\/www.instagram.com\/p\/C4Os5JYuGiX\/?utm_source=ig_web_copy_link&amp;igsh=MzRlODBiNWFlZA<\/a>==<\/p>\n\n\n\n<div style=\"height:3px\" aria-hidden=\"true\" class=\"wp-block-spacer\"><\/div>\n\n\n\n<p>Sidney e Ana Karoline<\/p>\n\n\n<div class=\"wp-block-image\">\n<figure class=\"aligncenter size-large is-resized\"><img data-recalc-dims=\"1\" loading=\"lazy\" decoding=\"async\" width=\"750\" height=\"938\" src=\"https:\/\/i0.wp.com\/www.rr.senac.br\/portalsenac\/wp-content\/uploads\/2024\/03\/8.png?resize=750%2C938&#038;ssl=1\" alt=\"\" class=\"wp-image-7099\" style=\"width:327px;height:auto\" srcset=\"https:\/\/i0.wp.com\/www.rr.senac.br\/portalsenac\/wp-content\/uploads\/2024\/03\/8.png?resize=819%2C1024&amp;ssl=1 819w, https:\/\/i0.wp.com\/www.rr.senac.br\/portalsenac\/wp-content\/uploads\/2024\/03\/8.png?resize=240%2C300&amp;ssl=1 240w, https:\/\/i0.wp.com\/www.rr.senac.br\/portalsenac\/wp-content\/uploads\/2024\/03\/8.png?resize=768%2C960&amp;ssl=1 768w, https:\/\/i0.wp.com\/www.rr.senac.br\/portalsenac\/wp-content\/uploads\/2024\/03\/8.png?w=1080&amp;ssl=1 1080w\" sizes=\"(max-width: 750px) 100vw, 750px\" \/><\/figure>\n<\/div>\n\n\n<p>\u201cNos chamamos Sidney e Karol, moramos juntos h\u00e1 dez anos, temos duas filhas, residimos em uma casa com seis pessoas ao todo.<br>Passamos anos no mundo, e hoje, somos crist\u00e3os e, ap\u00f3s conhecer a palavra, passamos a ter muita vontade de casar, primeiramente para honrar a Deus e, depois para que nossas filhas vejam e sigam o exemplo de como \u00e9 uma fam\u00edlia perante a lei do Senhor.<br>Infelizmente, nosso sal\u00e1rio d\u00e1 mal para pagar as contas, e na maioria das vezes que tentamos juntar aos poucos, surge algo para pagar ou comprar que est\u00e1 faltando em casa.<br>Sabemos que n\u00e3o \u00e9 a hist\u00f3ria mais comovente dentre tantas, poder\u00edamos ter inventado uma hist\u00f3ria e tanto, que at\u00e9 a jumenta de Bala\u00e3o choraria se contassem para ela (rss) mas, optamos por ser verdadeiros, ent\u00e3o, que seja conforme a vontade de Deus, afinal, nos unimos pelo amor que sentimos um pelo outro, e hoje, queremos nos casar pelo imenso amor que sentimos por AQUELE que nos amou sem mesmo merecermos e nunca mais nos deixou sozinhos. Obrigado, fiquem com Deus\u201d.<\/p>\n\n\n\n<p>Leia a hist\u00f3ria completa: <a href=\"https:\/\/www.instagram.com\/p\/C4OrDc3uKJW\/?utm_source=ig_web_copy_link&amp;igsh=MzRlODBiNWFlZA\">https:\/\/www.instagram.com\/p\/C4OrDc3uKJW\/?utm_source=ig_web_copy_link&amp;igsh=MzRlODBiNWFlZA<\/a>==<\/p>\n\n\n\n<div style=\"height:3px\" aria-hidden=\"true\" class=\"wp-block-spacer\"><\/div>\n\n\n\n<p>Mariana e Guilherme<\/p>\n\n\n<div class=\"wp-block-image\">\n<figure class=\"aligncenter size-large is-resized\"><img data-recalc-dims=\"1\" loading=\"lazy\" decoding=\"async\" width=\"750\" height=\"938\" src=\"https:\/\/i0.wp.com\/www.rr.senac.br\/portalsenac\/wp-content\/uploads\/2024\/03\/9.png?resize=750%2C938&#038;ssl=1\" alt=\"\" class=\"wp-image-7100\" style=\"width:350px;height:auto\" srcset=\"https:\/\/i0.wp.com\/www.rr.senac.br\/portalsenac\/wp-content\/uploads\/2024\/03\/9.png?resize=819%2C1024&amp;ssl=1 819w, https:\/\/i0.wp.com\/www.rr.senac.br\/portalsenac\/wp-content\/uploads\/2024\/03\/9.png?resize=240%2C300&amp;ssl=1 240w, https:\/\/i0.wp.com\/www.rr.senac.br\/portalsenac\/wp-content\/uploads\/2024\/03\/9.png?resize=768%2C960&amp;ssl=1 768w, https:\/\/i0.wp.com\/www.rr.senac.br\/portalsenac\/wp-content\/uploads\/2024\/03\/9.png?w=1080&amp;ssl=1 1080w\" sizes=\"(max-width: 750px) 100vw, 750px\" \/><\/figure>\n<\/div>\n\n\n<p>Essa \u00e9 a hist\u00f3ria desse lindo casal, ele Guilherme Uch\u00f4a e ela Mariana Monteiro.<br>Em um dia ensolarado de sol, as \u00e1rvores balan\u00e7avam, os passarinhos cantavam&#8230;&#8230;. N\u00e3o, pera.<br>Em um dia normal de aula na escola estadual Maria das Dores Brasil, por meio de um amigo em comum, nos conhecemos (2016). [&#8230;]<br>E como eu morava com minha av\u00f3 e meus tios, e nada, absolutamente nada, escapava dos olhos e ouvidos da minha tia Suzy, ela perguntou se eu estava namorando e eu muito nervosa a princ\u00edpio neguei, depois contei a verdade, e na mesma hora ela disse que ele precisaria ir l\u00e1 para pedir permiss\u00e3o da fam\u00edlia. [&#8230;]<br>Compramos o enxoval no nosso Cau\u00e3, dia 08\/01\/2020 ele nasceu, em mar\u00e7o veio a pandemia e v\u00e1rios outros imprevistos at\u00e9 aqui. Por esses eventuais acontecimentos estamos aguardando o dia e condi\u00e7\u00f5es para nos casarmos.<br>Hoje estamos h\u00e1 seis anos nessa jornada, entre brigas e abra\u00e7os nosso filho est\u00e1 com 4 anos, temos f\u00e9 que vamos nos legalizar perante Deus.<br>E assim termina essa resumida hist\u00f3ria, pois se fosse contar cada acontecimento, um livro estaria garantido\u201d.<\/p>\n\n\n\n<p>Leia a hist\u00f3ria completa: <a href=\"https:\/\/www.instagram.com\/p\/C4NssWOuNXH\/?utm_source=ig_web_copy_link&amp;igsh=MzRlODBiNWFlZA\">https:\/\/www.instagram.com\/p\/C4NssWOuNXH\/?utm_source=ig_web_copy_link&amp;igsh=MzRlODBiNWFlZA<\/a>==<\/p>\n\n\n\n<div style=\"height:3px\" aria-hidden=\"true\" class=\"wp-block-spacer\"><\/div>\n\n\n\n<p>Leidiane e Adriano<\/p>\n\n\n<div class=\"wp-block-image\">\n<figure class=\"aligncenter size-large is-resized\"><img data-recalc-dims=\"1\" loading=\"lazy\" decoding=\"async\" width=\"750\" height=\"938\" src=\"https:\/\/i0.wp.com\/www.rr.senac.br\/portalsenac\/wp-content\/uploads\/2024\/03\/10.png?resize=750%2C938&#038;ssl=1\" alt=\"\" class=\"wp-image-7101\" style=\"width:350px;height:auto\" srcset=\"https:\/\/i0.wp.com\/www.rr.senac.br\/portalsenac\/wp-content\/uploads\/2024\/03\/10.png?resize=819%2C1024&amp;ssl=1 819w, https:\/\/i0.wp.com\/www.rr.senac.br\/portalsenac\/wp-content\/uploads\/2024\/03\/10.png?resize=240%2C300&amp;ssl=1 240w, https:\/\/i0.wp.com\/www.rr.senac.br\/portalsenac\/wp-content\/uploads\/2024\/03\/10.png?resize=768%2C960&amp;ssl=1 768w, https:\/\/i0.wp.com\/www.rr.senac.br\/portalsenac\/wp-content\/uploads\/2024\/03\/10.png?w=1080&amp;ssl=1 1080w\" sizes=\"(max-width: 750px) 100vw, 750px\" \/><\/figure>\n<\/div>\n\n\n<p>Essa hist\u00f3ria aconteceu h\u00e1 20 anos. Eu Leidiane n\u00e3o acreditava em amor \u00e0 primeira vista, at\u00e9 que um certo dia resolvi tirar minha CNH, e nessa busca parei em uma auto escola no bairro Liberdade. Bem no port\u00e3o dei de cara com o grande amor da minha vida (ele mesmo, Adriano) que na \u00e9poca era instrutor de tr\u00e2nsito. Pernas tremiam mais que tudo. Eu n\u00e3o quis nem saber do valor da habilita\u00e7\u00e3o, s\u00f3 queria ficar ali, para ele ser meu instrutor e ficar pertinho dele. Com o passar do tempo come\u00e7amos a namorar, acredite eu que pedi ele em namoro kkkk ele todo t\u00edmido e cheio de charme, eu sempre gostei muito de agradar meu amado. Certo dia eu havia acabado de receber meu sal\u00e1rio e quis fazer um mimo para ele, fui ao mercado e comprei os ingredientes para fazer um bolo de chocolate, fiz com muito amor e carinho. Acho que foi o melhor bolo que j\u00e1 fiz. Quando ele veio me visitar dei o bolo para ele e disse: Pra voc\u00ea meu amor, para comer no caf\u00e9 da manh\u00e3.<\/p>\n\n\n\n<p>Pois bem, depois de algum tempo, j\u00e1 est\u00e1vamos morando juntos, ele me confessou que havia jogado o bolo inteiro fora. Na hora fiquei com muita raiva, mas depois cai na risada&#8230;<\/p>\n\n\n\n<p>Segundo ele, o mesmo jogou o bolo fora com medo de estar envenenado, pois quando iniciamos nosso namoro eu trabalhava em uma funer\u00e1ria, e justamente nessa \u00e9poca estava rolando nas redes sociais, jornais, que pessoas que trabalham em funer\u00e1rias estavam envenenando pessoas para retirar seus \u00f3rg\u00e3os e vender. Hoje estamos juntos h\u00e1 20 anos nesta rela\u00e7\u00e3o. Deus nos aben\u00e7oou com dois filhos lindos Adryon e Andryo completando assim nossa fam\u00edlia. Essa \u00e9 nossa hist\u00f3ria de amor, onde o amor venceu o medo. E por superar esses obst\u00e1culos que merecemos oficializar nossa uni\u00e3o\u201d.<\/p>\n\n\n\n<p>Leia a hist\u00f3ria completa: <a href=\"https:\/\/www.instagram.com\/p\/C4J2eFUOcuX\/?utm_source=ig_web_copy_link&amp;igsh=MzRlODBiNWFlZA\">https:\/\/www.instagram.com\/p\/C4J2eFUOcuX\/?utm_source=ig_web_copy_link&amp;igsh=MzRlODBiNWFlZA<\/a>==<\/p>\n\n\n\n<div style=\"height:3px\" aria-hidden=\"true\" class=\"wp-block-spacer\"><\/div>\n\n\n\n<p>A cerim\u00f4nia acontece no m\u00eas de maio organizada pelas turmas do Senac como apresenta\u00e7\u00e3o de projeto integrador de cerca de 10 turmas da institui\u00e7\u00e3o. Demais etapas ser\u00e3o divulgadas nas redes sociais do Senac.<\/p>\n\n\n\n<div style=\"height:3px\" aria-hidden=\"true\" class=\"wp-block-spacer\"><\/div>\n\n\n\n<p>Giovanna Lima \u2013 analista t\u00e9cnica<\/p>\n\n\n\n<p>Comunica\u00e7\u00e3o Senac RR<\/p>\n","protected":false},"excerpt":{"rendered":"<p>Casais foram selecionados por uma comiss\u00e3o O Servi\u00e7o Nacional de Aprendizagem Comercial (Senac- RR) promove no pr\u00f3ximo dia 15 de maio, a segunda edi\u00e7\u00e3o do Casamento Coletivo, com a participa\u00e7\u00e3o de 10 casais que foram selecionados por meio de uma comiss\u00e3o, ap\u00f3s preencherem as etapas&hellip; <a class=\"more-link\" href=\"https:\/\/www.rr.senac.br\/portalsenac\/conheca-os-casais-da-terceira-edicao-do-casamento-coletivo-do-senac-rr\/\">Continuar lendo <span class=\"screen-reader-text\">Conhe\u00e7a os casais da terceira edi\u00e7\u00e3o do Casamento Coletivo do Senac-RR<\/span><\/a><\/p>\n","protected":false},"author":2,"featured_media":7063,"comment_status":"closed","ping_status":"closed","sticky":false,"template":"","format":"standard","meta":{"_jetpack_memberships_contains_paid_content":false,"_joinchat":[],"footnotes":""},"categories":[12],"tags":[],"class_list":["post-7090","post","type-post","status-publish","format-standard","has-post-thumbnail","hentry","category-ultimas-noticias","entry"],"jetpack_featured_media_url":"https:\/\/i0.wp.com\/www.rr.senac.br\/portalsenac\/wp-content\/uploads\/2024\/02\/Casamento-Coletivo-Senac-RR-2.jpg?fit=700%2C466&ssl=1","jetpack_sharing_enabled":true,"_links":{"self":[{"href":"https:\/\/www.rr.senac.br\/portalsenac\/wp-json\/wp\/v2\/posts\/7090","targetHints":{"allow":["GET"]}}],"collection":[{"href":"https:\/\/www.rr.senac.br\/portalsenac\/wp-json\/wp\/v2\/posts"}],"about":[{"href":"https:\/\/www.rr.senac.br\/portalsenac\/wp-json\/wp\/v2\/types\/post"}],"author":[{"embeddable":true,"href":"https:\/\/www.rr.senac.br\/portalsenac\/wp-json\/wp\/v2\/users\/2"}],"replies":[{"embeddable":true,"href":"https:\/\/www.rr.senac.br\/portalsenac\/wp-json\/wp\/v2\/comments?post=7090"}],"version-history":[{"count":3,"href":"https:\/\/www.rr.senac.br\/portalsenac\/wp-json\/wp\/v2\/posts\/7090\/revisions"}],"predecessor-version":[{"id":7106,"href":"https:\/\/www.rr.senac.br\/portalsenac\/wp-json\/wp\/v2\/posts\/7090\/revisions\/7106"}],"wp:featuredmedia":[{"embeddable":true,"href":"https:\/\/www.rr.senac.br\/portalsenac\/wp-json\/wp\/v2\/media\/7063"}],"wp:attachment":[{"href":"https:\/\/www.rr.senac.br\/portalsenac\/wp-json\/wp\/v2\/media?parent=7090"}],"wp:term":[{"taxonomy":"category","embeddable":true,"href":"https:\/\/www.rr.senac.br\/portalsenac\/wp-json\/wp\/v2\/categories?post=7090"},{"taxonomy":"post_tag","embeddable":true,"href":"https:\/\/www.rr.senac.br\/portalsenac\/wp-json\/wp\/v2\/tags?post=7090"}],"curies":[{"name":"wp","href":"https:\/\/api.w.org\/{rel}","templated":true}]}}