{"id":7112,"date":"2024-03-19T09:12:00","date_gmt":"2024-03-19T13:12:00","guid":{"rendered":"https:\/\/www.rr.senac.br\/portalsenac\/?p=7112"},"modified":"2024-06-25T09:27:03","modified_gmt":"2024-06-25T13:27:03","slug":"esquina-americana-do-senac-promove-clube-de-conversacao-em-ingles","status":"publish","type":"post","link":"https:\/\/www.rr.senac.br\/portalsenac\/esquina-americana-do-senac-promove-clube-de-conversacao-em-ingles\/","title":{"rendered":"Esquina Americana do Senac promove clube de conversa\u00e7\u00e3o em ingl\u00eas"},"content":{"rendered":"\n<h5 class=\"wp-block-heading\"><em>Servi\u00e7o \u00e9 gratuito e aberto ao p\u00fablico<\/em><\/h5>\n\n\n\n<figure class=\"wp-block-image size-large\"><img data-recalc-dims=\"1\" fetchpriority=\"high\" decoding=\"async\" width=\"750\" height=\"500\" src=\"https:\/\/i0.wp.com\/www.rr.senac.br\/portalsenac\/wp-content\/uploads\/2024\/06\/Clube-de-conversacao-2.jpg?resize=750%2C500&#038;ssl=1\" alt=\"\" class=\"wp-image-7413\" srcset=\"https:\/\/i0.wp.com\/www.rr.senac.br\/portalsenac\/wp-content\/uploads\/2024\/06\/Clube-de-conversacao-2.jpg?resize=1024%2C683&amp;ssl=1 1024w, https:\/\/i0.wp.com\/www.rr.senac.br\/portalsenac\/wp-content\/uploads\/2024\/06\/Clube-de-conversacao-2.jpg?resize=300%2C200&amp;ssl=1 300w, https:\/\/i0.wp.com\/www.rr.senac.br\/portalsenac\/wp-content\/uploads\/2024\/06\/Clube-de-conversacao-2.jpg?resize=768%2C512&amp;ssl=1 768w, https:\/\/i0.wp.com\/www.rr.senac.br\/portalsenac\/wp-content\/uploads\/2024\/06\/Clube-de-conversacao-2.jpg?w=1125&amp;ssl=1 1125w\" sizes=\"(max-width: 750px) 100vw, 750px\" \/><\/figure>\n\n\n\n<div style=\"height:10px\" aria-hidden=\"true\" class=\"wp-block-spacer\"><\/div>\n\n\n\n<p>O Servi\u00e7o Nacional de Aprendizagem Comercial (Senac-RR) retomou o clube de conversa\u00e7\u00e3o da Esquina Americana <em>Abraham Lincoln<\/em>, localizada no Senac Idiomas. O servi\u00e7o \u00e9 gratuito e aberto \u00e0 popula\u00e7\u00e3o a partir dos 16 anos que tenham compreens\u00e3o de n\u00edvel pr\u00e9-intermedi\u00e1rio.<\/p>\n\n\n\n<div style=\"height:3px\" aria-hidden=\"true\" class=\"wp-block-spacer\"><\/div>\n\n\n\n<p>Para participar, a institui\u00e7\u00e3o oferta turmas on-line no hor\u00e1rio das 10h \u00e0s 11h, e presencialmente das 18h30 \u00e0s 20h30, \u00e0s ter\u00e7as e quintas, na biblioteca do Senac Idiomas, localizada na Rua General Penha Brasil, N\u00ba 1618, bairro S\u00e3o Francisco. O servi\u00e7o \u00e9 ofertado de forma gratuita, sem inscri\u00e7\u00e3o pr\u00e9via, para participantes a partir dos 16 anos com compreens\u00e3o pr\u00e9-intermedi\u00e1ria do ingl\u00eas.<\/p>\n\n\n\n<div style=\"height:3px\" aria-hidden=\"true\" class=\"wp-block-spacer\"><\/div>\n\n\n\n<p>&nbsp;Conforme Vitor Milhomem, coordenador do Senac Idiomas, a participa\u00e7\u00e3o em clubes de conversa\u00e7\u00e3o \u00e9 essencial para aprimorar habilidades comunicativas. \u201cNa esquina americana do Centro de Idiomas, esses encontros ganham destaque, proporcionando uma plataforma \u00fanica para o desenvolvimento lingu\u00edstico e intercultural\u201d.<\/p>\n\n\n\n<div style=\"height:3px\" aria-hidden=\"true\" class=\"wp-block-spacer\"><\/div>\n\n\n\n<p>As rodadas de conversa envolvem discuss\u00f5es atuais, datas sazonais e conte\u00fados descontra\u00eddos, como viagens, festivais e festividades. Tudo isso pensado em trazer a flu\u00eancia de forma descontra\u00edda, e tamb\u00e9m a interculturalidade entre os participantes, proporcionando a troca de viv\u00eancias e experi\u00eancias, e expans\u00e3o de horizontes culturais.<\/p>\n\n\n\n<div style=\"height:3px\" aria-hidden=\"true\" class=\"wp-block-spacer\"><\/div>\n\n\n\n<p>Para mais informa\u00e7\u00f5es basta entrar em contato pelo <a href=\"https:\/\/www.instagram.com\/americancornerbv\/\">instagram da Esquina Americana <em>Abraham Lincoln<\/em><\/a>, ou diretamente com a <a href=\"https:\/\/api.whatsapp.com\/message\/HRGMCUHM462QL1\">central de atendimento do Senac RR via whatsapp.<\/a><\/p>\n\n\n\n<div style=\"height:3px\" aria-hidden=\"true\" class=\"wp-block-spacer\"><\/div>\n\n\n\n<p>Giovanna Lima \u2013 analista t\u00e9cnica<\/p>\n\n\n\n<p>Comunica\u00e7\u00e3o Senac RR<\/p>\n","protected":false},"excerpt":{"rendered":"<p>Servi\u00e7o \u00e9 gratuito e aberto ao p\u00fablico O Servi\u00e7o Nacional de Aprendizagem Comercial (Senac-RR) retomou o clube de conversa\u00e7\u00e3o da Esquina Americana Abraham Lincoln, localizada no Senac Idiomas. O servi\u00e7o \u00e9 gratuito e aberto \u00e0 popula\u00e7\u00e3o a partir dos 16 anos que tenham compreens\u00e3o de&hellip; <a class=\"more-link\" href=\"https:\/\/www.rr.senac.br\/portalsenac\/esquina-americana-do-senac-promove-clube-de-conversacao-em-ingles\/\">Continuar lendo <span class=\"screen-reader-text\">Esquina Americana do Senac promove clube de conversa\u00e7\u00e3o em ingl\u00eas<\/span><\/a><\/p>\n","protected":false},"author":2,"featured_media":0,"comment_status":"closed","ping_status":"closed","sticky":false,"template":"","format":"standard","meta":{"_jetpack_memberships_contains_paid_content":false,"_joinchat":[],"footnotes":""},"categories":[12],"tags":[],"class_list":["post-7112","post","type-post","status-publish","format-standard","hentry","category-ultimas-noticias","entry"],"jetpack_featured_media_url":"","jetpack_sharing_enabled":true,"_links":{"self":[{"href":"https:\/\/www.rr.senac.br\/portalsenac\/wp-json\/wp\/v2\/posts\/7112","targetHints":{"allow":["GET"]}}],"collection":[{"href":"https:\/\/www.rr.senac.br\/portalsenac\/wp-json\/wp\/v2\/posts"}],"about":[{"href":"https:\/\/www.rr.senac.br\/portalsenac\/wp-json\/wp\/v2\/types\/post"}],"author":[{"embeddable":true,"href":"https:\/\/www.rr.senac.br\/portalsenac\/wp-json\/wp\/v2\/users\/2"}],"replies":[{"embeddable":true,"href":"https:\/\/www.rr.senac.br\/portalsenac\/wp-json\/wp\/v2\/comments?post=7112"}],"version-history":[{"count":2,"href":"https:\/\/www.rr.senac.br\/portalsenac\/wp-json\/wp\/v2\/posts\/7112\/revisions"}],"predecessor-version":[{"id":7414,"href":"https:\/\/www.rr.senac.br\/portalsenac\/wp-json\/wp\/v2\/posts\/7112\/revisions\/7414"}],"wp:attachment":[{"href":"https:\/\/www.rr.senac.br\/portalsenac\/wp-json\/wp\/v2\/media?parent=7112"}],"wp:term":[{"taxonomy":"category","embeddable":true,"href":"https:\/\/www.rr.senac.br\/portalsenac\/wp-json\/wp\/v2\/categories?post=7112"},{"taxonomy":"post_tag","embeddable":true,"href":"https:\/\/www.rr.senac.br\/portalsenac\/wp-json\/wp\/v2\/tags?post=7112"}],"curies":[{"name":"wp","href":"https:\/\/api.w.org\/{rel}","templated":true}]}}