{"id":7124,"date":"2024-03-21T10:37:57","date_gmt":"2024-03-21T14:37:57","guid":{"rendered":"https:\/\/www.rr.senac.br\/portalsenac\/?p=7124"},"modified":"2024-03-21T10:37:57","modified_gmt":"2024-03-21T14:37:57","slug":"alunos-do-senac-rr-arrecadam-roupas-para-doacao","status":"publish","type":"post","link":"https:\/\/www.rr.senac.br\/portalsenac\/alunos-do-senac-rr-arrecadam-roupas-para-doacao\/","title":{"rendered":"Alunos do Senac-RR arrecadam roupas para doa\u00e7\u00e3o"},"content":{"rendered":"\n<h5 class=\"wp-block-heading\"><em>Comunidade pode doar at\u00e9 o pr\u00f3ximo dia 28<\/em><\/h5>\n\n\n\n<figure class=\"wp-block-image size-large\"><img data-recalc-dims=\"1\" fetchpriority=\"high\" decoding=\"async\" width=\"750\" height=\"500\" src=\"https:\/\/i0.wp.com\/www.rr.senac.br\/portalsenac\/wp-content\/uploads\/2024\/03\/Senac-doacoes-1.jpg?resize=750%2C500&#038;ssl=1\" alt=\"\" class=\"wp-image-7125\" srcset=\"https:\/\/i0.wp.com\/www.rr.senac.br\/portalsenac\/wp-content\/uploads\/2024\/03\/Senac-doacoes-1-scaled.jpg?resize=1024%2C683&amp;ssl=1 1024w, https:\/\/i0.wp.com\/www.rr.senac.br\/portalsenac\/wp-content\/uploads\/2024\/03\/Senac-doacoes-1-scaled.jpg?resize=300%2C200&amp;ssl=1 300w, https:\/\/i0.wp.com\/www.rr.senac.br\/portalsenac\/wp-content\/uploads\/2024\/03\/Senac-doacoes-1-scaled.jpg?resize=768%2C512&amp;ssl=1 768w, https:\/\/i0.wp.com\/www.rr.senac.br\/portalsenac\/wp-content\/uploads\/2024\/03\/Senac-doacoes-1-scaled.jpg?resize=1536%2C1024&amp;ssl=1 1536w, https:\/\/i0.wp.com\/www.rr.senac.br\/portalsenac\/wp-content\/uploads\/2024\/03\/Senac-doacoes-1-scaled.jpg?resize=2048%2C1365&amp;ssl=1 2048w, https:\/\/i0.wp.com\/www.rr.senac.br\/portalsenac\/wp-content\/uploads\/2024\/03\/Senac-doacoes-1-scaled.jpg?resize=1568%2C1045&amp;ssl=1 1568w, https:\/\/i0.wp.com\/www.rr.senac.br\/portalsenac\/wp-content\/uploads\/2024\/03\/Senac-doacoes-1-scaled.jpg?w=2250&amp;ssl=1 2250w\" sizes=\"(max-width: 750px) 100vw, 750px\" \/><\/figure>\n\n\n\n<div style=\"height:5px\" aria-hidden=\"true\" class=\"wp-block-spacer\"><\/div>\n\n\n\n<p>HORA DE FAZER UMA BOA A\u00c7\u00c3O! Os alunos do curso de servi\u00e7os administrativos do Servi\u00e7o Nacional de Aprendizagem Comercial (Senac-RR) lan\u00e7aram nesta semana o projeto social \u201cSustenac\u201d, para arrecada\u00e7\u00e3o de roupas \u201cprofissionais\u201d para doa\u00e7\u00e3o. As doa\u00e7\u00f5es ser\u00e3o recebidas at\u00e9 o dia 28 de mar\u00e7o.<\/p>\n\n\n\n<div style=\"height:3px\" aria-hidden=\"true\" class=\"wp-block-spacer\"><\/div>\n\n\n\n<p>Com objetivo de integrar os conte\u00fados desenvolvidos nas unidades curriculares do curso de aprendizagem comercial em servi\u00e7os administrativos, alinhado \u00e0 pr\u00e1tica, a turma foi desafiada pela instrutora a montar uma empresa sem fins lucrativos de acordo com os tr\u00e2mites ensinados em sala de aula, ent\u00e3o os alunos decidiram arrecadar roupas que pudessem ser utilizadas no \u00e2mbito profissional, para destinar aos que necessitam. A a\u00e7\u00e3o faz parte do projeto integrador e social dos estudantes.<\/p>\n\n\n\n<div style=\"height:3px\" aria-hidden=\"true\" class=\"wp-block-spacer\"><\/div>\n\n\n\n<figure class=\"wp-block-image size-large\"><img data-recalc-dims=\"1\" decoding=\"async\" width=\"750\" height=\"500\" src=\"https:\/\/i0.wp.com\/www.rr.senac.br\/portalsenac\/wp-content\/uploads\/2024\/03\/Senac-doacoes-2.jpg?resize=750%2C500&#038;ssl=1\" alt=\"\" class=\"wp-image-7126\" srcset=\"https:\/\/i0.wp.com\/www.rr.senac.br\/portalsenac\/wp-content\/uploads\/2024\/03\/Senac-doacoes-2-scaled.jpg?resize=1024%2C683&amp;ssl=1 1024w, https:\/\/i0.wp.com\/www.rr.senac.br\/portalsenac\/wp-content\/uploads\/2024\/03\/Senac-doacoes-2-scaled.jpg?resize=300%2C200&amp;ssl=1 300w, https:\/\/i0.wp.com\/www.rr.senac.br\/portalsenac\/wp-content\/uploads\/2024\/03\/Senac-doacoes-2-scaled.jpg?resize=768%2C512&amp;ssl=1 768w, https:\/\/i0.wp.com\/www.rr.senac.br\/portalsenac\/wp-content\/uploads\/2024\/03\/Senac-doacoes-2-scaled.jpg?resize=1536%2C1024&amp;ssl=1 1536w, https:\/\/i0.wp.com\/www.rr.senac.br\/portalsenac\/wp-content\/uploads\/2024\/03\/Senac-doacoes-2-scaled.jpg?resize=2048%2C1365&amp;ssl=1 2048w, https:\/\/i0.wp.com\/www.rr.senac.br\/portalsenac\/wp-content\/uploads\/2024\/03\/Senac-doacoes-2-scaled.jpg?resize=1568%2C1045&amp;ssl=1 1568w, https:\/\/i0.wp.com\/www.rr.senac.br\/portalsenac\/wp-content\/uploads\/2024\/03\/Senac-doacoes-2-scaled.jpg?w=2250&amp;ssl=1 2250w\" sizes=\"(max-width: 750px) 100vw, 750px\" \/><\/figure>\n\n\n\n<div style=\"height:3px\" aria-hidden=\"true\" class=\"wp-block-spacer\"><\/div>\n\n\n\n<p>\u201cDurante a reuni\u00e3o entre as equipes, surgiram v\u00e1rias hip\u00f3teses, e uma delas foi voltada \u00e0 sustentabilidade, ent\u00e3o, aliado ao conte\u00fado de inser\u00e7\u00e3o no mercado de trabalho, foi citado o \u2018Dia de Oportunidades\u2019, evento j\u00e1 promovido pela institui\u00e7\u00e3o. Os alunos participaram de uma palestra com a respons\u00e1vel pelo projeto, que esclareceu algumas d\u00favidas e explicou que no \u2018Dia D\u2019 \u00e9 ofertado corte de cabelo, revitaliza\u00e7\u00e3o facial, etc, ent\u00e3o pensamos na ideia de colaborar com o evento, ofertando roupas para compor este combo para uma boa apresenta\u00e7\u00e3o na entrevista\u201d, explicou a instrutora Jana\u00edna Andrade.<\/p>\n\n\n\n<div style=\"height:3px\" aria-hidden=\"true\" class=\"wp-block-spacer\"><\/div>\n\n\n\n<p>As doa\u00e7\u00f5es podem ser feitas por toda a comunidade, e para doar, basta comparecer \u00e0 unidade Bernardo Cabral, localizada na Rua Hor\u00e1cio Mardel de Magalh\u00e3es, n\u00ba 400, bairro Asa Branca, e dirigir-se \u00e0 sala cinco. Mais informa\u00e7\u00f5es podem ser consultadas diretamente nas <a href=\"https:\/\/www.instagram.com\/senacrr\/\">redes sociais do Senac-RR.<\/a><\/p>\n\n\n\n<div style=\"height:3px\" aria-hidden=\"true\" class=\"wp-block-spacer\"><\/div>\n\n\n\n<p>Giovanna Lima \u2013 analista t\u00e9cnica<\/p>\n\n\n\n<p>Comunica\u00e7\u00e3o Senac RR<\/p>\n","protected":false},"excerpt":{"rendered":"<p>Comunidade pode doar at\u00e9 o pr\u00f3ximo dia 28 HORA DE FAZER UMA BOA A\u00c7\u00c3O! Os alunos do curso de servi\u00e7os administrativos do Servi\u00e7o Nacional de Aprendizagem Comercial (Senac-RR) lan\u00e7aram nesta semana o projeto social \u201cSustenac\u201d, para arrecada\u00e7\u00e3o de roupas \u201cprofissionais\u201d para doa\u00e7\u00e3o. As doa\u00e7\u00f5es ser\u00e3o&hellip; <a class=\"more-link\" href=\"https:\/\/www.rr.senac.br\/portalsenac\/alunos-do-senac-rr-arrecadam-roupas-para-doacao\/\">Continuar lendo <span class=\"screen-reader-text\">Alunos do Senac-RR arrecadam roupas para doa\u00e7\u00e3o<\/span><\/a><\/p>\n","protected":false},"author":2,"featured_media":7125,"comment_status":"closed","ping_status":"","sticky":false,"template":"","format":"standard","meta":{"_jetpack_memberships_contains_paid_content":false,"_joinchat":[],"footnotes":""},"categories":[12],"tags":[],"class_list":["post-7124","post","type-post","status-publish","format-standard","has-post-thumbnail","hentry","category-ultimas-noticias","entry"],"jetpack_featured_media_url":"https:\/\/i0.wp.com\/www.rr.senac.br\/portalsenac\/wp-content\/uploads\/2024\/03\/Senac-doacoes-1-scaled.jpg?fit=2560%2C1707&ssl=1","jetpack_sharing_enabled":true,"_links":{"self":[{"href":"https:\/\/www.rr.senac.br\/portalsenac\/wp-json\/wp\/v2\/posts\/7124","targetHints":{"allow":["GET"]}}],"collection":[{"href":"https:\/\/www.rr.senac.br\/portalsenac\/wp-json\/wp\/v2\/posts"}],"about":[{"href":"https:\/\/www.rr.senac.br\/portalsenac\/wp-json\/wp\/v2\/types\/post"}],"author":[{"embeddable":true,"href":"https:\/\/www.rr.senac.br\/portalsenac\/wp-json\/wp\/v2\/users\/2"}],"replies":[{"embeddable":true,"href":"https:\/\/www.rr.senac.br\/portalsenac\/wp-json\/wp\/v2\/comments?post=7124"}],"version-history":[{"count":1,"href":"https:\/\/www.rr.senac.br\/portalsenac\/wp-json\/wp\/v2\/posts\/7124\/revisions"}],"predecessor-version":[{"id":7127,"href":"https:\/\/www.rr.senac.br\/portalsenac\/wp-json\/wp\/v2\/posts\/7124\/revisions\/7127"}],"wp:featuredmedia":[{"embeddable":true,"href":"https:\/\/www.rr.senac.br\/portalsenac\/wp-json\/wp\/v2\/media\/7125"}],"wp:attachment":[{"href":"https:\/\/www.rr.senac.br\/portalsenac\/wp-json\/wp\/v2\/media?parent=7124"}],"wp:term":[{"taxonomy":"category","embeddable":true,"href":"https:\/\/www.rr.senac.br\/portalsenac\/wp-json\/wp\/v2\/categories?post=7124"},{"taxonomy":"post_tag","embeddable":true,"href":"https:\/\/www.rr.senac.br\/portalsenac\/wp-json\/wp\/v2\/tags?post=7124"}],"curies":[{"name":"wp","href":"https:\/\/api.w.org\/{rel}","templated":true}]}}