{"id":7171,"date":"2024-04-01T08:27:32","date_gmt":"2024-04-01T12:27:32","guid":{"rendered":"https:\/\/www.rr.senac.br\/portalsenac\/?p=7171"},"modified":"2024-04-01T08:52:22","modified_gmt":"2024-04-01T12:52:22","slug":"senac-roraima-lanca-novo-programa-para-redes-sociais","status":"publish","type":"post","link":"https:\/\/www.rr.senac.br\/portalsenac\/senac-roraima-lanca-novo-programa-para-redes-sociais\/","title":{"rendered":"Senac Roraima lan\u00e7a novo programa para redes sociais"},"content":{"rendered":"\n<h5 class=\"wp-block-heading\">&#8220;Universo Senac\u201d estreia nesta segunda-feira<\/h5>\n\n\n\n<figure class=\"wp-block-image size-large\"><img data-recalc-dims=\"1\" fetchpriority=\"high\" decoding=\"async\" width=\"750\" height=\"353\" src=\"https:\/\/i0.wp.com\/www.rr.senac.br\/portalsenac\/wp-content\/uploads\/2024\/04\/capa.png?resize=750%2C353&#038;ssl=1\" alt=\"\" class=\"wp-image-7172\" srcset=\"https:\/\/i0.wp.com\/www.rr.senac.br\/portalsenac\/wp-content\/uploads\/2024\/04\/capa.png?resize=1024%2C482&amp;ssl=1 1024w, https:\/\/i0.wp.com\/www.rr.senac.br\/portalsenac\/wp-content\/uploads\/2024\/04\/capa.png?resize=300%2C141&amp;ssl=1 300w, https:\/\/i0.wp.com\/www.rr.senac.br\/portalsenac\/wp-content\/uploads\/2024\/04\/capa.png?resize=768%2C361&amp;ssl=1 768w, https:\/\/i0.wp.com\/www.rr.senac.br\/portalsenac\/wp-content\/uploads\/2024\/04\/capa.png?w=1080&amp;ssl=1 1080w\" sizes=\"(max-width: 750px) 100vw, 750px\" \/><\/figure>\n\n\n\n<div style=\"height:7px\" aria-hidden=\"true\" class=\"wp-block-spacer\"><\/div>\n\n\n\n<p>LUZ, C\u00c2MERA, A\u00c7\u00c3O! O Servi\u00e7o Nacional de Aprendizagem Comercial (Senac-RR), lan\u00e7ou nesta segunda-feira (01) o novo programa para as redes sociais intitulado \u2018Universo Senac\u2019. A proposta \u00e9 trazer as novidades em primeira m\u00e3o de novas informa\u00e7\u00f5es sobre a institui\u00e7\u00e3o.<\/p>\n\n\n\n<div style=\"height:2px\" aria-hidden=\"true\" class=\"wp-block-spacer\"><\/div>\n\n\n\n<p>Apresentado pela analista t\u00e9cnica de comunica\u00e7\u00e3o, Giovanna Lima, o programa traz o que h\u00e1 de melhor no Senac: novos cursos, eventos, editais do Programa Senac de Gratuidade (PSG), din\u00e2micas e muito mais. Conforme a assessora de comunica\u00e7\u00e3o e marketing, Aline Rodrigues a proposta do programa Universo Senac \u00e9 atualizar e trazer uma nova vers\u00e3o para um programa que j\u00e1 faz\u00edamos, em conjunto com o Sesc, o \u201cPlay.Se\u201d. \u201cA ideia \u00e9 trazer informa\u00e7\u00f5es e novidades que est\u00e3o rolando, com um toque bem descontra\u00eddo e atual, o programa est\u00e1 diretamente alinhado com a proposta, que \u00e9 mergulhar nesse grande universo de possibilidades que \u00e9 o Senac\u201d explicou.<\/p>\n\n\n\n<div style=\"height:2px\" aria-hidden=\"true\" class=\"wp-block-spacer\"><\/div>\n\n\n\n<p>O intuito do programa \u00e9 trazer as informa\u00e7\u00f5es de uma maneira descontra\u00edda com o conte\u00fado leve que as redes sociais merecem. O programa ir\u00e1 ao ar semanalmente \u00e0s segundas-feiras, contando com as novidades da semana na institui\u00e7\u00e3o, como programa\u00e7\u00e3o de cursos, editais de cursos gratuitos, eventos e muito mais!<\/p>\n\n\n\n<div style=\"height:2px\" aria-hidden=\"true\" class=\"wp-block-spacer\"><\/div>\n\n\n\n<p><a href=\"https:\/\/www.instagram.com\/reel\/C5N-gVnOavl\/?igsh=MWg3MXQwcmppajhwZA==\">O primeiro epis\u00f3dio j\u00e1 est\u00e1 dispon\u00edvel e pode ser conferido diretamente nas redes sociais do Senac-RR.<\/a><\/p>\n\n\n\n<div style=\"height:2px\" aria-hidden=\"true\" class=\"wp-block-spacer\"><\/div>\n\n\n\n<p>Giovanna Lima \u2013 analista t\u00e9cnica<\/p>\n\n\n\n<p>Comunica\u00e7\u00e3o Senac RR<\/p>\n","protected":false},"excerpt":{"rendered":"<p>&#8220;Universo Senac\u201d estreia nesta segunda-feira LUZ, C\u00c2MERA, A\u00c7\u00c3O! O Servi\u00e7o Nacional de Aprendizagem Comercial (Senac-RR), lan\u00e7ou nesta segunda-feira (01) o novo programa para as redes sociais intitulado \u2018Universo Senac\u2019. A proposta \u00e9 trazer as novidades em primeira m\u00e3o de novas informa\u00e7\u00f5es sobre a institui\u00e7\u00e3o. Apresentado&hellip; <a class=\"more-link\" href=\"https:\/\/www.rr.senac.br\/portalsenac\/senac-roraima-lanca-novo-programa-para-redes-sociais\/\">Continuar lendo <span class=\"screen-reader-text\">Senac Roraima lan\u00e7a novo programa para redes sociais<\/span><\/a><\/p>\n","protected":false},"author":2,"featured_media":7172,"comment_status":"closed","ping_status":"closed","sticky":false,"template":"","format":"standard","meta":{"_jetpack_memberships_contains_paid_content":false,"_joinchat":[],"footnotes":""},"categories":[12],"tags":[],"class_list":["post-7171","post","type-post","status-publish","format-standard","has-post-thumbnail","hentry","category-ultimas-noticias","entry"],"jetpack_featured_media_url":"https:\/\/i0.wp.com\/www.rr.senac.br\/portalsenac\/wp-content\/uploads\/2024\/04\/capa.png?fit=1080%2C508&ssl=1","jetpack_sharing_enabled":true,"_links":{"self":[{"href":"https:\/\/www.rr.senac.br\/portalsenac\/wp-json\/wp\/v2\/posts\/7171","targetHints":{"allow":["GET"]}}],"collection":[{"href":"https:\/\/www.rr.senac.br\/portalsenac\/wp-json\/wp\/v2\/posts"}],"about":[{"href":"https:\/\/www.rr.senac.br\/portalsenac\/wp-json\/wp\/v2\/types\/post"}],"author":[{"embeddable":true,"href":"https:\/\/www.rr.senac.br\/portalsenac\/wp-json\/wp\/v2\/users\/2"}],"replies":[{"embeddable":true,"href":"https:\/\/www.rr.senac.br\/portalsenac\/wp-json\/wp\/v2\/comments?post=7171"}],"version-history":[{"count":2,"href":"https:\/\/www.rr.senac.br\/portalsenac\/wp-json\/wp\/v2\/posts\/7171\/revisions"}],"predecessor-version":[{"id":7174,"href":"https:\/\/www.rr.senac.br\/portalsenac\/wp-json\/wp\/v2\/posts\/7171\/revisions\/7174"}],"wp:featuredmedia":[{"embeddable":true,"href":"https:\/\/www.rr.senac.br\/portalsenac\/wp-json\/wp\/v2\/media\/7172"}],"wp:attachment":[{"href":"https:\/\/www.rr.senac.br\/portalsenac\/wp-json\/wp\/v2\/media?parent=7171"}],"wp:term":[{"taxonomy":"category","embeddable":true,"href":"https:\/\/www.rr.senac.br\/portalsenac\/wp-json\/wp\/v2\/categories?post=7171"},{"taxonomy":"post_tag","embeddable":true,"href":"https:\/\/www.rr.senac.br\/portalsenac\/wp-json\/wp\/v2\/tags?post=7171"}],"curies":[{"name":"wp","href":"https:\/\/api.w.org\/{rel}","templated":true}]}}