{"id":7175,"date":"2024-04-02T10:37:44","date_gmt":"2024-04-02T14:37:44","guid":{"rendered":"https:\/\/www.rr.senac.br\/portalsenac\/?p=7175"},"modified":"2024-04-02T11:38:41","modified_gmt":"2024-04-02T15:38:41","slug":"alunos-do-senac-rr-promovem-conscientizacao-sobre-descarte-de-medicamentos","status":"publish","type":"post","link":"https:\/\/www.rr.senac.br\/portalsenac\/alunos-do-senac-rr-promovem-conscientizacao-sobre-descarte-de-medicamentos\/","title":{"rendered":"Alunos do Senac-RR promovem conscientiza\u00e7\u00e3o sobre descarte de medicamentos"},"content":{"rendered":"\n<h4 class=\"wp-block-heading\"><em>Projeto visa orientar a popula\u00e7\u00e3o sobre o uso consciente e correto descarte de rem\u00e9dios, evitando danos ambientais e \u00e0 sa\u00fade.<\/em><\/h4>\n\n\n\n<figure class=\"wp-block-image size-large\"><img data-recalc-dims=\"1\" fetchpriority=\"high\" decoding=\"async\" width=\"750\" height=\"563\" src=\"https:\/\/i0.wp.com\/www.rr.senac.br\/portalsenac\/wp-content\/uploads\/2024\/04\/WhatsApp-Image-2024-04-02-at-11.19.16.jpeg?resize=750%2C563&#038;ssl=1\" alt=\"\" class=\"wp-image-7176\" srcset=\"https:\/\/i0.wp.com\/www.rr.senac.br\/portalsenac\/wp-content\/uploads\/2024\/04\/WhatsApp-Image-2024-04-02-at-11.19.16-scaled.jpeg?resize=1024%2C768&amp;ssl=1 1024w, https:\/\/i0.wp.com\/www.rr.senac.br\/portalsenac\/wp-content\/uploads\/2024\/04\/WhatsApp-Image-2024-04-02-at-11.19.16-scaled.jpeg?resize=300%2C225&amp;ssl=1 300w, https:\/\/i0.wp.com\/www.rr.senac.br\/portalsenac\/wp-content\/uploads\/2024\/04\/WhatsApp-Image-2024-04-02-at-11.19.16-scaled.jpeg?resize=768%2C576&amp;ssl=1 768w, https:\/\/i0.wp.com\/www.rr.senac.br\/portalsenac\/wp-content\/uploads\/2024\/04\/WhatsApp-Image-2024-04-02-at-11.19.16-scaled.jpeg?resize=1536%2C1152&amp;ssl=1 1536w, https:\/\/i0.wp.com\/www.rr.senac.br\/portalsenac\/wp-content\/uploads\/2024\/04\/WhatsApp-Image-2024-04-02-at-11.19.16-scaled.jpeg?resize=2048%2C1536&amp;ssl=1 2048w, https:\/\/i0.wp.com\/www.rr.senac.br\/portalsenac\/wp-content\/uploads\/2024\/04\/WhatsApp-Image-2024-04-02-at-11.19.16-scaled.jpeg?resize=1568%2C1176&amp;ssl=1 1568w, https:\/\/i0.wp.com\/www.rr.senac.br\/portalsenac\/wp-content\/uploads\/2024\/04\/WhatsApp-Image-2024-04-02-at-11.19.16-scaled.jpeg?w=2250&amp;ssl=1 2250w\" sizes=\"(max-width: 750px) 100vw, 750px\" \/><figcaption class=\"wp-element-caption\">Os alunos ainda realizaram grava\u00e7\u00f5es com instru\u00e7\u00f5es de usos da caixa de descarte.<\/figcaption><\/figure>\n\n\n\n<p>Os alunos do curso de atendente de farm\u00e1cia est\u00e3o realizando uma a\u00e7\u00e3o para conscientizar a popula\u00e7\u00e3o sobre o uso consciente e o descarte adequado de medicamentos vencidos ou em desuso. O projeto est\u00e1 sendo concebido na unidade do Servi\u00e7o Nacional de Aprendizagem Comercial (Senac-RR), Ernane Galv\u00eaas, localizada no bairro S\u00e3o Francisco, e continuar\u00e1 at\u00e9 o dia 25 de maio.<\/p>\n\n\n\n<div style=\"height:2px\" aria-hidden=\"true\" class=\"wp-block-spacer\"><\/div>\n\n\n\n<p>O projeto consiste em utilizar uma abordagem informativa para instruir a popula\u00e7\u00e3o sobre o uso consciente de diferentes tipos de medicamentos, al\u00e9m de fornecer instru\u00e7\u00f5es claras sobre o descarte correto. Isso visa demonstrar que o descarte adequado de medicamentos pode prevenir acidentes e doen\u00e7as que podem surgir no solo ou na \u00e1gua.<\/p>\n\n\n\n<div style=\"height:2px\" aria-hidden=\"true\" class=\"wp-block-spacer\"><\/div>\n\n\n\n<p>A aluno do Senac-RR, Joana Reis, refor\u00e7ou a import\u00e2ncia do projeto. \u201cA import\u00e2ncia da nossa caixa de descarte \u00e9 n\u00e3o descartar medica\u00e7\u00e3o em qualquer lugar, no lixo comum, porque o medicamento no nosso solo contamina. O solo automaticamente contamina o len\u00e7ol fre\u00e1tico e as pessoas em contato com esse tipo de medica\u00e7\u00e3o passam a ser pessoas resistentes a certo tipo de medica\u00e7\u00e3o. As bact\u00e9rias ficam mais resistentes no organismo humano, ent\u00e3o isso prejudica e dificulta a recupera\u00e7\u00e3o de muitas pessoas.\u201d<\/p>\n\n\n\n<div style=\"height:2px\" aria-hidden=\"true\" class=\"wp-block-spacer\"><\/div>\n\n\n\n<figure class=\"wp-block-image size-large\"><img data-recalc-dims=\"1\" decoding=\"async\" width=\"683\" height=\"1024\" src=\"https:\/\/i0.wp.com\/www.rr.senac.br\/portalsenac\/wp-content\/uploads\/2024\/04\/2213213.jpeg?resize=683%2C1024&#038;ssl=1\" alt=\"\" class=\"wp-image-7178\" srcset=\"https:\/\/i0.wp.com\/www.rr.senac.br\/portalsenac\/wp-content\/uploads\/2024\/04\/2213213.jpeg?resize=683%2C1024&amp;ssl=1 683w, https:\/\/i0.wp.com\/www.rr.senac.br\/portalsenac\/wp-content\/uploads\/2024\/04\/2213213.jpeg?resize=200%2C300&amp;ssl=1 200w, https:\/\/i0.wp.com\/www.rr.senac.br\/portalsenac\/wp-content\/uploads\/2024\/04\/2213213.jpeg?resize=768%2C1152&amp;ssl=1 768w, https:\/\/i0.wp.com\/www.rr.senac.br\/portalsenac\/wp-content\/uploads\/2024\/04\/2213213.jpeg?w=900&amp;ssl=1 900w\" sizes=\"(max-width: 683px) 100vw, 683px\" \/><figcaption class=\"wp-element-caption\">Al\u00e9m da caixa, o projeto inclui um folder inform\u00e1tivo e medica\u00e7\u00f5es de alerta.<\/figcaption><\/figure>\n\n\n\n<p>Entre as <a href=\"file:\/\/\/C:\/Users\/arthurchaves\/Downloads\/Folder%20Verde%20e%20Rosa%20sobre%20Grupo%20de%20Apoio%20a%20Pessoas%20com%20C%C3%A2ncer%20de%20Mama%20Estil_20240305_150651_0000%20(1).pdf\" data-type=\"link\" data-id=\"file:\/\/\/C:\/Users\/arthurchaves\/Downloads\/Folder%20Verde%20e%20Rosa%20sobre%20Grupo%20de%20Apoio%20a%20Pessoas%20com%20C%C3%A2ncer%20de%20Mama%20Estil_20240305_150651_0000%20(1).pdf\">instru\u00e7\u00f5es<\/a> dadas pelos alunos e pela instrutora est\u00e3o:<\/p>\n\n\n\n<div style=\"height:2px\" aria-hidden=\"true\" class=\"wp-block-spacer\"><\/div>\n\n\n\n<p><strong>1 &#8211; SEPARE NA SUA CASA<\/strong><\/p>\n\n\n\n<p>Verifique em sua casa a data de validade dos seus medicamentos. Separe os vencidos e aqueles que voc\u00ea sabe que n\u00e3o ser\u00e3o mais utilizados.<\/p>\n\n\n\n<div style=\"height:2px\" aria-hidden=\"true\" class=\"wp-block-spacer\"><\/div>\n\n\n\n<p><strong>2 &#8211; LEVE A UM PONTO DE COLETA<\/strong><\/p>\n\n\n\n<p>Leve-os com suas respectivas embalagens a uma das farm\u00e1cias participantes e localize uma das nossas esta\u00e7\u00f5es coletoras ECOMED.<\/p>\n\n\n\n<div style=\"height:2px\" aria-hidden=\"true\" class=\"wp-block-spacer\"><\/div>\n\n\n\n<p><strong>3 &#8211; DESCARTE CORRETAMENTE<\/strong><\/p>\n\n\n\n<p>Na esta\u00e7\u00e3o coletora, siga as orienta\u00e7\u00f5es de registro, separa\u00e7\u00e3o e inutiliza\u00e7\u00e3o das embalagens, depositando-os nos locais indicados.<\/p>\n\n\n\n<div style=\"height:2px\" aria-hidden=\"true\" class=\"wp-block-spacer\"><\/div>\n\n\n\n<p>Al\u00e9m disso, o projeto inclui a conscientiza\u00e7\u00e3o sobre a automedica\u00e7\u00e3o, que envolve o uso de medicamentos de maneira incorreta ou irracional, podendo resultar em rea\u00e7\u00f5es al\u00e9rgicas, depend\u00eancia e at\u00e9 mesmo morte.<\/p>\n\n\n\n<div style=\"height:2px\" aria-hidden=\"true\" class=\"wp-block-spacer\"><\/div>\n\n\n\n<p>O curso de Atendente de Farm\u00e1cia faz parte do <a href=\"https:\/\/www.rr.senac.br\/portalsenac\/programa-de-gratuidade\/\" data-type=\"link\" data-id=\"https:\/\/www.rr.senac.br\/portalsenac\/programa-de-gratuidade\/\">Programa Senac de Gratuidade (PSG)<\/a>, assim como outros cursos oferecidos gratuitamente pelo programa. Para mais informa\u00e7\u00f5es, entre em contato por meio das redes sociais ou pela <a href=\"https:\/\/api.whatsapp.com\/message\/HRGMCUHM462QL1\" data-type=\"link\" data-id=\"https:\/\/api.whatsapp.com\/message\/HRGMCUHM462QL1\">central de atendimento<\/a>: 3626-8434 ou via WhatsApp 98420-9992.<\/p>\n\n\n\n<div style=\"height:2px\" aria-hidden=\"true\" class=\"wp-block-spacer\"><\/div>\n\n\n\n<p>Arthur Chaves<\/p>\n\n\n\n<p>Comunica\u00e7\u00e3o Senac-RR<\/p>\n","protected":false},"excerpt":{"rendered":"<p>Projeto visa orientar a popula\u00e7\u00e3o sobre o uso consciente e correto descarte de rem\u00e9dios, evitando danos ambientais e \u00e0 sa\u00fade. Os alunos do curso de atendente de farm\u00e1cia est\u00e3o realizando uma a\u00e7\u00e3o para conscientizar a popula\u00e7\u00e3o sobre o uso consciente e o descarte adequado de&hellip; <a class=\"more-link\" href=\"https:\/\/www.rr.senac.br\/portalsenac\/alunos-do-senac-rr-promovem-conscientizacao-sobre-descarte-de-medicamentos\/\">Continuar lendo <span class=\"screen-reader-text\">Alunos do Senac-RR promovem conscientiza\u00e7\u00e3o sobre descarte de medicamentos<\/span><\/a><\/p>\n","protected":false},"author":2,"featured_media":7176,"comment_status":"closed","ping_status":"closed","sticky":false,"template":"","format":"standard","meta":{"_jetpack_memberships_contains_paid_content":false,"_joinchat":[],"footnotes":""},"categories":[1,12],"tags":[],"class_list":["post-7175","post","type-post","status-publish","format-standard","has-post-thumbnail","hentry","category-sem-categoria","category-ultimas-noticias","entry"],"jetpack_featured_media_url":"https:\/\/i0.wp.com\/www.rr.senac.br\/portalsenac\/wp-content\/uploads\/2024\/04\/WhatsApp-Image-2024-04-02-at-11.19.16-scaled.jpeg?fit=2560%2C1920&ssl=1","jetpack_sharing_enabled":true,"_links":{"self":[{"href":"https:\/\/www.rr.senac.br\/portalsenac\/wp-json\/wp\/v2\/posts\/7175","targetHints":{"allow":["GET"]}}],"collection":[{"href":"https:\/\/www.rr.senac.br\/portalsenac\/wp-json\/wp\/v2\/posts"}],"about":[{"href":"https:\/\/www.rr.senac.br\/portalsenac\/wp-json\/wp\/v2\/types\/post"}],"author":[{"embeddable":true,"href":"https:\/\/www.rr.senac.br\/portalsenac\/wp-json\/wp\/v2\/users\/2"}],"replies":[{"embeddable":true,"href":"https:\/\/www.rr.senac.br\/portalsenac\/wp-json\/wp\/v2\/comments?post=7175"}],"version-history":[{"count":5,"href":"https:\/\/www.rr.senac.br\/portalsenac\/wp-json\/wp\/v2\/posts\/7175\/revisions"}],"predecessor-version":[{"id":7183,"href":"https:\/\/www.rr.senac.br\/portalsenac\/wp-json\/wp\/v2\/posts\/7175\/revisions\/7183"}],"wp:featuredmedia":[{"embeddable":true,"href":"https:\/\/www.rr.senac.br\/portalsenac\/wp-json\/wp\/v2\/media\/7176"}],"wp:attachment":[{"href":"https:\/\/www.rr.senac.br\/portalsenac\/wp-json\/wp\/v2\/media?parent=7175"}],"wp:term":[{"taxonomy":"category","embeddable":true,"href":"https:\/\/www.rr.senac.br\/portalsenac\/wp-json\/wp\/v2\/categories?post=7175"},{"taxonomy":"post_tag","embeddable":true,"href":"https:\/\/www.rr.senac.br\/portalsenac\/wp-json\/wp\/v2\/tags?post=7175"}],"curies":[{"name":"wp","href":"https:\/\/api.w.org\/{rel}","templated":true}]}}