{"id":7184,"date":"2024-04-02T20:18:51","date_gmt":"2024-04-03T00:18:51","guid":{"rendered":"https:\/\/www.rr.senac.br\/portalsenac\/?p=7184"},"modified":"2024-06-25T08:50:40","modified_gmt":"2024-06-25T12:50:40","slug":"senac-roraima-recebe-chef-jorge-cardoso-em-bate-papo","status":"publish","type":"post","link":"https:\/\/www.rr.senac.br\/portalsenac\/senac-roraima-recebe-chef-jorge-cardoso-em-bate-papo\/","title":{"rendered":"Senac Roraima recebe chef Jorge Cardoso em bate papo"},"content":{"rendered":"\n<h5 class=\"wp-block-heading\"><em>Evento aconteceu na noite desta ter\u00e7a-feira<\/em><\/h5>\n\n\n\n<figure class=\"wp-block-image size-full is-resized\"><img data-recalc-dims=\"1\" fetchpriority=\"high\" decoding=\"async\" width=\"700\" height=\"525\" src=\"https:\/\/i0.wp.com\/www.rr.senac.br\/portalsenac\/wp-content\/uploads\/2024\/06\/chef-Jorge-Cardoso-em-bate-papo2-1.png?resize=700%2C525&#038;ssl=1\" alt=\"\" class=\"wp-image-7399\" style=\"width:610px;height:auto\" srcset=\"https:\/\/i0.wp.com\/www.rr.senac.br\/portalsenac\/wp-content\/uploads\/2024\/06\/chef-Jorge-Cardoso-em-bate-papo2-1.png?w=700&amp;ssl=1 700w, https:\/\/i0.wp.com\/www.rr.senac.br\/portalsenac\/wp-content\/uploads\/2024\/06\/chef-Jorge-Cardoso-em-bate-papo2-1.png?resize=300%2C225&amp;ssl=1 300w\" sizes=\"(max-width: 700px) 100vw, 700px\" \/><\/figure>\n\n\n\n<div style=\"height:5px\" aria-hidden=\"true\" class=\"wp-block-spacer\"><\/div>\n\n\n\n<p>Os alunos do curso t\u00e9cnico em gastronomia do Servi\u00e7o Nacional de Aprendizagem Comercial (Senac-RR) receberam na noite desta ter\u00e7a-feira (02), o chef Jorge Cardoso, trazendo a vis\u00e3o empreendedora do ramo da gastronomia. O bate papo aconteceu na unidade ministro Ernane Galv\u00eaas, intermediado pela instrutora Rita Werner. &nbsp;<\/p>\n\n\n\n<div style=\"height:2px\" aria-hidden=\"true\" class=\"wp-block-spacer\"><\/div>\n\n\n\n<figure class=\"wp-block-image size-full is-resized\"><img data-recalc-dims=\"1\" decoding=\"async\" width=\"700\" height=\"525\" src=\"https:\/\/i0.wp.com\/www.rr.senac.br\/portalsenac\/wp-content\/uploads\/2024\/06\/chef-Jorge-Cardoso-em-bate-papo1.png?resize=700%2C525&#038;ssl=1\" alt=\"\" class=\"wp-image-7398\" style=\"width:637px;height:auto\" srcset=\"https:\/\/i0.wp.com\/www.rr.senac.br\/portalsenac\/wp-content\/uploads\/2024\/06\/chef-Jorge-Cardoso-em-bate-papo1.png?w=700&amp;ssl=1 700w, https:\/\/i0.wp.com\/www.rr.senac.br\/portalsenac\/wp-content\/uploads\/2024\/06\/chef-Jorge-Cardoso-em-bate-papo1.png?resize=300%2C225&amp;ssl=1 300w\" sizes=\"(max-width: 700px) 100vw, 700px\" \/><\/figure>\n\n\n\n<p>O profissional trouxe a experi\u00eancia de anos como empreendedor no estado, apresentando as possibilidades, dificuldades e curiosidades sobre a \u00e1rea. \u201cHoje estou aqui para um bate papo mais descontra\u00eddo, quero trazer aos alunos as experi\u00eancias e vertentes da gastronomia, apresentar tamb\u00e9m os desafios desta \u00e1rea em \u00e2mbito regional e nacional. Vai ser um bate papo legal e uma troca de experi\u00eancias e ideias\u201d, explicou Jorge.<\/p>\n\n\n\n<div style=\"height:2px\" aria-hidden=\"true\" class=\"wp-block-spacer\"><\/div>\n\n\n\n<p>Conforme o profissional, existem diversas \u00e1reas de atua\u00e7\u00e3o, como chef executivo, confeiteiro, cozinha quente, consultor e muitas outras. \u201cO importante \u00e9 estudar, se capacitar e exercer a criatividade, sempre se reinventando no mercado e no dia a dia\u201d. &nbsp;<\/p>\n\n\n\n<div style=\"height:2px\" aria-hidden=\"true\" class=\"wp-block-spacer\"><\/div>\n\n\n\n<p>Rita Werner, instrutora do curso explicou que a ideia \u00e9 trazer o profissional para a sala de aula. \u201cPara ter contato com os alunos, na vis\u00e3o empreendedora dele, abrir a mente dos alunos para as diversas vertentes desse universo que \u00e9 a gastronomia\u201d, finalizou.<\/p>\n\n\n\n<div style=\"height:2px\" aria-hidden=\"true\" class=\"wp-block-spacer\"><\/div>\n\n\n\n<p>Sebastiana Costa \u00e9 aluna do curso e afirmou que \u2018gostou muito\u2019 da palestra com o profissional. \u201cEu acredito que seja muito importante, porque esses bate papos nos trazem muito est\u00edmulo nessa \u00e1rea, a gente aproveita muito, com as trocas de ideias com esses chefs renomados\u201d, disse.<\/p>\n\n\n\n<div style=\"height:2px\" aria-hidden=\"true\" class=\"wp-block-spacer\"><\/div>\n\n\n\n<p>O curso t\u00e9cnico em gastronomia \u00e9 ofertado pelo Senac, com carga hor\u00e1ria de 800h. A turma possui 19 alunos que trilhar\u00e3o uma jornada profissional de qualidade, tornando-se t\u00e9cnicos de destaque no estado. O Senac-RR agradece ao chef Jorge Cardoso pela parceria e pela troca de experi\u00eancias com a turma.<\/p>\n\n\n\n<div style=\"height:2px\" aria-hidden=\"true\" class=\"wp-block-spacer\"><\/div>\n\n\n\n<figure class=\"wp-block-gallery has-nested-images columns-default is-cropped wp-block-gallery-1 is-layout-flex wp-block-gallery-is-layout-flex\">\n<figure class=\"wp-block-image size-full\"><img data-recalc-dims=\"1\" decoding=\"async\" width=\"700\" height=\"525\" data-id=\"7398\" src=\"https:\/\/i0.wp.com\/www.rr.senac.br\/portalsenac\/wp-content\/uploads\/2024\/06\/chef-Jorge-Cardoso-em-bate-papo1.png?resize=700%2C525&#038;ssl=1\" alt=\"\" class=\"wp-image-7398\" srcset=\"https:\/\/i0.wp.com\/www.rr.senac.br\/portalsenac\/wp-content\/uploads\/2024\/06\/chef-Jorge-Cardoso-em-bate-papo1.png?w=700&amp;ssl=1 700w, https:\/\/i0.wp.com\/www.rr.senac.br\/portalsenac\/wp-content\/uploads\/2024\/06\/chef-Jorge-Cardoso-em-bate-papo1.png?resize=300%2C225&amp;ssl=1 300w\" sizes=\"(max-width: 700px) 100vw, 700px\" \/><\/figure>\n\n\n\n<figure class=\"wp-block-image size-full\"><img data-recalc-dims=\"1\" loading=\"lazy\" decoding=\"async\" width=\"700\" height=\"525\" data-id=\"7400\" src=\"https:\/\/i0.wp.com\/www.rr.senac.br\/portalsenac\/wp-content\/uploads\/2024\/06\/chef-Jorge-Cardoso-em-bate-papo3.png?resize=700%2C525&#038;ssl=1\" alt=\"\" class=\"wp-image-7400\" srcset=\"https:\/\/i0.wp.com\/www.rr.senac.br\/portalsenac\/wp-content\/uploads\/2024\/06\/chef-Jorge-Cardoso-em-bate-papo3.png?w=700&amp;ssl=1 700w, https:\/\/i0.wp.com\/www.rr.senac.br\/portalsenac\/wp-content\/uploads\/2024\/06\/chef-Jorge-Cardoso-em-bate-papo3.png?resize=300%2C225&amp;ssl=1 300w\" sizes=\"(max-width: 700px) 100vw, 700px\" \/><\/figure>\n\n\n\n<figure class=\"wp-block-image size-full\"><img data-recalc-dims=\"1\" loading=\"lazy\" decoding=\"async\" width=\"700\" height=\"525\" data-id=\"7399\" src=\"https:\/\/i0.wp.com\/www.rr.senac.br\/portalsenac\/wp-content\/uploads\/2024\/06\/chef-Jorge-Cardoso-em-bate-papo2-1.png?resize=700%2C525&#038;ssl=1\" alt=\"\" class=\"wp-image-7399\" srcset=\"https:\/\/i0.wp.com\/www.rr.senac.br\/portalsenac\/wp-content\/uploads\/2024\/06\/chef-Jorge-Cardoso-em-bate-papo2-1.png?w=700&amp;ssl=1 700w, https:\/\/i0.wp.com\/www.rr.senac.br\/portalsenac\/wp-content\/uploads\/2024\/06\/chef-Jorge-Cardoso-em-bate-papo2-1.png?resize=300%2C225&amp;ssl=1 300w\" sizes=\"(max-width: 700px) 100vw, 700px\" \/><\/figure>\n\n\n\n<figure class=\"wp-block-image size-full\"><img data-recalc-dims=\"1\" loading=\"lazy\" decoding=\"async\" width=\"700\" height=\"525\" data-id=\"7401\" src=\"https:\/\/i0.wp.com\/www.rr.senac.br\/portalsenac\/wp-content\/uploads\/2024\/06\/chef-Jorge-Cardoso-em-bate-papo4.png?resize=700%2C525&#038;ssl=1\" alt=\"\" class=\"wp-image-7401\" srcset=\"https:\/\/i0.wp.com\/www.rr.senac.br\/portalsenac\/wp-content\/uploads\/2024\/06\/chef-Jorge-Cardoso-em-bate-papo4.png?w=700&amp;ssl=1 700w, https:\/\/i0.wp.com\/www.rr.senac.br\/portalsenac\/wp-content\/uploads\/2024\/06\/chef-Jorge-Cardoso-em-bate-papo4.png?resize=300%2C225&amp;ssl=1 300w\" sizes=\"(max-width: 700px) 100vw, 700px\" \/><\/figure>\n<\/figure>\n\n\n\n<p>Giovanna Lima &#8211; analista t\u00e9cnica <\/p>\n\n\n\n<p>Comunica\u00e7\u00e3o Senac RR<\/p>\n","protected":false},"excerpt":{"rendered":"<p>Evento aconteceu na noite desta ter\u00e7a-feira Os alunos do curso t\u00e9cnico em gastronomia do Servi\u00e7o Nacional de Aprendizagem Comercial (Senac-RR) receberam na noite desta ter\u00e7a-feira (02), o chef Jorge Cardoso, trazendo a vis\u00e3o empreendedora do ramo da gastronomia. O bate papo aconteceu na unidade ministro&hellip; <a class=\"more-link\" href=\"https:\/\/www.rr.senac.br\/portalsenac\/senac-roraima-recebe-chef-jorge-cardoso-em-bate-papo\/\">Continuar lendo <span class=\"screen-reader-text\">Senac Roraima recebe chef Jorge Cardoso em bate papo<\/span><\/a><\/p>\n","protected":false},"author":2,"featured_media":7398,"comment_status":"closed","ping_status":"closed","sticky":false,"template":"","format":"standard","meta":{"_jetpack_memberships_contains_paid_content":false,"_joinchat":[],"footnotes":""},"categories":[12],"tags":[],"class_list":["post-7184","post","type-post","status-publish","format-standard","has-post-thumbnail","hentry","category-ultimas-noticias","entry"],"jetpack_featured_media_url":"https:\/\/i0.wp.com\/www.rr.senac.br\/portalsenac\/wp-content\/uploads\/2024\/06\/chef-Jorge-Cardoso-em-bate-papo1.png?fit=700%2C525&ssl=1","jetpack_sharing_enabled":true,"_links":{"self":[{"href":"https:\/\/www.rr.senac.br\/portalsenac\/wp-json\/wp\/v2\/posts\/7184","targetHints":{"allow":["GET"]}}],"collection":[{"href":"https:\/\/www.rr.senac.br\/portalsenac\/wp-json\/wp\/v2\/posts"}],"about":[{"href":"https:\/\/www.rr.senac.br\/portalsenac\/wp-json\/wp\/v2\/types\/post"}],"author":[{"embeddable":true,"href":"https:\/\/www.rr.senac.br\/portalsenac\/wp-json\/wp\/v2\/users\/2"}],"replies":[{"embeddable":true,"href":"https:\/\/www.rr.senac.br\/portalsenac\/wp-json\/wp\/v2\/comments?post=7184"}],"version-history":[{"count":5,"href":"https:\/\/www.rr.senac.br\/portalsenac\/wp-json\/wp\/v2\/posts\/7184\/revisions"}],"predecessor-version":[{"id":7402,"href":"https:\/\/www.rr.senac.br\/portalsenac\/wp-json\/wp\/v2\/posts\/7184\/revisions\/7402"}],"wp:featuredmedia":[{"embeddable":true,"href":"https:\/\/www.rr.senac.br\/portalsenac\/wp-json\/wp\/v2\/media\/7398"}],"wp:attachment":[{"href":"https:\/\/www.rr.senac.br\/portalsenac\/wp-json\/wp\/v2\/media?parent=7184"}],"wp:term":[{"taxonomy":"category","embeddable":true,"href":"https:\/\/www.rr.senac.br\/portalsenac\/wp-json\/wp\/v2\/categories?post=7184"},{"taxonomy":"post_tag","embeddable":true,"href":"https:\/\/www.rr.senac.br\/portalsenac\/wp-json\/wp\/v2\/tags?post=7184"}],"curies":[{"name":"wp","href":"https:\/\/api.w.org\/{rel}","templated":true}]}}