{"id":7199,"date":"2024-04-08T15:31:41","date_gmt":"2024-04-08T19:31:41","guid":{"rendered":"https:\/\/www.rr.senac.br\/portalsenac\/?p=7199"},"modified":"2024-04-08T15:31:41","modified_gmt":"2024-04-08T19:31:41","slug":"senac-rr-lanca-edital-com-300-vagas-em-cursos-gratuitos","status":"publish","type":"post","link":"https:\/\/www.rr.senac.br\/portalsenac\/senac-rr-lanca-edital-com-300-vagas-em-cursos-gratuitos\/","title":{"rendered":"Senac-RR lan\u00e7a edital com 300 vagas em cursos gratuitos"},"content":{"rendered":"\n<h5 class=\"wp-block-heading\"><em>Inscri\u00e7\u00f5es iniciam nesta ter\u00e7a-feira (9)<\/em><\/h5>\n\n\n\n<figure class=\"wp-block-image size-large\"><img data-recalc-dims=\"1\" fetchpriority=\"high\" decoding=\"async\" width=\"750\" height=\"500\" src=\"https:\/\/i0.wp.com\/www.rr.senac.br\/portalsenac\/wp-content\/uploads\/2024\/04\/3O5A6202.jpg?resize=750%2C500&#038;ssl=1\" alt=\"\" class=\"wp-image-7202\" srcset=\"https:\/\/i0.wp.com\/www.rr.senac.br\/portalsenac\/wp-content\/uploads\/2024\/04\/3O5A6202-scaled.jpg?resize=1024%2C683&amp;ssl=1 1024w, https:\/\/i0.wp.com\/www.rr.senac.br\/portalsenac\/wp-content\/uploads\/2024\/04\/3O5A6202-scaled.jpg?resize=300%2C200&amp;ssl=1 300w, https:\/\/i0.wp.com\/www.rr.senac.br\/portalsenac\/wp-content\/uploads\/2024\/04\/3O5A6202-scaled.jpg?resize=768%2C512&amp;ssl=1 768w, https:\/\/i0.wp.com\/www.rr.senac.br\/portalsenac\/wp-content\/uploads\/2024\/04\/3O5A6202-scaled.jpg?resize=1536%2C1024&amp;ssl=1 1536w, https:\/\/i0.wp.com\/www.rr.senac.br\/portalsenac\/wp-content\/uploads\/2024\/04\/3O5A6202-scaled.jpg?resize=2048%2C1365&amp;ssl=1 2048w, https:\/\/i0.wp.com\/www.rr.senac.br\/portalsenac\/wp-content\/uploads\/2024\/04\/3O5A6202-scaled.jpg?resize=1568%2C1045&amp;ssl=1 1568w, https:\/\/i0.wp.com\/www.rr.senac.br\/portalsenac\/wp-content\/uploads\/2024\/04\/3O5A6202-scaled.jpg?w=2250&amp;ssl=1 2250w\" sizes=\"(max-width: 750px) 100vw, 750px\" \/><\/figure>\n\n\n\n<div style=\"height:6px\" aria-hidden=\"true\" class=\"wp-block-spacer\"><\/div>\n\n\n\n<p>O Servi\u00e7o Nacional de Aprendizagem Comercial (Senac-RR) lan\u00e7ou nesta segunda-feira (8) o sexto edital de cursos gratuitos ofertados por um programa da institui\u00e7\u00e3o. S\u00e3o cerca de 300 vagas destinadas \u00e0 capital Boa Vista, e as inscri\u00e7\u00f5es ocorrem em duas etapas, a primeira nesta ter\u00e7a-feira (9) no site da institui\u00e7\u00e3o.<\/p>\n\n\n\n<div style=\"height:2px\" aria-hidden=\"true\" class=\"wp-block-spacer\"><\/div>\n\n\n\n<p>Os cursos ofertados possuem carga hor\u00e1ria entre 20h e 240h, das \u00e1reas de gastronomia, sa\u00fade, gest\u00e3o, com\u00e9rcio e tecnologia da informa\u00e7\u00e3o. S\u00e3o ofertados pelo Programa Senac de Gratuidade (PSG), e cada t\u00edtulo ofertado possui pr\u00e9-requisitos de acesso, como idade e escolaridade m\u00ednima. <a href=\"https:\/\/app.rr.senac.br\/send3\/site\/psg\">Para conferir as particularidades de cada curso ofertado, o candidato deve ler atenciosamente o edital dispon\u00edvel no site do Senac<\/a>.<\/p>\n\n\n\n<div style=\"height:2px\" aria-hidden=\"true\" class=\"wp-block-spacer\"><\/div>\n\n\n\n<p>As inscri\u00e7\u00f5es para este processo ocorrem em duas etapas: inscri\u00e7\u00e3o on-line, e confirma\u00e7\u00e3o de matr\u00edcula posterior, com a entrega de documenta\u00e7\u00e3o comprobat\u00f3ria de forma presencial, na unidade informada no edital. O candidato que n\u00e3o seguir as duas etapas ser\u00e1 desclassificado do processo. Mais informa\u00e7\u00f5es podem ser consultadas no edital, ou diretamente com a central de atendimento: 3623-1431, ou via WhatsApp: 98420-9992.<\/p>\n\n\n\n<div style=\"height:2px\" aria-hidden=\"true\" class=\"wp-block-spacer\"><\/div>\n\n\n\n<p>Confira a lista de cursos ofertados no edital:<\/p>\n\n\n\n<ul class=\"wp-block-list\">\n<li>Brigadeiros para empreender \u2013 20h<\/li>\n\n\n\n<li>Auxiliar de confeitaria \u2013 200h<\/li>\n\n\n\n<li>Assistente administrativo em com\u00e9rcio e servi\u00e7os \u2013 80h<\/li>\n\n\n\n<li>Recepcionista \u2013 160h<\/li>\n\n\n\n<li>Qualidade nas rela\u00e7\u00f5es interpessoais e no atendimento ao cliente \u2013 80h<\/li>\n\n\n\n<li>Auxiliar de cozinha \u2013 240h<\/li>\n\n\n\n<li>Atendimento \u00e0 parada cardiorrespirat\u00f3ria \u2013 40h<\/li>\n\n\n\n<li>Atendimento pr\u00e9-hospitalar e de primeiros socorros \u2013 160h<\/li>\n\n\n\n<li>Almoxarife \u2013 180h<\/li>\n\n\n\n<li>Assistente de log\u00edstica \u2013 160h<\/li>\n\n\n\n<li>Representante comercial \u2013 160h<\/li>\n\n\n\n<li>Operador de computador \u2013 196h<\/li>\n\n\n\n<li>Atendimento e vendas: ferramentas e estrat\u00e9gias \u2013 80h<\/li>\n<\/ul>\n\n\n\n<div style=\"height:2px\" aria-hidden=\"true\" class=\"wp-block-spacer\"><\/div>\n\n\n\n<p>Giovanna Lima \u2013 analista t\u00e9cnica<\/p>\n\n\n\n<p>Comunica\u00e7\u00e3o Senac RR<\/p>\n","protected":false},"excerpt":{"rendered":"<p>Inscri\u00e7\u00f5es iniciam nesta ter\u00e7a-feira (9) O Servi\u00e7o Nacional de Aprendizagem Comercial (Senac-RR) lan\u00e7ou nesta segunda-feira (8) o sexto edital de cursos gratuitos ofertados por um programa da institui\u00e7\u00e3o. S\u00e3o cerca de 300 vagas destinadas \u00e0 capital Boa Vista, e as inscri\u00e7\u00f5es ocorrem em duas etapas,&hellip; <a class=\"more-link\" href=\"https:\/\/www.rr.senac.br\/portalsenac\/senac-rr-lanca-edital-com-300-vagas-em-cursos-gratuitos\/\">Continuar lendo <span class=\"screen-reader-text\">Senac-RR lan\u00e7a edital com 300 vagas em cursos gratuitos<\/span><\/a><\/p>\n","protected":false},"author":2,"featured_media":7202,"comment_status":"closed","ping_status":"","sticky":false,"template":"","format":"standard","meta":{"_jetpack_memberships_contains_paid_content":false,"_joinchat":[],"footnotes":""},"categories":[12],"tags":[],"class_list":["post-7199","post","type-post","status-publish","format-standard","has-post-thumbnail","hentry","category-ultimas-noticias","entry"],"jetpack_featured_media_url":"https:\/\/i0.wp.com\/www.rr.senac.br\/portalsenac\/wp-content\/uploads\/2024\/04\/3O5A6202-scaled.jpg?fit=2560%2C1707&ssl=1","jetpack_sharing_enabled":true,"_links":{"self":[{"href":"https:\/\/www.rr.senac.br\/portalsenac\/wp-json\/wp\/v2\/posts\/7199","targetHints":{"allow":["GET"]}}],"collection":[{"href":"https:\/\/www.rr.senac.br\/portalsenac\/wp-json\/wp\/v2\/posts"}],"about":[{"href":"https:\/\/www.rr.senac.br\/portalsenac\/wp-json\/wp\/v2\/types\/post"}],"author":[{"embeddable":true,"href":"https:\/\/www.rr.senac.br\/portalsenac\/wp-json\/wp\/v2\/users\/2"}],"replies":[{"embeddable":true,"href":"https:\/\/www.rr.senac.br\/portalsenac\/wp-json\/wp\/v2\/comments?post=7199"}],"version-history":[{"count":1,"href":"https:\/\/www.rr.senac.br\/portalsenac\/wp-json\/wp\/v2\/posts\/7199\/revisions"}],"predecessor-version":[{"id":7203,"href":"https:\/\/www.rr.senac.br\/portalsenac\/wp-json\/wp\/v2\/posts\/7199\/revisions\/7203"}],"wp:featuredmedia":[{"embeddable":true,"href":"https:\/\/www.rr.senac.br\/portalsenac\/wp-json\/wp\/v2\/media\/7202"}],"wp:attachment":[{"href":"https:\/\/www.rr.senac.br\/portalsenac\/wp-json\/wp\/v2\/media?parent=7199"}],"wp:term":[{"taxonomy":"category","embeddable":true,"href":"https:\/\/www.rr.senac.br\/portalsenac\/wp-json\/wp\/v2\/categories?post=7199"},{"taxonomy":"post_tag","embeddable":true,"href":"https:\/\/www.rr.senac.br\/portalsenac\/wp-json\/wp\/v2\/tags?post=7199"}],"curies":[{"name":"wp","href":"https:\/\/api.w.org\/{rel}","templated":true}]}}