{"id":7212,"date":"2024-04-11T20:17:35","date_gmt":"2024-04-12T00:17:35","guid":{"rendered":"https:\/\/www.rr.senac.br\/portalsenac\/?p=7212"},"modified":"2024-06-25T09:10:39","modified_gmt":"2024-06-25T13:10:39","slug":"senac-rr-realiza-entrega-de-certificados-de-especializacao-tecnica","status":"publish","type":"post","link":"https:\/\/www.rr.senac.br\/portalsenac\/senac-rr-realiza-entrega-de-certificados-de-especializacao-tecnica\/","title":{"rendered":"Senac-RR realiza entrega de certificados de especializa\u00e7\u00e3o t\u00e9cnica"},"content":{"rendered":"\n<h5 class=\"wp-block-heading\"><em>Evento aconteceu nesta quinta-feira (11)<\/em><\/h5>\n\n\n\n<figure class=\"wp-block-image size-full\"><img data-recalc-dims=\"1\" fetchpriority=\"high\" decoding=\"async\" width=\"750\" height=\"422\" src=\"https:\/\/i0.wp.com\/www.rr.senac.br\/portalsenac\/wp-content\/uploads\/2024\/06\/Foto-certificados-de-especializacao-tecnica06.png?resize=750%2C422&#038;ssl=1\" alt=\"\" class=\"wp-image-7407\" srcset=\"https:\/\/i0.wp.com\/www.rr.senac.br\/portalsenac\/wp-content\/uploads\/2024\/06\/Foto-certificados-de-especializacao-tecnica06.png?w=960&amp;ssl=1 960w, https:\/\/i0.wp.com\/www.rr.senac.br\/portalsenac\/wp-content\/uploads\/2024\/06\/Foto-certificados-de-especializacao-tecnica06.png?resize=300%2C169&amp;ssl=1 300w, https:\/\/i0.wp.com\/www.rr.senac.br\/portalsenac\/wp-content\/uploads\/2024\/06\/Foto-certificados-de-especializacao-tecnica06.png?resize=768%2C432&amp;ssl=1 768w\" sizes=\"(max-width: 750px) 100vw, 750px\" \/><\/figure>\n\n\n\n<div style=\"height:6px\" aria-hidden=\"true\" class=\"wp-block-spacer\"><\/div>\n\n\n\n<p>O Servi\u00e7o Nacional de Aprendizagem Comercial (Senac-RR) promoveu na noite desta quinta-feira (11), o encerramento da turma de Especializa\u00e7\u00e3o T\u00e9cnica de Enfermagem em Urg\u00eancia e Emerg\u00eancia. A cerim\u00f4nia marcou a primeira oferta deste curso pela institui\u00e7\u00e3o, e reuniu amigos e familiares dos alunos.<\/p>\n\n\n\n<div style=\"height:2px\" aria-hidden=\"true\" class=\"wp-block-spacer\"><\/div>\n\n\n\n<p>Na oportunidade a diretora regional do Senac-RR, Fernanda Paula falou sobre a import\u00e2ncia da capacita\u00e7\u00e3o e da atualiza\u00e7\u00e3o no \u00e2mbito profissional aos alunos. \u201cPassamos por uma pandemia e vimos a import\u00e2ncia da capacita\u00e7\u00e3o na \u00e1rea da sa\u00fade, ent\u00e3o a sa\u00fade \u00e9 um segmento onde sempre precisamos buscar nos atualizar e buscar conhecimento\u201d, explanou.<\/p>\n\n\n\n<div style=\"height:2px\" aria-hidden=\"true\" class=\"wp-block-spacer\"><\/div>\n\n\n\n<p>A aluna Reimara de Almeida falou sobre os desafios ao longo do curso. \u201cFoi uma jornada de adapta\u00e7\u00e3o e supera\u00e7\u00e3o, com a nossa casa, fam\u00edlia, trabalho, etc. Tivemos muita responsabilidade e dedica\u00e7\u00e3o para impactar positivamente nossa sociedade, temos nossos objetivos e fomos determinadas e esfor\u00e7adas para que desse tudo certo\u201d, falou.<\/p>\n\n\n\n<div style=\"height:2px\" aria-hidden=\"true\" class=\"wp-block-spacer\"><\/div>\n\n\n\n<p>O curso de especializa\u00e7\u00e3o t\u00e9cnica de enfermagem em urg\u00eancia e emerg\u00eancia foi ofertado com carga hor\u00e1ria de 300 horas e capacitou os alunos para atender com excel\u00eancia na sa\u00fade. A institui\u00e7\u00e3o deseja uma jornada de sucesso aos alunos.<\/p>\n\n\n\n<div style=\"height:2px\" aria-hidden=\"true\" class=\"wp-block-spacer\"><\/div>\n\n\n\n<p>Para conferir a programa\u00e7\u00e3o de cursos na \u00e1rea da sa\u00fade, basta acessar o site da institui\u00e7\u00e3o. <a href=\"https:\/\/cursos.rr.senac.br\/\" data-type=\"link\" data-id=\"https:\/\/cursos.rr.senac.br\/\">As matr\u00edculas podem ser realizadas pelo site<\/a>, ou diretamente nas unidades do Senac em Roraima.<\/p>\n\n\n\n<div style=\"height:2px\" aria-hidden=\"true\" class=\"wp-block-spacer\"><\/div>\n\n\n\n<figure class=\"wp-block-gallery has-nested-images columns-default is-cropped wp-block-gallery-1 is-layout-flex wp-block-gallery-is-layout-flex\">\n<figure class=\"wp-block-image size-full\"><img data-recalc-dims=\"1\" decoding=\"async\" width=\"750\" height=\"422\" data-id=\"7408\" src=\"https:\/\/i0.wp.com\/www.rr.senac.br\/portalsenac\/wp-content\/uploads\/2024\/06\/Foto-certificados-de-especializacao-tecnica04.png?resize=750%2C422&#038;ssl=1\" alt=\"\" class=\"wp-image-7408\" srcset=\"https:\/\/i0.wp.com\/www.rr.senac.br\/portalsenac\/wp-content\/uploads\/2024\/06\/Foto-certificados-de-especializacao-tecnica04.png?w=960&amp;ssl=1 960w, https:\/\/i0.wp.com\/www.rr.senac.br\/portalsenac\/wp-content\/uploads\/2024\/06\/Foto-certificados-de-especializacao-tecnica04.png?resize=300%2C169&amp;ssl=1 300w, https:\/\/i0.wp.com\/www.rr.senac.br\/portalsenac\/wp-content\/uploads\/2024\/06\/Foto-certificados-de-especializacao-tecnica04.png?resize=768%2C432&amp;ssl=1 768w\" sizes=\"(max-width: 750px) 100vw, 750px\" \/><\/figure>\n\n\n\n<figure class=\"wp-block-image size-full\"><img data-recalc-dims=\"1\" decoding=\"async\" width=\"750\" height=\"422\" data-id=\"7410\" src=\"https:\/\/i0.wp.com\/www.rr.senac.br\/portalsenac\/wp-content\/uploads\/2024\/06\/Foto-certificados-de-especializacao-tecnica02.png?resize=750%2C422&#038;ssl=1\" alt=\"\" class=\"wp-image-7410\" srcset=\"https:\/\/i0.wp.com\/www.rr.senac.br\/portalsenac\/wp-content\/uploads\/2024\/06\/Foto-certificados-de-especializacao-tecnica02.png?w=960&amp;ssl=1 960w, https:\/\/i0.wp.com\/www.rr.senac.br\/portalsenac\/wp-content\/uploads\/2024\/06\/Foto-certificados-de-especializacao-tecnica02.png?resize=300%2C169&amp;ssl=1 300w, https:\/\/i0.wp.com\/www.rr.senac.br\/portalsenac\/wp-content\/uploads\/2024\/06\/Foto-certificados-de-especializacao-tecnica02.png?resize=768%2C432&amp;ssl=1 768w\" sizes=\"(max-width: 750px) 100vw, 750px\" \/><\/figure>\n\n\n\n<figure class=\"wp-block-image size-full\"><img data-recalc-dims=\"1\" loading=\"lazy\" decoding=\"async\" width=\"750\" height=\"422\" data-id=\"7411\" src=\"https:\/\/i0.wp.com\/www.rr.senac.br\/portalsenac\/wp-content\/uploads\/2024\/06\/Foto-certificados-de-especializacao-tecnica03.png?resize=750%2C422&#038;ssl=1\" alt=\"\" class=\"wp-image-7411\" srcset=\"https:\/\/i0.wp.com\/www.rr.senac.br\/portalsenac\/wp-content\/uploads\/2024\/06\/Foto-certificados-de-especializacao-tecnica03.png?w=960&amp;ssl=1 960w, https:\/\/i0.wp.com\/www.rr.senac.br\/portalsenac\/wp-content\/uploads\/2024\/06\/Foto-certificados-de-especializacao-tecnica03.png?resize=300%2C169&amp;ssl=1 300w, https:\/\/i0.wp.com\/www.rr.senac.br\/portalsenac\/wp-content\/uploads\/2024\/06\/Foto-certificados-de-especializacao-tecnica03.png?resize=768%2C432&amp;ssl=1 768w\" sizes=\"(max-width: 750px) 100vw, 750px\" \/><\/figure>\n\n\n\n<figure class=\"wp-block-image size-full\"><img data-recalc-dims=\"1\" loading=\"lazy\" decoding=\"async\" width=\"750\" height=\"422\" data-id=\"7407\" src=\"https:\/\/i0.wp.com\/www.rr.senac.br\/portalsenac\/wp-content\/uploads\/2024\/06\/Foto-certificados-de-especializacao-tecnica06.png?resize=750%2C422&#038;ssl=1\" alt=\"\" class=\"wp-image-7407\" srcset=\"https:\/\/i0.wp.com\/www.rr.senac.br\/portalsenac\/wp-content\/uploads\/2024\/06\/Foto-certificados-de-especializacao-tecnica06.png?w=960&amp;ssl=1 960w, https:\/\/i0.wp.com\/www.rr.senac.br\/portalsenac\/wp-content\/uploads\/2024\/06\/Foto-certificados-de-especializacao-tecnica06.png?resize=300%2C169&amp;ssl=1 300w, https:\/\/i0.wp.com\/www.rr.senac.br\/portalsenac\/wp-content\/uploads\/2024\/06\/Foto-certificados-de-especializacao-tecnica06.png?resize=768%2C432&amp;ssl=1 768w\" sizes=\"(max-width: 750px) 100vw, 750px\" \/><\/figure>\n\n\n\n<figure class=\"wp-block-image size-full\"><img data-recalc-dims=\"1\" loading=\"lazy\" decoding=\"async\" width=\"700\" height=\"394\" data-id=\"7405\" src=\"https:\/\/i0.wp.com\/www.rr.senac.br\/portalsenac\/wp-content\/uploads\/2024\/06\/Foto-certificados-de-especializacao-tecnica01.png?resize=700%2C394&#038;ssl=1\" alt=\"\" class=\"wp-image-7405\" srcset=\"https:\/\/i0.wp.com\/www.rr.senac.br\/portalsenac\/wp-content\/uploads\/2024\/06\/Foto-certificados-de-especializacao-tecnica01.png?w=700&amp;ssl=1 700w, https:\/\/i0.wp.com\/www.rr.senac.br\/portalsenac\/wp-content\/uploads\/2024\/06\/Foto-certificados-de-especializacao-tecnica01.png?resize=300%2C169&amp;ssl=1 300w\" sizes=\"(max-width: 700px) 100vw, 700px\" \/><\/figure>\n<\/figure>\n\n\n\n<p>Giovanna Lima \u2013 analista t\u00e9cnica <\/p>\n\n\n\n<p>Comunica\u00e7\u00e3o Senac RR<\/p>\n","protected":false},"excerpt":{"rendered":"<p>Evento aconteceu nesta quinta-feira (11) O Servi\u00e7o Nacional de Aprendizagem Comercial (Senac-RR) promoveu na noite desta quinta-feira (11), o encerramento da turma de Especializa\u00e7\u00e3o T\u00e9cnica de Enfermagem em Urg\u00eancia e Emerg\u00eancia. A cerim\u00f4nia marcou a primeira oferta deste curso pela institui\u00e7\u00e3o, e reuniu amigos e&hellip; <a class=\"more-link\" href=\"https:\/\/www.rr.senac.br\/portalsenac\/senac-rr-realiza-entrega-de-certificados-de-especializacao-tecnica\/\">Continuar lendo <span class=\"screen-reader-text\">Senac-RR realiza entrega de certificados de especializa\u00e7\u00e3o t\u00e9cnica<\/span><\/a><\/p>\n","protected":false},"author":2,"featured_media":0,"comment_status":"closed","ping_status":"closed","sticky":false,"template":"","format":"standard","meta":{"_jetpack_memberships_contains_paid_content":false,"_joinchat":[],"footnotes":""},"categories":[12],"tags":[],"class_list":["post-7212","post","type-post","status-publish","format-standard","hentry","category-ultimas-noticias","entry"],"jetpack_featured_media_url":"","jetpack_sharing_enabled":true,"_links":{"self":[{"href":"https:\/\/www.rr.senac.br\/portalsenac\/wp-json\/wp\/v2\/posts\/7212","targetHints":{"allow":["GET"]}}],"collection":[{"href":"https:\/\/www.rr.senac.br\/portalsenac\/wp-json\/wp\/v2\/posts"}],"about":[{"href":"https:\/\/www.rr.senac.br\/portalsenac\/wp-json\/wp\/v2\/types\/post"}],"author":[{"embeddable":true,"href":"https:\/\/www.rr.senac.br\/portalsenac\/wp-json\/wp\/v2\/users\/2"}],"replies":[{"embeddable":true,"href":"https:\/\/www.rr.senac.br\/portalsenac\/wp-json\/wp\/v2\/comments?post=7212"}],"version-history":[{"count":4,"href":"https:\/\/www.rr.senac.br\/portalsenac\/wp-json\/wp\/v2\/posts\/7212\/revisions"}],"predecessor-version":[{"id":7412,"href":"https:\/\/www.rr.senac.br\/portalsenac\/wp-json\/wp\/v2\/posts\/7212\/revisions\/7412"}],"wp:attachment":[{"href":"https:\/\/www.rr.senac.br\/portalsenac\/wp-json\/wp\/v2\/media?parent=7212"}],"wp:term":[{"taxonomy":"category","embeddable":true,"href":"https:\/\/www.rr.senac.br\/portalsenac\/wp-json\/wp\/v2\/categories?post=7212"},{"taxonomy":"post_tag","embeddable":true,"href":"https:\/\/www.rr.senac.br\/portalsenac\/wp-json\/wp\/v2\/tags?post=7212"}],"curies":[{"name":"wp","href":"https:\/\/api.w.org\/{rel}","templated":true}]}}