{"id":7240,"date":"2024-04-15T17:25:42","date_gmt":"2024-04-15T21:25:42","guid":{"rendered":"https:\/\/www.rr.senac.br\/portalsenac\/?p=7240"},"modified":"2024-04-15T17:25:42","modified_gmt":"2024-04-15T21:25:42","slug":"senac-rr-promove-roda-de-conversa-com-mulheres-viajantes","status":"publish","type":"post","link":"https:\/\/www.rr.senac.br\/portalsenac\/senac-rr-promove-roda-de-conversa-com-mulheres-viajantes\/","title":{"rendered":"Senac-RR promove roda de conversa com mulheres viajantes"},"content":{"rendered":"\n<h5 class=\"wp-block-heading\"><em>Evento \u00e9 parte do projeto integrador de alunos da institui\u00e7\u00e3o<\/em><\/h5>\n\n\n\n<figure class=\"wp-block-image size-full\"><img data-recalc-dims=\"1\" fetchpriority=\"high\" decoding=\"async\" width=\"690\" height=\"387\" src=\"https:\/\/i0.wp.com\/www.rr.senac.br\/portalsenac\/wp-content\/uploads\/2024\/04\/fachada-ernane-drone.jpg?resize=690%2C387&#038;ssl=1\" alt=\"\" class=\"wp-image-7241\" srcset=\"https:\/\/i0.wp.com\/www.rr.senac.br\/portalsenac\/wp-content\/uploads\/2024\/04\/fachada-ernane-drone.jpg?w=690&amp;ssl=1 690w, https:\/\/i0.wp.com\/www.rr.senac.br\/portalsenac\/wp-content\/uploads\/2024\/04\/fachada-ernane-drone.jpg?resize=300%2C168&amp;ssl=1 300w\" sizes=\"(max-width: 690px) 100vw, 690px\" \/><figcaption class=\"wp-element-caption\"><em>Evento acontecer\u00e1 na unidade do bairro S\u00e3o Francisco<\/em><\/figcaption><\/figure>\n\n\n\n<div style=\"height:10px\" aria-hidden=\"true\" class=\"wp-block-spacer\"><\/div>\n\n\n\n<p>Os alunos do curso de agente de informa\u00e7\u00f5es tur\u00edsticas do Servi\u00e7o Nacional de Aprendizagem Comercial (Senac-RR) promovem na pr\u00f3xima quinta-feira (18), uma roda de conversa voltada \u00e0s mulheres viajantes. O evento \u00e9 gratuito, aberto ao p\u00fablico e recebe convidadas ilustres para a troca de experi\u00eancias, no audit\u00f3rio da unidade Ernane Galv\u00eaas.<\/p>\n\n\n\n<div style=\"height:2px\" aria-hidden=\"true\" class=\"wp-block-spacer\"><\/div>\n\n\n\n<p>O evento ser\u00e1 o projeto integrador da turma, e p\u00f5e \u00e0 pr\u00e1tica o que os alunos desenvolveram nas aulas do curso, que tem carga hor\u00e1ria de 200 horas. Conforme a instrutora Carolina Albuquerque, a ideia surgiu pela necessidade de informar as mulheres que escolhem viajar sozinhas. \u201c\u00c9 importante mostrar para o p\u00fablico em geral, que o mercado tur\u00edstico \u00e9 imenso e bem diversificado, e que independente do segmento tur\u00edstico escolhido, milhares de mulheres viajam o tempo todo e uma outra parte, sonha em viajar. \u00c0s vezes, essas viagens n\u00e3o acontecem, por falta de conhecimento, inseguran\u00e7as e tabus pr\u00f3prios do universo feminino. Divulgar uma rede de apoio feita por mulheres viajantes, para mulheres viajantes e que desejam viajar, \u00e9 fundamental\u201d, explicou.<\/p>\n\n\n\n<div style=\"height:2px\" aria-hidden=\"true\" class=\"wp-block-spacer\"><\/div>\n\n\n\n<p>Conforme a instrutora, ao mesmo tempo em que voc\u00ea coloca seus roteiros em pr\u00e1tica, voc\u00ea inspira outras mulheres a fazer o mesmo e cria essa rede de apoio que vai se espalhando pelo mundo. \u201cFaz toda a diferen\u00e7a voc\u00ea desejar conhecer um destino e pedir dicas para outra mulher, principalmente dicas que envolvem a nossa seguran\u00e7a. N\u00f3s temos uma perspectiva pr\u00f3pria e os mesmos temores. Ou mesmo ser recebida por outra mulher. A mulher que ler isso, vai entender. Poder escutar sobre hist\u00f3rias de mulheres que conheceram pedacinhos diferentes do mundo, \u00e9 inspirador. E \u00e9 sobre isso que o P.I. da Turma de Agente de Informa\u00e7\u00f5es Tur\u00edsticas quer tratar: sobre inspirar para que possamos tirar os nossos sonhos do papel. Viajar lava a alma. \u00c9 libertador e faz voc\u00ea se conhecer, se reconhecer\u201d, finalizou Carolina.<\/p>\n\n\n\n<div style=\"height:2px\" aria-hidden=\"true\" class=\"wp-block-spacer\"><\/div>\n\n\n\n<p>O evento recebe Shirlene Moreira Bezerra Lopes e a outra \u00e9 a Kalyua Vasconcelos de Carvalho, que s\u00e3o mulheres com vasta bagagem cultural, e experi\u00eancias inclusive em outros pa\u00edses, para trocar ideias e viv\u00eancias com o p\u00fablico em geral, e os alunos do curso.<\/p>\n\n\n\n<div style=\"height:2px\" aria-hidden=\"true\" class=\"wp-block-spacer\"><\/div>\n\n\n\n<p>Para participar basta comparecer \u00e0s 19h30 ao audit\u00f3rio da unidade Ernane Galv\u00eaas, localizada na avenida Major Williams, N\u00ba 2084, bairro S\u00e3o Francisco. A entrada \u00e9 liberada ao p\u00fablico de todas as idades, e os participantes que desejarem contribuir com materiais de higiene feminina, esses que ser\u00e3o doados posteriormente. Mais informa\u00e7\u00f5es podem ser consultadas nas redes sociais da institui\u00e7\u00e3o.<\/p>\n\n\n\n<div style=\"height:2px\" aria-hidden=\"true\" class=\"wp-block-spacer\"><\/div>\n\n\n\n<p><strong>Servi\u00e7o<\/strong><\/p>\n\n\n\n<p>O qu\u00ea: Roda de conversa com mulheres viajantes<\/p>\n\n\n\n<p>Quando: 18\/04\/2024 \u00e0s 19h30<\/p>\n\n\n\n<p>Onde: Audit\u00f3rio da unidade Ernane Galv\u00eaas, localizada na avenida Major Williams, N\u00ba 2084, bairro S\u00e3o Francisco<\/p>\n\n\n\n<p>Entrada gratuita, livre para todas as idades<\/p>\n\n\n\n<div style=\"height:4px\" aria-hidden=\"true\" class=\"wp-block-spacer\"><\/div>\n\n\n<div class=\"wp-block-image\">\n<figure class=\"aligncenter size-large is-resized\"><img data-recalc-dims=\"1\" decoding=\"async\" width=\"750\" height=\"750\" src=\"https:\/\/i0.wp.com\/www.rr.senac.br\/portalsenac\/wp-content\/uploads\/2024\/04\/evento-turma-Senac.jpeg?resize=750%2C750&#038;ssl=1\" alt=\"\" class=\"wp-image-7242\" style=\"width:564px;height:auto\" srcset=\"https:\/\/i0.wp.com\/www.rr.senac.br\/portalsenac\/wp-content\/uploads\/2024\/04\/evento-turma-Senac.jpeg?resize=1024%2C1024&amp;ssl=1 1024w, https:\/\/i0.wp.com\/www.rr.senac.br\/portalsenac\/wp-content\/uploads\/2024\/04\/evento-turma-Senac.jpeg?resize=300%2C300&amp;ssl=1 300w, https:\/\/i0.wp.com\/www.rr.senac.br\/portalsenac\/wp-content\/uploads\/2024\/04\/evento-turma-Senac.jpeg?resize=150%2C150&amp;ssl=1 150w, https:\/\/i0.wp.com\/www.rr.senac.br\/portalsenac\/wp-content\/uploads\/2024\/04\/evento-turma-Senac.jpeg?resize=768%2C768&amp;ssl=1 768w, https:\/\/i0.wp.com\/www.rr.senac.br\/portalsenac\/wp-content\/uploads\/2024\/04\/evento-turma-Senac.jpeg?w=1080&amp;ssl=1 1080w\" sizes=\"(max-width: 750px) 100vw, 750px\" \/><\/figure>\n<\/div>\n\n\n<div style=\"height:2px\" aria-hidden=\"true\" class=\"wp-block-spacer\"><\/div>\n\n\n\n<p>Giovanna Lima \u2013 analista t\u00e9cnica<\/p>\n\n\n\n<p>Comunica\u00e7\u00e3o Senac RR<\/p>\n","protected":false},"excerpt":{"rendered":"<p>Evento \u00e9 parte do projeto integrador de alunos da institui\u00e7\u00e3o Os alunos do curso de agente de informa\u00e7\u00f5es tur\u00edsticas do Servi\u00e7o Nacional de Aprendizagem Comercial (Senac-RR) promovem na pr\u00f3xima quinta-feira (18), uma roda de conversa voltada \u00e0s mulheres viajantes. O evento \u00e9 gratuito, aberto ao&hellip; <a class=\"more-link\" href=\"https:\/\/www.rr.senac.br\/portalsenac\/senac-rr-promove-roda-de-conversa-com-mulheres-viajantes\/\">Continuar lendo <span class=\"screen-reader-text\">Senac-RR promove roda de conversa com mulheres viajantes<\/span><\/a><\/p>\n","protected":false},"author":2,"featured_media":7241,"comment_status":"closed","ping_status":"","sticky":false,"template":"","format":"standard","meta":{"_jetpack_memberships_contains_paid_content":false,"_joinchat":[],"footnotes":""},"categories":[12],"tags":[],"class_list":["post-7240","post","type-post","status-publish","format-standard","has-post-thumbnail","hentry","category-ultimas-noticias","entry"],"jetpack_featured_media_url":"https:\/\/i0.wp.com\/www.rr.senac.br\/portalsenac\/wp-content\/uploads\/2024\/04\/fachada-ernane-drone.jpg?fit=690%2C387&ssl=1","jetpack_sharing_enabled":true,"_links":{"self":[{"href":"https:\/\/www.rr.senac.br\/portalsenac\/wp-json\/wp\/v2\/posts\/7240","targetHints":{"allow":["GET"]}}],"collection":[{"href":"https:\/\/www.rr.senac.br\/portalsenac\/wp-json\/wp\/v2\/posts"}],"about":[{"href":"https:\/\/www.rr.senac.br\/portalsenac\/wp-json\/wp\/v2\/types\/post"}],"author":[{"embeddable":true,"href":"https:\/\/www.rr.senac.br\/portalsenac\/wp-json\/wp\/v2\/users\/2"}],"replies":[{"embeddable":true,"href":"https:\/\/www.rr.senac.br\/portalsenac\/wp-json\/wp\/v2\/comments?post=7240"}],"version-history":[{"count":1,"href":"https:\/\/www.rr.senac.br\/portalsenac\/wp-json\/wp\/v2\/posts\/7240\/revisions"}],"predecessor-version":[{"id":7243,"href":"https:\/\/www.rr.senac.br\/portalsenac\/wp-json\/wp\/v2\/posts\/7240\/revisions\/7243"}],"wp:featuredmedia":[{"embeddable":true,"href":"https:\/\/www.rr.senac.br\/portalsenac\/wp-json\/wp\/v2\/media\/7241"}],"wp:attachment":[{"href":"https:\/\/www.rr.senac.br\/portalsenac\/wp-json\/wp\/v2\/media?parent=7240"}],"wp:term":[{"taxonomy":"category","embeddable":true,"href":"https:\/\/www.rr.senac.br\/portalsenac\/wp-json\/wp\/v2\/categories?post=7240"},{"taxonomy":"post_tag","embeddable":true,"href":"https:\/\/www.rr.senac.br\/portalsenac\/wp-json\/wp\/v2\/tags?post=7240"}],"curies":[{"name":"wp","href":"https:\/\/api.w.org\/{rel}","templated":true}]}}