{"id":7328,"date":"2024-04-24T18:18:06","date_gmt":"2024-04-24T22:18:06","guid":{"rendered":"https:\/\/www.rr.senac.br\/portalsenac\/?p=7328"},"modified":"2024-06-25T09:12:51","modified_gmt":"2024-06-25T13:12:51","slug":"senac-rr-celebra-dia-internacional-do-jovem-trabalhador","status":"publish","type":"post","link":"https:\/\/www.rr.senac.br\/portalsenac\/senac-rr-celebra-dia-internacional-do-jovem-trabalhador\/","title":{"rendered":"Senac-RR celebra dia internacional do jovem trabalhador"},"content":{"rendered":"\n<p><em>Alunos participaram de a\u00e7\u00e3o social<\/em><\/p>\n\n\n\n<figure class=\"wp-block-image size-full\"><img data-recalc-dims=\"1\" decoding=\"async\" src=\"https:\/\/i0.wp.com\/www.rr.senac.br\/portalsenac\/wp-content\/uploads\/2024\/04\/Senac-Jovem-Aprendiz-2-1.jpg?w=750&#038;ssl=1\" alt=\"\" class=\"wp-image-7330\"\/><figcaption class=\"wp-element-caption\"><em>Foto: Aline Rodrigues<\/em><\/figcaption><\/figure>\n\n\n\n<div style=\"height:7px\" aria-hidden=\"true\" class=\"wp-block-spacer\"><\/div>\n\n\n\n<p>HOJE O DIA \u00c9 DELES! O Servi\u00e7o Nacional de Aprendizagem Comercial (Senac-RR), celebra nesta quarta-feira (24) o dia internacional do jovem trabalhador, com uma a\u00e7\u00e3o proposta pela equipe pedag\u00f3gica: passeio ao ar livre no Parque Ecol\u00f3gico Bosque dos Papagaios!<\/p>\n\n\n\n<div style=\"height:2px\" aria-hidden=\"true\" class=\"wp-block-spacer\"><\/div>\n\n\n\n<p>A visita aconteceu em tr\u00eas dias, 22, 23 e 24 de abril, com as turmas de aprendizagem comercial em servi\u00e7os administrativos, servi\u00e7os de supermercado, e servi\u00e7os de asseio e conserva\u00e7\u00e3o. Acompanhados das instrutoras Roselita Cortez, Jana\u00edna Andrade, J\u00e9ssica Nascimento, Meiry Richil e Naira Maria, al\u00e9m da pedagoga Vanessa Brito.<\/p>\n\n\n\n<div style=\"height:2px\" aria-hidden=\"true\" class=\"wp-block-spacer\"><\/div>\n\n\n\n<p>Conforme a instrutora Roselita Cortez, a proposta foi proporcionar um tempo de lazer aos alunos na semana do jovem aprendiz. \u201cA viv\u00eancia e o desenvolvimento do meio ambiente faz parte das nossas aulas, ent\u00e3o hoje \u00e9 muito importante que eles conhe\u00e7am um pouco mais sobre a natureza, sobre sustentabilidade, e \u00e9 incr\u00edvel que eles possam vivenciar isso\u201d.<\/p>\n\n\n\n<div style=\"height:2px\" aria-hidden=\"true\" class=\"wp-block-spacer\"><\/div>\n\n\n\n<p>A instrutora completa explicando que o passeio foi proveitoso. \u201cMuitos alunos nunca tinham visto um tucano, ou uma capivara, apenas por foto, e hoje podem ver de pertinho, para eles \u00e9 uma experi\u00eancia \u00fanica\u201d, finalizou.<\/p>\n\n\n\n<div style=\"height:2px\" aria-hidden=\"true\" class=\"wp-block-spacer\"><\/div>\n\n\n\n<p>C\u00e9lio Melo, gerente de educa\u00e7\u00e3o profissional explica a import\u00e2ncia de capacitar o jovem. \u201cO mercado de trabalho est\u00e1 em constante mudan\u00e7a no cen\u00e1rio local e mundial, e para isso, o jovem precisa ficar atento \u00e0s oportunidades que surgem, como capacita\u00e7\u00e3o profissional com o objetivo de prepar\u00e1-lo para o mercado de trabalho por meio dos cursos profissionalizantes ofertados pelo Senac RR\u201d.<\/p>\n\n\n\n<div style=\"height:2px\" aria-hidden=\"true\" class=\"wp-block-spacer\"><\/div>\n\n\n\n<p>Ianny Eliza \u00e9 aluna da turma de servi\u00e7os administrativos e contou para a equipe do Senac o que achou da experi\u00eancia. \u201cPara mim foi uma experi\u00eancia muito incr\u00edvel, achei interativo e diferente, eu adorei conhecer as araras e os tucanos, foram os meus favoritos, s\u00e3o lindos demais\u201d, finalizou. <\/p>\n\n\n\n<div style=\"height:2px\" aria-hidden=\"true\" class=\"wp-block-spacer\"><\/div>\n\n\n\n<p>Nesta data parabenizamos as turmas de aprendizagem comercial da institui\u00e7\u00e3o, e desejamos que a caminhada profissional seja desafiadora e cheia de conquistas inesquec\u00edveis. O Senac se p\u00f5e \u00e0 disposi\u00e7\u00e3o da comunidade acad\u00eamica e reconhece a import\u00e2ncia dos jovens no mercado de trabalho.<\/p>\n\n\n\n<div style=\"height:2px\" aria-hidden=\"true\" class=\"wp-block-spacer\"><\/div>\n\n\n\n<p><a href=\"https:\/\/www.facebook.com\/media\/set\/?vanity=senac.roraima&amp;set=a.418730517524564\" data-type=\"link\" data-id=\"https:\/\/www.facebook.com\/media\/set\/?vanity=senac.roraima&amp;set=a.418730517524564\">Confira aqui a galeria com todas as fotos do passeio.<\/a><\/p>\n\n\n\n<div style=\"height:2px\" aria-hidden=\"true\" class=\"wp-block-spacer\"><\/div>\n\n\n\n<p>Giovanna Lima \u2013 analista t\u00e9cnica<\/p>\n\n\n\n<p>Comunica\u00e7\u00e3o Senac RR<\/p>\n","protected":false},"excerpt":{"rendered":"<p>Alunos participaram de a\u00e7\u00e3o social HOJE O DIA \u00c9 DELES! O Servi\u00e7o Nacional de Aprendizagem Comercial (Senac-RR), celebra nesta quarta-feira (24) o dia internacional do jovem trabalhador, com uma a\u00e7\u00e3o proposta pela equipe pedag\u00f3gica: passeio ao ar livre no Parque Ecol\u00f3gico Bosque dos Papagaios! A&hellip; <a class=\"more-link\" href=\"https:\/\/www.rr.senac.br\/portalsenac\/senac-rr-celebra-dia-internacional-do-jovem-trabalhador\/\">Continuar lendo <span class=\"screen-reader-text\">Senac-RR celebra dia internacional do jovem trabalhador<\/span><\/a><\/p>\n","protected":false},"author":2,"featured_media":0,"comment_status":"closed","ping_status":"closed","sticky":false,"template":"","format":"standard","meta":{"_jetpack_memberships_contains_paid_content":false,"_joinchat":[],"footnotes":""},"categories":[12],"tags":[],"class_list":["post-7328","post","type-post","status-publish","format-standard","hentry","category-ultimas-noticias","entry"],"jetpack_featured_media_url":"","jetpack_sharing_enabled":true,"_links":{"self":[{"href":"https:\/\/www.rr.senac.br\/portalsenac\/wp-json\/wp\/v2\/posts\/7328","targetHints":{"allow":["GET"]}}],"collection":[{"href":"https:\/\/www.rr.senac.br\/portalsenac\/wp-json\/wp\/v2\/posts"}],"about":[{"href":"https:\/\/www.rr.senac.br\/portalsenac\/wp-json\/wp\/v2\/types\/post"}],"author":[{"embeddable":true,"href":"https:\/\/www.rr.senac.br\/portalsenac\/wp-json\/wp\/v2\/users\/2"}],"replies":[{"embeddable":true,"href":"https:\/\/www.rr.senac.br\/portalsenac\/wp-json\/wp\/v2\/comments?post=7328"}],"version-history":[{"count":2,"href":"https:\/\/www.rr.senac.br\/portalsenac\/wp-json\/wp\/v2\/posts\/7328\/revisions"}],"predecessor-version":[{"id":7333,"href":"https:\/\/www.rr.senac.br\/portalsenac\/wp-json\/wp\/v2\/posts\/7328\/revisions\/7333"}],"wp:attachment":[{"href":"https:\/\/www.rr.senac.br\/portalsenac\/wp-json\/wp\/v2\/media?parent=7328"}],"wp:term":[{"taxonomy":"category","embeddable":true,"href":"https:\/\/www.rr.senac.br\/portalsenac\/wp-json\/wp\/v2\/categories?post=7328"},{"taxonomy":"post_tag","embeddable":true,"href":"https:\/\/www.rr.senac.br\/portalsenac\/wp-json\/wp\/v2\/tags?post=7328"}],"curies":[{"name":"wp","href":"https:\/\/api.w.org\/{rel}","templated":true}]}}