{"id":7335,"date":"2024-04-26T17:47:38","date_gmt":"2024-04-26T21:47:38","guid":{"rendered":"https:\/\/www.rr.senac.br\/portalsenac\/?p=7335"},"modified":"2024-04-26T17:49:34","modified_gmt":"2024-04-26T21:49:34","slug":"alunos-do-senac-realizam-acao-social-na-casa-do-vovo","status":"publish","type":"post","link":"https:\/\/www.rr.senac.br\/portalsenac\/alunos-do-senac-realizam-acao-social-na-casa-do-vovo\/","title":{"rendered":"Alunos do Senac realizam a\u00e7\u00e3o social na Casa do Vov\u00f4"},"content":{"rendered":"\n<h5 class=\"wp-block-heading\"><em>A\u00e7\u00e3o aconteceu nesta sexta-feira<\/em><\/h5>\n\n\n\n<figure class=\"wp-block-image size-large\"><img data-recalc-dims=\"1\" fetchpriority=\"high\" decoding=\"async\" width=\"750\" height=\"500\" src=\"https:\/\/i0.wp.com\/www.rr.senac.br\/portalsenac\/wp-content\/uploads\/2024\/04\/3O5A1358.jpg?resize=750%2C500&#038;ssl=1\" alt=\"\" class=\"wp-image-7336\" srcset=\"https:\/\/i0.wp.com\/www.rr.senac.br\/portalsenac\/wp-content\/uploads\/2024\/04\/3O5A1358-scaled.jpg?resize=1024%2C683&amp;ssl=1 1024w, https:\/\/i0.wp.com\/www.rr.senac.br\/portalsenac\/wp-content\/uploads\/2024\/04\/3O5A1358-scaled.jpg?resize=300%2C200&amp;ssl=1 300w, https:\/\/i0.wp.com\/www.rr.senac.br\/portalsenac\/wp-content\/uploads\/2024\/04\/3O5A1358-scaled.jpg?resize=768%2C512&amp;ssl=1 768w, https:\/\/i0.wp.com\/www.rr.senac.br\/portalsenac\/wp-content\/uploads\/2024\/04\/3O5A1358-scaled.jpg?resize=1536%2C1024&amp;ssl=1 1536w, https:\/\/i0.wp.com\/www.rr.senac.br\/portalsenac\/wp-content\/uploads\/2024\/04\/3O5A1358-scaled.jpg?resize=2048%2C1365&amp;ssl=1 2048w, https:\/\/i0.wp.com\/www.rr.senac.br\/portalsenac\/wp-content\/uploads\/2024\/04\/3O5A1358-scaled.jpg?resize=1568%2C1045&amp;ssl=1 1568w, https:\/\/i0.wp.com\/www.rr.senac.br\/portalsenac\/wp-content\/uploads\/2024\/04\/3O5A1358-scaled.jpg?w=2250&amp;ssl=1 2250w\" sizes=\"(max-width: 750px) 100vw, 750px\" \/><figcaption class=\"wp-element-caption\"><em>Foto: Giovanna Lima<\/em><\/figcaption><\/figure>\n\n\n\n<div style=\"height:8px\" aria-hidden=\"true\" class=\"wp-block-spacer\"><\/div>\n\n\n\n<p>Os alunos do Servi\u00e7o Nacional de Aprendizagem Comercial (Senac-RR) realizaram uma a\u00e7\u00e3o social na manh\u00e3 desta sexta-feira (26), com a doa\u00e7\u00e3o de produtos de higiene pessoal, e bolinhos saud\u00e1veis na Casa do Vov\u00f4. A atividade foi promovida pelas turmas de massagista e t\u00e9cnico em nutri\u00e7\u00e3o e diet\u00e9tica.<\/p>\n\n\n\n<div style=\"height:2px\" aria-hidden=\"true\" class=\"wp-block-spacer\"><\/div>\n\n\n\n<p>Ao longo do curso de massagista, a instrutora J\u00e9ssica Nina conciliou a pr\u00e1tica com a boa a\u00e7\u00e3o: levando massagem aos colaboradores da institui\u00e7\u00e3o em troca dos produtos. Foram entregues mais de 160 itens, dentre fraldas, sabonetes, creme dental, e outros. \u201cTenho muita gratid\u00e3o aos colaboradores que participaram desta a\u00e7\u00e3o com os donativos que trouxemos para esta institui\u00e7\u00e3o\u201d. Conforme ela, o cora\u00e7\u00e3o \u2018\u00e9 s\u00f3 gratid\u00e3o\u2019. \u201cPudemos trazer um pouco de qualidade de vida aos residentes, e esses materiais de higiene far\u00e3o a diferen\u00e7a no cotidiano deles\u201d, concluiu.<\/p>\n\n\n\n<div style=\"height:2px\" aria-hidden=\"true\" class=\"wp-block-spacer\"><\/div>\n\n\n\n<figure class=\"wp-block-image size-large\"><img data-recalc-dims=\"1\" decoding=\"async\" width=\"750\" height=\"565\" src=\"https:\/\/i0.wp.com\/www.rr.senac.br\/portalsenac\/wp-content\/uploads\/2024\/04\/WhatsApp-Image-2024-04-26-at-17.01.45.jpg?resize=750%2C565&#038;ssl=1\" alt=\"\" class=\"wp-image-7337\" srcset=\"https:\/\/i0.wp.com\/www.rr.senac.br\/portalsenac\/wp-content\/uploads\/2024\/04\/WhatsApp-Image-2024-04-26-at-17.01.45.jpg?resize=1024%2C771&amp;ssl=1 1024w, https:\/\/i0.wp.com\/www.rr.senac.br\/portalsenac\/wp-content\/uploads\/2024\/04\/WhatsApp-Image-2024-04-26-at-17.01.45.jpg?resize=300%2C226&amp;ssl=1 300w, https:\/\/i0.wp.com\/www.rr.senac.br\/portalsenac\/wp-content\/uploads\/2024\/04\/WhatsApp-Image-2024-04-26-at-17.01.45.jpg?resize=768%2C578&amp;ssl=1 768w, https:\/\/i0.wp.com\/www.rr.senac.br\/portalsenac\/wp-content\/uploads\/2024\/04\/WhatsApp-Image-2024-04-26-at-17.01.45.jpg?w=1351&amp;ssl=1 1351w\" sizes=\"(max-width: 750px) 100vw, 750px\" \/><figcaption class=\"wp-element-caption\"><em>Foto: arquivo pessoal<\/em><\/figcaption><\/figure>\n\n\n\n<p>Elenice Alencar \u00e9 instrutora do curso t\u00e9cnico em nutri\u00e7\u00e3o e diet\u00e9tica, e explicou que os alunos desenvolveram uma receita de \u201ctorta da imunidade\u201d, prezando a qualidade e a sa\u00fade dos receptores. \u201cPreparamos essa receita para trazer a sustentabilidade e o uso integral dos alimentos, como as cascas da laranjas, por exemplo, e a sensa\u00e7\u00e3o \u00e9 de dever cumprido, pois recebemos muitos retornos positivos aqui\u201d, contou a instrutora.<\/p>\n\n\n\n<div style=\"height:2px\" aria-hidden=\"true\" class=\"wp-block-spacer\"><\/div>\n\n\n\n<p>Para o final de semana, nada melhor do que testar a receita preparada pela turma, prepara os ingredientes e confira a receita da torta da imunidade:<\/p>\n\n\n\n<div style=\"height:2px\" aria-hidden=\"true\" class=\"wp-block-spacer\"><\/div>\n\n\n\n<p><strong>Ingredientes<\/strong><\/p>\n\n\n\n<p>&nbsp;350g de farinha integral<\/p>\n\n\n\n<p>12g farinha da casca da laranja<\/p>\n\n\n\n<p>4 ovos<\/p>\n\n\n\n<p>100g de manteiga com sal<\/p>\n\n\n\n<p>10g de fermento biol\u00f3gico<\/p>\n\n\n\n<p>400ml de \u00e1gua morna<\/p>\n\n\n\n<p>100g de ameixa seca<\/p>\n\n\n\n<p>150g de a\u00e7\u00facar demerara<\/p>\n\n\n\n<p>4g de sal<\/p>\n\n\n\n<div style=\"height:2px\" aria-hidden=\"true\" class=\"wp-block-spacer\"><\/div>\n\n\n\n<p><strong>Modo de preparo da farinha da casca da laranja:<\/strong><\/p>\n\n\n\n<p>Ingrediente: 12 laranjas<\/p>\n\n\n\n<p>1\u00ba passo: higienize as laranjas com \u00e1gua clorada de 10 a 15 minutos;<\/p>\n\n\n\n<p>2\u00b0 passo: deixe secar naturalmente ou seque com papel toalha;<\/p>\n\n\n\n<p>3\u00b0 passo: descasque as laranjas e reserve as cascas;<\/p>\n\n\n\n<p>4\u00b0 passo: desidrate as cascas no micro-ondas, forno ou no calor do sol;<\/p>\n\n\n\n<p>5\u00b0 passo: Triture bem as cascas desidratadas e peneire; agora a farinha est\u00e1 ponta para uso.<\/p>\n\n\n\n<p>A fruta pode ser utilizada como desejar (sucos, salada de frutas, etc.)<\/p>\n\n\n\n<div style=\"height:2px\" aria-hidden=\"true\" class=\"wp-block-spacer\"><\/div>\n\n\n\n<p><strong>Modo de preparo da torta:<\/strong><\/p>\n\n\n\n<p>1\u00ba passo: hidratar a ameixa seca na \u00e1gua gelada, e depois picar e reservar;<\/p>\n\n\n\n<p>2\u00b0 passo: bata os ovos, manteiga, a\u00e7\u00facar, ameixa picada no liquidificador. E depois acrescentar a farinha integral;<\/p>\n\n\n\n<p>3\u00b0 passo: passe a massa para um recipiente. Mexendo com um fue, acrescentando aos poucos a farinha da casca da laranja peneirada;<\/p>\n\n\n\n<p>4\u00b0 passo: finalize com a \u00e1gua morna e o fermento biol\u00f3gico, e por \u00faltimo o sal. Mexa bem at\u00e9 ficar homog\u00eanea;<\/p>\n\n\n\n<p>5\u00b0 passo: deposite a massa nas forminhas de papel;<\/p>\n\n\n\n<p>6\u00b0 passo: deixe descansar por 22 minutos, e leve ao forno turbo por 13 min;<\/p>\n\n\n\n<p>7\u00b0 passo: finalize passando pinceladas de manteiga derretida nas tortinhas para dar o brilho.<\/p>\n\n\n\n<div style=\"height:2px\" aria-hidden=\"true\" class=\"wp-block-spacer\"><\/div>\n\n\n\n<p>Benef\u00edcios: vitamina C, antioxidantes, controle do colesterol e hipertens\u00e3o. Voc\u00ea pode enriquecer suas massas com a farinha da casca da laranja.<\/p>\n\n\n\n<div style=\"height:2px\" aria-hidden=\"true\" class=\"wp-block-spacer\"><\/div>\n\n\n\n<p>A dica e receita foi proposta pela turma do curso t\u00e9cnico em nutri\u00e7\u00e3o e diet\u00e9tica do Senac-RR.<\/p>\n\n\n\n<div style=\"height:2px\" aria-hidden=\"true\" class=\"wp-block-spacer\"><\/div>\n\n\n\n<p>Giovanna Lima \u2013 analista t\u00e9cnica<\/p>\n\n\n\n<p>Comunica\u00e7\u00e3o Senac RR<\/p>\n","protected":false},"excerpt":{"rendered":"<p>A\u00e7\u00e3o aconteceu nesta sexta-feira Os alunos do Servi\u00e7o Nacional de Aprendizagem Comercial (Senac-RR) realizaram uma a\u00e7\u00e3o social na manh\u00e3 desta sexta-feira (26), com a doa\u00e7\u00e3o de produtos de higiene pessoal, e bolinhos saud\u00e1veis na Casa do Vov\u00f4. A atividade foi promovida pelas turmas de massagista&hellip; <a class=\"more-link\" href=\"https:\/\/www.rr.senac.br\/portalsenac\/alunos-do-senac-realizam-acao-social-na-casa-do-vovo\/\">Continuar lendo <span class=\"screen-reader-text\">Alunos do Senac realizam a\u00e7\u00e3o social na Casa do Vov\u00f4<\/span><\/a><\/p>\n","protected":false},"author":2,"featured_media":7336,"comment_status":"closed","ping_status":"closed","sticky":false,"template":"","format":"standard","meta":{"_jetpack_memberships_contains_paid_content":false,"_joinchat":[],"footnotes":""},"categories":[12],"tags":[],"class_list":["post-7335","post","type-post","status-publish","format-standard","has-post-thumbnail","hentry","category-ultimas-noticias","entry"],"jetpack_featured_media_url":"https:\/\/i0.wp.com\/www.rr.senac.br\/portalsenac\/wp-content\/uploads\/2024\/04\/3O5A1358-scaled.jpg?fit=2560%2C1707&ssl=1","jetpack_sharing_enabled":true,"_links":{"self":[{"href":"https:\/\/www.rr.senac.br\/portalsenac\/wp-json\/wp\/v2\/posts\/7335","targetHints":{"allow":["GET"]}}],"collection":[{"href":"https:\/\/www.rr.senac.br\/portalsenac\/wp-json\/wp\/v2\/posts"}],"about":[{"href":"https:\/\/www.rr.senac.br\/portalsenac\/wp-json\/wp\/v2\/types\/post"}],"author":[{"embeddable":true,"href":"https:\/\/www.rr.senac.br\/portalsenac\/wp-json\/wp\/v2\/users\/2"}],"replies":[{"embeddable":true,"href":"https:\/\/www.rr.senac.br\/portalsenac\/wp-json\/wp\/v2\/comments?post=7335"}],"version-history":[{"count":2,"href":"https:\/\/www.rr.senac.br\/portalsenac\/wp-json\/wp\/v2\/posts\/7335\/revisions"}],"predecessor-version":[{"id":7339,"href":"https:\/\/www.rr.senac.br\/portalsenac\/wp-json\/wp\/v2\/posts\/7335\/revisions\/7339"}],"wp:featuredmedia":[{"embeddable":true,"href":"https:\/\/www.rr.senac.br\/portalsenac\/wp-json\/wp\/v2\/media\/7336"}],"wp:attachment":[{"href":"https:\/\/www.rr.senac.br\/portalsenac\/wp-json\/wp\/v2\/media?parent=7335"}],"wp:term":[{"taxonomy":"category","embeddable":true,"href":"https:\/\/www.rr.senac.br\/portalsenac\/wp-json\/wp\/v2\/categories?post=7335"},{"taxonomy":"post_tag","embeddable":true,"href":"https:\/\/www.rr.senac.br\/portalsenac\/wp-json\/wp\/v2\/tags?post=7335"}],"curies":[{"name":"wp","href":"https:\/\/api.w.org\/{rel}","templated":true}]}}