{"id":7341,"date":"2024-05-02T15:34:19","date_gmt":"2024-05-02T19:34:19","guid":{"rendered":"https:\/\/www.rr.senac.br\/portalsenac\/?p=7341"},"modified":"2024-05-02T15:34:19","modified_gmt":"2024-05-02T19:34:19","slug":"alunos-do-senac-rr-promovem-roda-de-conversa-em-libras","status":"publish","type":"post","link":"https:\/\/www.rr.senac.br\/portalsenac\/alunos-do-senac-rr-promovem-roda-de-conversa-em-libras\/","title":{"rendered":"Alunos do Senac-RR promovem roda de conversa em libras"},"content":{"rendered":"\n<h5 class=\"wp-block-heading\"><em>Evento avaliativo aconteceu esta semana<\/em><\/h5>\n\n\n\n<figure class=\"wp-block-image size-full\"><img data-recalc-dims=\"1\" fetchpriority=\"high\" decoding=\"async\" width=\"680\" height=\"453\" src=\"https:\/\/i0.wp.com\/www.rr.senac.br\/portalsenac\/wp-content\/uploads\/2024\/05\/Senac-aula-de-libras.jpg?resize=680%2C453&#038;ssl=1\" alt=\"\" class=\"wp-image-7348\" srcset=\"https:\/\/i0.wp.com\/www.rr.senac.br\/portalsenac\/wp-content\/uploads\/2024\/05\/Senac-aula-de-libras.jpg?w=680&amp;ssl=1 680w, https:\/\/i0.wp.com\/www.rr.senac.br\/portalsenac\/wp-content\/uploads\/2024\/05\/Senac-aula-de-libras.jpg?resize=300%2C200&amp;ssl=1 300w\" sizes=\"(max-width: 680px) 100vw, 680px\" \/><\/figure>\n\n\n\n<div style=\"height:7px\" aria-hidden=\"true\" class=\"wp-block-spacer\"><\/div>\n\n\n\n<p>Os alunos do curso de libras promoveram na tarde da \u00faltima ter\u00e7a-feira (30) uma roda de conversa \u201cfalando com as m\u00e3os: inclus\u00e3o e comunica\u00e7\u00e3o em libras\u201d, com objetivo de promover a inclus\u00e3o e visibilidade ao dia do surdo.<\/p>\n\n\n\n<div style=\"height:4px\" aria-hidden=\"true\" class=\"wp-block-spacer\"><\/div>\n\n\n\n<p>O projeto foi promovido pela instrutora Lislyn Peres, para avaliar os alunos, e promover um momento de troca de experi\u00eancias, al\u00e9m de possibilitar a comunica\u00e7\u00e3o em n\u00edvel iniciante na l\u00edngua de sinais fazendo uso da estrutura e do vocabul\u00e1rio adequado em diversas situa\u00e7\u00f5es que foram ensinadas ao longo das aulas.<\/p>\n\n\n\n<div style=\"height:4px\" aria-hidden=\"true\" class=\"wp-block-spacer\"><\/div>\n\n\n\n<p>\u201c Desde o ano passado, em 2023, temos realizado uma celebra\u00e7\u00e3o do dia nacional da libras, na qual os alunos apresentavam algo relacionado \u00e0 import\u00e2ncia deste dia e \u00e0 l\u00edngua de sinais. No entanto, este ano, optamos por uma abordagem diferente, com a apresenta\u00e7\u00e3o conjunta das quatro turmas, sendo duas do n\u00edvel b\u00e1sico e duas do n\u00edvel intermedi\u00e1rio de Libras. O objetivo \u00e9 destacar como o conhecimento pr\u00e9vio em Libras \u00e9 crucial para uma comunica\u00e7\u00e3o eficaz e inclusiva, al\u00e9m de avaliar a compet\u00eancia e efici\u00eancia na sinaliza\u00e7\u00e3o. Durante a apresenta\u00e7\u00e3o, os alunos do n\u00edvel b\u00e1sico demonstraram alguns sinais b\u00e1sicos da Libras, enquanto os do n\u00edvel intermedi\u00e1rio realizaram falas e simula\u00e7\u00f5es em \u00e1reas como sa\u00fade, sa\u00fade mental e outros\u201d, explicou a instrutora.<\/p>\n\n\n\n<div style=\"height:4px\" aria-hidden=\"true\" class=\"wp-block-spacer\"><\/div>\n\n\n\n<p>Conforme a aluna Rafaela de Pina Correa, da turma de n\u00edvel intermedi\u00e1rio, foi um projeto \u2018muito bonito\u2019, desde a prepara\u00e7\u00e3o at\u00e9 a apresenta\u00e7\u00e3o. \u201cFiquei muito feliz em saber que ir\u00edamos interagir com as outras turmas do curso de Libras do Senac, e poder ver e relembrar sinais de forma interativa, al\u00e9m da presen\u00e7a da Joana, [colaboradora do Senac-RR] que nos deixou ansiosos para realizar o melhor trabalho poss\u00edvel para que ela se sentisse inclu\u00edda e nos ajudasse na corre\u00e7\u00e3o de algum sinal\u201d, explicou a aluna.<\/p>\n\n\n\n<div style=\"height:4px\" aria-hidden=\"true\" class=\"wp-block-spacer\"><\/div>\n\n\n\n<p>A diretora regional do Senac-RR, Fernanda Paula Barbosa esteve presente no evento e falou sobre a import\u00e2ncia da inclus\u00e3o nos eventos da institui\u00e7\u00e3o, al\u00e9m do cotidiano. \u201cTodas as pessoas t\u00eam o direito de serem compreendidas e serem atendidas da melhor maneira poss\u00edvel, ent\u00e3o trazer capacita\u00e7\u00f5es e eventos como este proporcionam esse desenvolvimento da nossa sociedade\u201d, concluiu.<\/p>\n\n\n\n<div style=\"height:4px\" aria-hidden=\"true\" class=\"wp-block-spacer\"><\/div>\n\n\n\n<p>Giovanna Lima \u2013 analista t\u00e9cnica<\/p>\n\n\n\n<p>Comunica\u00e7\u00e3o Senac RR<\/p>\n","protected":false},"excerpt":{"rendered":"<p>Evento avaliativo aconteceu esta semana Os alunos do curso de libras promoveram na tarde da \u00faltima ter\u00e7a-feira (30) uma roda de conversa \u201cfalando com as m\u00e3os: inclus\u00e3o e comunica\u00e7\u00e3o em libras\u201d, com objetivo de promover a inclus\u00e3o e visibilidade ao dia do surdo. O projeto&hellip; <a class=\"more-link\" href=\"https:\/\/www.rr.senac.br\/portalsenac\/alunos-do-senac-rr-promovem-roda-de-conversa-em-libras\/\">Continuar lendo <span class=\"screen-reader-text\">Alunos do Senac-RR promovem roda de conversa em libras<\/span><\/a><\/p>\n","protected":false},"author":2,"featured_media":7348,"comment_status":"closed","ping_status":"","sticky":false,"template":"","format":"standard","meta":{"_jetpack_memberships_contains_paid_content":false,"_joinchat":[],"footnotes":""},"categories":[12],"tags":[],"class_list":["post-7341","post","type-post","status-publish","format-standard","has-post-thumbnail","hentry","category-ultimas-noticias","entry"],"jetpack_featured_media_url":"https:\/\/i0.wp.com\/www.rr.senac.br\/portalsenac\/wp-content\/uploads\/2024\/05\/Senac-aula-de-libras.jpg?fit=680%2C453&ssl=1","jetpack_sharing_enabled":true,"_links":{"self":[{"href":"https:\/\/www.rr.senac.br\/portalsenac\/wp-json\/wp\/v2\/posts\/7341","targetHints":{"allow":["GET"]}}],"collection":[{"href":"https:\/\/www.rr.senac.br\/portalsenac\/wp-json\/wp\/v2\/posts"}],"about":[{"href":"https:\/\/www.rr.senac.br\/portalsenac\/wp-json\/wp\/v2\/types\/post"}],"author":[{"embeddable":true,"href":"https:\/\/www.rr.senac.br\/portalsenac\/wp-json\/wp\/v2\/users\/2"}],"replies":[{"embeddable":true,"href":"https:\/\/www.rr.senac.br\/portalsenac\/wp-json\/wp\/v2\/comments?post=7341"}],"version-history":[{"count":4,"href":"https:\/\/www.rr.senac.br\/portalsenac\/wp-json\/wp\/v2\/posts\/7341\/revisions"}],"predecessor-version":[{"id":7345,"href":"https:\/\/www.rr.senac.br\/portalsenac\/wp-json\/wp\/v2\/posts\/7341\/revisions\/7345"}],"wp:featuredmedia":[{"embeddable":true,"href":"https:\/\/www.rr.senac.br\/portalsenac\/wp-json\/wp\/v2\/media\/7348"}],"wp:attachment":[{"href":"https:\/\/www.rr.senac.br\/portalsenac\/wp-json\/wp\/v2\/media?parent=7341"}],"wp:term":[{"taxonomy":"category","embeddable":true,"href":"https:\/\/www.rr.senac.br\/portalsenac\/wp-json\/wp\/v2\/categories?post=7341"},{"taxonomy":"post_tag","embeddable":true,"href":"https:\/\/www.rr.senac.br\/portalsenac\/wp-json\/wp\/v2\/tags?post=7341"}],"curies":[{"name":"wp","href":"https:\/\/api.w.org\/{rel}","templated":true}]}}