{"id":7350,"date":"2024-05-03T09:00:58","date_gmt":"2024-05-03T13:00:58","guid":{"rendered":"https:\/\/www.rr.senac.br\/portalsenac\/?p=7350"},"modified":"2024-05-03T09:00:58","modified_gmt":"2024-05-03T13:00:58","slug":"senac-rr-lanca-edital-com-263-vagas-em-cursos-gratuitos","status":"publish","type":"post","link":"https:\/\/www.rr.senac.br\/portalsenac\/senac-rr-lanca-edital-com-263-vagas-em-cursos-gratuitos\/","title":{"rendered":"Senac-RR lan\u00e7a edital com 263 vagas em cursos gratuitos"},"content":{"rendered":"\n<h5 class=\"wp-block-heading\"><em>Aulas acontecem em Boa Vista<\/em><\/h5>\n\n\n\n<figure class=\"wp-block-image size-large\"><img data-recalc-dims=\"1\" fetchpriority=\"high\" decoding=\"async\" width=\"750\" height=\"500\" src=\"https:\/\/i0.wp.com\/www.rr.senac.br\/portalsenac\/wp-content\/uploads\/2024\/04\/WhatsApp-Image-2024-04-08-at-15.29.18.jpeg?resize=750%2C500&#038;ssl=1\" alt=\"\" class=\"wp-image-7201\" srcset=\"https:\/\/i0.wp.com\/www.rr.senac.br\/portalsenac\/wp-content\/uploads\/2024\/04\/WhatsApp-Image-2024-04-08-at-15.29.18.jpeg?resize=1024%2C682&amp;ssl=1 1024w, https:\/\/i0.wp.com\/www.rr.senac.br\/portalsenac\/wp-content\/uploads\/2024\/04\/WhatsApp-Image-2024-04-08-at-15.29.18.jpeg?resize=300%2C200&amp;ssl=1 300w, https:\/\/i0.wp.com\/www.rr.senac.br\/portalsenac\/wp-content\/uploads\/2024\/04\/WhatsApp-Image-2024-04-08-at-15.29.18.jpeg?resize=768%2C512&amp;ssl=1 768w, https:\/\/i0.wp.com\/www.rr.senac.br\/portalsenac\/wp-content\/uploads\/2024\/04\/WhatsApp-Image-2024-04-08-at-15.29.18.jpeg?resize=1536%2C1023&amp;ssl=1 1536w, https:\/\/i0.wp.com\/www.rr.senac.br\/portalsenac\/wp-content\/uploads\/2024\/04\/WhatsApp-Image-2024-04-08-at-15.29.18.jpeg?resize=1568%2C1045&amp;ssl=1 1568w, https:\/\/i0.wp.com\/www.rr.senac.br\/portalsenac\/wp-content\/uploads\/2024\/04\/WhatsApp-Image-2024-04-08-at-15.29.18.jpeg?w=1600&amp;ssl=1 1600w\" sizes=\"(max-width: 750px) 100vw, 750px\" \/><\/figure>\n\n\n\n<div style=\"height:7px\" aria-hidden=\"true\" class=\"wp-block-spacer\"><\/div>\n\n\n\n<p>O Servi\u00e7o Nacional de Aprendizagem Comercial (Senac-RR), lan\u00e7ou na manh\u00e3 desta sexta-feira (3), o nono edital do Programa Senac de Gratuidade (PSG), que destina vagas gratuitas em cursos de capacita\u00e7\u00e3o profissional \u00e0s pessoas de baixa renda. As inscri\u00e7\u00f5es iniciam na pr\u00f3xima segunda-feira (6), <a href=\"https:\/\/app.rr.senac.br\/psg\/#\/consulta-de-vagas\">no site da institui\u00e7\u00e3o<\/a>.<\/p>\n\n\n\n<div style=\"height:2px\" aria-hidden=\"true\" class=\"wp-block-spacer\"><\/div>\n\n\n\n<p>O edital contempla cursos dos segmentos de gest\u00e3o, com\u00e9rcio, sa\u00fade, gastronomia, comunica\u00e7\u00e3o e tecnologia da informa\u00e7\u00e3o, com mais de 260 vagas dispon\u00edveis \u00e0 popula\u00e7\u00e3o de Boa Vista. Para participar os candidatos devem atentar-se aos prazos de inscri\u00e7\u00e3o, e \u00e0s etapas de inscri\u00e7\u00e3o e entrega de documentos.<\/p>\n\n\n\n<div style=\"height:2px\" aria-hidden=\"true\" class=\"wp-block-spacer\"><\/div>\n\n\n\n<p>\u201cEsta \u00e9 uma \u00f3tima oportunidade para quem quer aprimorar seu curr\u00edculo e ingressar no mercado de trabalho\u201d, refor\u00e7a o gerente de educa\u00e7\u00e3o profissional do Senac-RR, C\u00e9lio Melo. O Senac-RR oferta cursos para as unidades dos bairros S\u00e3o Francisco e Asa Branca. <a href=\"https:\/\/app.rr.senac.br\/psg\/#\/consulta-de-vagas\">Mais informa\u00e7\u00f5es devem ser consultadas diretamente no edital<\/a>, ou via WhatsApp: 98420-9992.<\/p>\n\n\n\n<div style=\"height:2px\" aria-hidden=\"true\" class=\"wp-block-spacer\"><\/div>\n\n\n\n<p>Confira os cursos dispon\u00edveis:<\/p>\n\n\n\n<div style=\"height:2px\" aria-hidden=\"true\" class=\"wp-block-spacer\"><\/div>\n\n\n\n<p>Salgadeiro<\/p>\n\n\n\n<p>Recreador<\/p>\n\n\n\n<p>Auxiliar em sa\u00fade bucal<\/p>\n\n\n\n<p>C\u00e1lculos e seguran\u00e7a na administra\u00e7\u00e3o de medicamentos<\/p>\n\n\n\n<p>Atendimento pr\u00e9-hospitalar e de primeiros socorros<\/p>\n\n\n\n<p>Operador de editora\u00e7\u00e3o eletr\u00f4nica<\/p>\n\n\n\n<p>Photoshop<\/p>\n\n\n\n<p>Assistente de Recursos humanos<\/p>\n\n\n\n<p>Operador de caixa<\/p>\n\n\n\n<p>Rotinas de departamento pessoal e c\u00e1lculos trabalhistas<\/p>\n\n\n\n<p>Contabilidade para n\u00e3o contadores<\/p>\n\n\n\n<p>Assistente de cr\u00e9dito e cobran\u00e7a<\/p>\n\n\n\n<p>Excel\u00eancia no atendimento ao cliente<\/p>\n\n\n\n<div style=\"height:2px\" aria-hidden=\"true\" class=\"wp-block-spacer\"><\/div>\n\n\n\n<p>Giovanna Lima \u2013 analista t\u00e9cnica<\/p>\n\n\n\n<p>Comunica\u00e7\u00e3o Senac-RR<\/p>\n","protected":false},"excerpt":{"rendered":"<p>Aulas acontecem em Boa Vista O Servi\u00e7o Nacional de Aprendizagem Comercial (Senac-RR), lan\u00e7ou na manh\u00e3 desta sexta-feira (3), o nono edital do Programa Senac de Gratuidade (PSG), que destina vagas gratuitas em cursos de capacita\u00e7\u00e3o profissional \u00e0s pessoas de baixa renda. As inscri\u00e7\u00f5es iniciam na&hellip; <a class=\"more-link\" href=\"https:\/\/www.rr.senac.br\/portalsenac\/senac-rr-lanca-edital-com-263-vagas-em-cursos-gratuitos\/\">Continuar lendo <span class=\"screen-reader-text\">Senac-RR lan\u00e7a edital com 263 vagas em cursos gratuitos<\/span><\/a><\/p>\n","protected":false},"author":2,"featured_media":7201,"comment_status":"closed","ping_status":"","sticky":false,"template":"","format":"standard","meta":{"_jetpack_memberships_contains_paid_content":false,"_joinchat":[],"footnotes":""},"categories":[12],"tags":[],"class_list":["post-7350","post","type-post","status-publish","format-standard","has-post-thumbnail","hentry","category-ultimas-noticias","entry"],"jetpack_featured_media_url":"https:\/\/i0.wp.com\/www.rr.senac.br\/portalsenac\/wp-content\/uploads\/2024\/04\/WhatsApp-Image-2024-04-08-at-15.29.18.jpeg?fit=1600%2C1066&ssl=1","jetpack_sharing_enabled":true,"_links":{"self":[{"href":"https:\/\/www.rr.senac.br\/portalsenac\/wp-json\/wp\/v2\/posts\/7350","targetHints":{"allow":["GET"]}}],"collection":[{"href":"https:\/\/www.rr.senac.br\/portalsenac\/wp-json\/wp\/v2\/posts"}],"about":[{"href":"https:\/\/www.rr.senac.br\/portalsenac\/wp-json\/wp\/v2\/types\/post"}],"author":[{"embeddable":true,"href":"https:\/\/www.rr.senac.br\/portalsenac\/wp-json\/wp\/v2\/users\/2"}],"replies":[{"embeddable":true,"href":"https:\/\/www.rr.senac.br\/portalsenac\/wp-json\/wp\/v2\/comments?post=7350"}],"version-history":[{"count":1,"href":"https:\/\/www.rr.senac.br\/portalsenac\/wp-json\/wp\/v2\/posts\/7350\/revisions"}],"predecessor-version":[{"id":7351,"href":"https:\/\/www.rr.senac.br\/portalsenac\/wp-json\/wp\/v2\/posts\/7350\/revisions\/7351"}],"wp:featuredmedia":[{"embeddable":true,"href":"https:\/\/www.rr.senac.br\/portalsenac\/wp-json\/wp\/v2\/media\/7201"}],"wp:attachment":[{"href":"https:\/\/www.rr.senac.br\/portalsenac\/wp-json\/wp\/v2\/media?parent=7350"}],"wp:term":[{"taxonomy":"category","embeddable":true,"href":"https:\/\/www.rr.senac.br\/portalsenac\/wp-json\/wp\/v2\/categories?post=7350"},{"taxonomy":"post_tag","embeddable":true,"href":"https:\/\/www.rr.senac.br\/portalsenac\/wp-json\/wp\/v2\/tags?post=7350"}],"curies":[{"name":"wp","href":"https:\/\/api.w.org\/{rel}","templated":true}]}}