{"id":7372,"date":"2024-06-06T08:57:15","date_gmt":"2024-06-06T12:57:15","guid":{"rendered":"https:\/\/www.rr.senac.br\/portalsenac\/?p=7372"},"modified":"2024-06-06T08:57:15","modified_gmt":"2024-06-06T12:57:15","slug":"senac-nacional-se-junta-a-cvc-em-programa-de-empregabilidade-em-turismo","status":"publish","type":"post","link":"https:\/\/www.rr.senac.br\/portalsenac\/senac-nacional-se-junta-a-cvc-em-programa-de-empregabilidade-em-turismo\/","title":{"rendered":"Senac Nacional se junta \u00e0 CVC em programa de empregabilidade em turismo"},"content":{"rendered":"\n<div style=\"height:6px\" aria-hidden=\"true\" class=\"wp-block-spacer\"><\/div>\n\n\n\n<figure class=\"wp-block-image size-full\"><img data-recalc-dims=\"1\" fetchpriority=\"high\" decoding=\"async\" width=\"750\" height=\"412\" src=\"https:\/\/i0.wp.com\/www.rr.senac.br\/portalsenac\/wp-content\/uploads\/2024\/06\/Captura-de-tela-2024-06-06-085251.png?resize=750%2C412&#038;ssl=1\" alt=\"\" class=\"wp-image-7373\" srcset=\"https:\/\/i0.wp.com\/www.rr.senac.br\/portalsenac\/wp-content\/uploads\/2024\/06\/Captura-de-tela-2024-06-06-085251.png?w=825&amp;ssl=1 825w, https:\/\/i0.wp.com\/www.rr.senac.br\/portalsenac\/wp-content\/uploads\/2024\/06\/Captura-de-tela-2024-06-06-085251.png?resize=300%2C165&amp;ssl=1 300w, https:\/\/i0.wp.com\/www.rr.senac.br\/portalsenac\/wp-content\/uploads\/2024\/06\/Captura-de-tela-2024-06-06-085251.png?resize=768%2C422&amp;ssl=1 768w\" sizes=\"(max-width: 750px) 100vw, 750px\" \/><\/figure>\n\n\n\n<div style=\"height:6px\" aria-hidden=\"true\" class=\"wp-block-spacer\"><\/div>\n\n\n\n<p>O Departamento Nacional do Senac e a CVC, maior operadora de turismo do Brasil, est\u00e3o iniciando uma parceria que vai conectar os alunos da Institui\u00e7\u00e3o ao mercado de trabalho. Essa uni\u00e3o faz parte do programa Passaporte Franquia CVC, que oferece um banco de vagas gratuito com oportunidades de emprego aos talentos com mais de 18 anos que buscam atuar no turismo, uma \u00e1rea em plena expans\u00e3o.\u00a0<\/p>\n\n\n\n<div style=\"height:2px\" aria-hidden=\"true\" class=\"wp-block-spacer\"><\/div>\n\n\n\n<p>Com esse banco de talentos qualificado, alunos do Senac em todo o Brasil v\u00e3o poder se candidatar a vagas nas mais de 1.200 lojas da CVC, por meio de um processo de candidatura simplificado, o que tamb\u00e9m facilita a busca dos franqueados da operadora por novos colaboradores. As oportunidades oferecem sal\u00e1rio fixo e comiss\u00f5es, al\u00e9m de benef\u00edcios adicionais para o desenvolvimento profissional no segmento.\u00a0<\/p>\n\n\n\n<div style=\"height:2px\" aria-hidden=\"true\" class=\"wp-block-spacer\"><\/div>\n\n\n\n<p>Para o presidente do Sistema CNC-Sesc-Senac, Jos\u00e9 Roberto Tadros, a parceria \u00e9 um marco no apoio ao desenvolvimento do turismo. &#8220;\u00c9 um setor que cresceu significativamente no Brasil nos \u00faltimos anos e teve um aumento de 7,8% em faturamento em 2023. Estamos muito satisfeitos em unir for\u00e7as com a CVC nesse programa, que fortalece a nossa miss\u00e3o de formar profissionais altamente qualificados e amplia as perspectivas de carreira dos nossos alunos, contribuindo para o seu crescimento e desenvolvimento\u201d.<\/p>\n\n\n\n<div style=\"height:2px\" aria-hidden=\"true\" class=\"wp-block-spacer\"><\/div>\n\n\n\n<p>De acordo com a Fecom\u00e9rcio SP, o turismo no Brasil em 2023 teve um faturamento de R$ 189,4 bilh\u00f5es. S\u00f3 o m\u00eas de dezembro significou um incremento de R$ 18,1 bilh\u00f5es nesse montante, o melhor resultado para um \u00fanico m\u00eas desde o in\u00edcio da pandemia, em 2020.<\/p>\n\n\n\n<div style=\"height:2px\" aria-hidden=\"true\" class=\"wp-block-spacer\"><\/div>\n\n\n\n<p>Em 2023, o Senac capacitou mais de 5 mil alunos em 76 t\u00edtulos diferentes no segmento de turismo. Entre os t\u00edtulos com maior oferta, destacam-se os cursos que preparam para uma ocupa\u00e7\u00e3o, como Agente de Viagens, T\u00e9cnico em Guia de Turismo e Agente de Informa\u00e7\u00f5es Tur\u00edsticas, e os cursos de livre oferta com o objetivo de ampliar as habilidades profissionais, como Qualidade no Atendimento ao Turista, Bem Receber o Turista e Programas de Planejamento e Organiza\u00e7\u00e3o da Atividade Tur\u00edstica.<\/p>\n\n\n\n<div style=\"height:2px\" aria-hidden=\"true\" class=\"wp-block-spacer\"><\/div>\n\n\n\n<p>A taxa de inser\u00e7\u00e3o dos egressos em cursos do Senac no segmento de turismo \u00e9 de 74,7%. Isso significa dizer que, de cada dez alunos que n\u00e3o estavam trabalhando ao iniciar o curso, mais de sete foram inseridos no setor produtivo.<\/p>\n\n\n\n<div style=\"height:2px\" aria-hidden=\"true\" class=\"wp-block-spacer\"><\/div>\n\n\n\n<p>A partir de junho, a parceria entre as empresas ser\u00e1 lan\u00e7ada e as informa\u00e7\u00f5es poder\u00e3o ser encontradas no endere\u00e7o\u00a0<a href=\"https:\/\/www.senac.br\/parceriacvc\" target=\"_blank\" rel=\"noreferrer noopener\">www.senac.br\/parceriacvc<\/a><\/p>\n\n\n\n<div style=\"height:2px\" aria-hidden=\"true\" class=\"wp-block-spacer\"><\/div>\n\n\n\n<p><em>Senac Brasil<\/em><\/p>\n","protected":false},"excerpt":{"rendered":"<p>O Departamento Nacional do Senac e a CVC, maior operadora de turismo do Brasil, est\u00e3o iniciando uma parceria que vai conectar os alunos da Institui\u00e7\u00e3o ao mercado de trabalho. Essa uni\u00e3o faz parte do programa Passaporte Franquia CVC, que oferece um banco de vagas gratuito&hellip; <a class=\"more-link\" href=\"https:\/\/www.rr.senac.br\/portalsenac\/senac-nacional-se-junta-a-cvc-em-programa-de-empregabilidade-em-turismo\/\">Continuar lendo <span class=\"screen-reader-text\">Senac Nacional se junta \u00e0 CVC em programa de empregabilidade em turismo<\/span><\/a><\/p>\n","protected":false},"author":2,"featured_media":7373,"comment_status":"closed","ping_status":"","sticky":false,"template":"","format":"standard","meta":{"_jetpack_memberships_contains_paid_content":false,"_joinchat":[],"footnotes":""},"categories":[12],"tags":[],"class_list":["post-7372","post","type-post","status-publish","format-standard","has-post-thumbnail","hentry","category-ultimas-noticias","entry"],"jetpack_featured_media_url":"https:\/\/i0.wp.com\/www.rr.senac.br\/portalsenac\/wp-content\/uploads\/2024\/06\/Captura-de-tela-2024-06-06-085251.png?fit=825%2C453&ssl=1","jetpack_sharing_enabled":true,"_links":{"self":[{"href":"https:\/\/www.rr.senac.br\/portalsenac\/wp-json\/wp\/v2\/posts\/7372","targetHints":{"allow":["GET"]}}],"collection":[{"href":"https:\/\/www.rr.senac.br\/portalsenac\/wp-json\/wp\/v2\/posts"}],"about":[{"href":"https:\/\/www.rr.senac.br\/portalsenac\/wp-json\/wp\/v2\/types\/post"}],"author":[{"embeddable":true,"href":"https:\/\/www.rr.senac.br\/portalsenac\/wp-json\/wp\/v2\/users\/2"}],"replies":[{"embeddable":true,"href":"https:\/\/www.rr.senac.br\/portalsenac\/wp-json\/wp\/v2\/comments?post=7372"}],"version-history":[{"count":1,"href":"https:\/\/www.rr.senac.br\/portalsenac\/wp-json\/wp\/v2\/posts\/7372\/revisions"}],"predecessor-version":[{"id":7374,"href":"https:\/\/www.rr.senac.br\/portalsenac\/wp-json\/wp\/v2\/posts\/7372\/revisions\/7374"}],"wp:featuredmedia":[{"embeddable":true,"href":"https:\/\/www.rr.senac.br\/portalsenac\/wp-json\/wp\/v2\/media\/7373"}],"wp:attachment":[{"href":"https:\/\/www.rr.senac.br\/portalsenac\/wp-json\/wp\/v2\/media?parent=7372"}],"wp:term":[{"taxonomy":"category","embeddable":true,"href":"https:\/\/www.rr.senac.br\/portalsenac\/wp-json\/wp\/v2\/categories?post=7372"},{"taxonomy":"post_tag","embeddable":true,"href":"https:\/\/www.rr.senac.br\/portalsenac\/wp-json\/wp\/v2\/tags?post=7372"}],"curies":[{"name":"wp","href":"https:\/\/api.w.org\/{rel}","templated":true}]}}