{"id":7444,"date":"2024-07-01T16:37:09","date_gmt":"2024-07-01T20:37:09","guid":{"rendered":"https:\/\/www.rr.senac.br\/portalsenac\/?p=7444"},"modified":"2024-07-01T16:39:10","modified_gmt":"2024-07-01T20:39:10","slug":"senac-lanca-curso-de-ferias-focado-em-cultura-e-idiomas","status":"publish","type":"post","link":"https:\/\/www.rr.senac.br\/portalsenac\/senac-lanca-curso-de-ferias-focado-em-cultura-e-idiomas\/","title":{"rendered":"Senac lan\u00e7a curso de f\u00e9rias focado em cultura e idiomas"},"content":{"rendered":"\n<p><em>Turmas s\u00e3o destinadas aos alunos das turmas teens<\/em><\/p>\n\n\n\n<figure class=\"wp-block-image size-large\"><img data-recalc-dims=\"1\" fetchpriority=\"high\" decoding=\"async\" width=\"750\" height=\"500\" src=\"https:\/\/i0.wp.com\/www.rr.senac.br\/portalsenac\/wp-content\/uploads\/2024\/07\/3O5A9047-1.jpg?resize=750%2C500&#038;ssl=1\" alt=\"\" class=\"wp-image-7445\" srcset=\"https:\/\/i0.wp.com\/www.rr.senac.br\/portalsenac\/wp-content\/uploads\/2024\/07\/3O5A9047-1-scaled.jpg?resize=1024%2C683&amp;ssl=1 1024w, https:\/\/i0.wp.com\/www.rr.senac.br\/portalsenac\/wp-content\/uploads\/2024\/07\/3O5A9047-1-scaled.jpg?resize=300%2C200&amp;ssl=1 300w, https:\/\/i0.wp.com\/www.rr.senac.br\/portalsenac\/wp-content\/uploads\/2024\/07\/3O5A9047-1-scaled.jpg?resize=768%2C512&amp;ssl=1 768w, https:\/\/i0.wp.com\/www.rr.senac.br\/portalsenac\/wp-content\/uploads\/2024\/07\/3O5A9047-1-scaled.jpg?resize=1536%2C1024&amp;ssl=1 1536w, https:\/\/i0.wp.com\/www.rr.senac.br\/portalsenac\/wp-content\/uploads\/2024\/07\/3O5A9047-1-scaled.jpg?resize=2048%2C1365&amp;ssl=1 2048w, https:\/\/i0.wp.com\/www.rr.senac.br\/portalsenac\/wp-content\/uploads\/2024\/07\/3O5A9047-1-scaled.jpg?resize=1568%2C1045&amp;ssl=1 1568w, https:\/\/i0.wp.com\/www.rr.senac.br\/portalsenac\/wp-content\/uploads\/2024\/07\/3O5A9047-1-scaled.jpg?w=2250&amp;ssl=1 2250w\" sizes=\"(max-width: 750px) 100vw, 750px\" \/><\/figure>\n\n\n\n<div style=\"height:11px\" aria-hidden=\"true\" class=\"wp-block-spacer\"><\/div>\n\n\n\n<p>O Servi\u00e7o Nacional de Aprendizagem Comercial (Senac-RR), promove este m\u00eas o primeiro curso de f\u00e9rias do Centro de Idiomas. As turmas s\u00e3o direcionadas aos adolescentes de 10 a 14 anos que j\u00e1 s\u00e3o alunos da institui\u00e7\u00e3o, e contar\u00e3o com oferta de atividades extras envolvendo cultura, teatro, culin\u00e1ria e muito mais!<\/p>\n\n\n\n<div style=\"height:1px\" aria-hidden=\"true\" class=\"wp-block-spacer\"><\/div>\n\n\n\n<p>Conforme o coordenador do Centro de Idiomas, Vitor Milhomem, o objetivo do curso \u00e9 criar um ambiente divertido, l\u00fadico e inspirador onde os alunos possam aprender ingl\u00eas enquanto exploram a criatividade, por meio de atividades pr\u00e1ticas e art\u00edsticas, como escrita, teatro, fotografia, pintura e culin\u00e1ria. \u201cNossos alunos se sentem confiantes e animados para usar o ingl\u00eas no dia a dia e em diferentes contextos\u201d, explicou.<\/p>\n\n\n\n<div style=\"height:1px\" aria-hidden=\"true\" class=\"wp-block-spacer\"><\/div>\n\n\n\n<p>Ao longo do curso, os alunos aprender\u00e3o a melhorar as habilidades de comunica\u00e7\u00e3o em ingl\u00eas de maneira natural e imersiva, aprender novas t\u00e9cnicas em produ\u00e7\u00e3o textual, com escrita criativa, dramatiza\u00e7\u00e3o, fotografia, pintura e gastronomia, assim, gerando confian\u00e7a para usar o ingl\u00eas em diferentes situa\u00e7\u00f5es, tanto na escola quanto na vida pessoal.<\/p>\n\n\n\n<div style=\"height:1px\" aria-hidden=\"true\" class=\"wp-block-spacer\"><\/div>\n\n\n\n<p>O coordenador explica que aprender ingl\u00eas por meio de atividades art\u00edsticas e culturais torna o aprendizado muito mais divertido e relevante. \u201cOs alunos ficam mais engajados e motivados porque est\u00e3o fazendo algo que realmente gostam. Al\u00e9m disso, a pr\u00e1tica em diferentes contextos ajuda a fixar o vocabul\u00e1rio e as express\u00f5es de maneira mais eficaz. E o melhor de tudo: enquanto aprendem ingl\u00eas, tamb\u00e9m desenvolvem outras habilidades importantes, como criatividade, pensamento cr\u00edtico e trabalho em equipe\u201d, concluiu.<\/p>\n\n\n\n<div style=\"height:1px\" aria-hidden=\"true\" class=\"wp-block-spacer\"><\/div>\n\n\n\n<p>O curso se estende at\u00e9 o m\u00eas de agosto, e os alunos desenvolver\u00e3o diferentes projetos ao longo da jornada de capacita\u00e7\u00e3o educacional, contando com profissionais qualificados, materiais atualizados, e diversos servi\u00e7os ofertados pela institui\u00e7\u00e3o.<\/p>\n\n\n\n<div style=\"height:1px\" aria-hidden=\"true\" class=\"wp-block-spacer\"><\/div>\n\n\n\n<p>O per\u00edodo de rematr\u00edculas para os alunos de turmas adultas a partir dos 15 anos, inicia nesta segunda-feira (1), essa destinada aos alunos que j\u00e1 fazem parte da institui\u00e7\u00e3o. J\u00e1 as matr\u00edculas para adultos que ainda n\u00e3o estudam na institui\u00e7\u00e3o acontecem no m\u00eas de julho, a partir do dia 15, de forma presencial e on-line, conforme cronograma divulgado nas redes sociais da institui\u00e7\u00e3o.<\/p>\n\n\n\n<div style=\"height:1px\" aria-hidden=\"true\" class=\"wp-block-spacer\"><\/div>\n\n\n\n<p>Giovanna Lima \u2013 analista t\u00e9cnica<\/p>\n\n\n\n<p>Comunica\u00e7\u00e3o Senac RR<\/p>\n","protected":false},"excerpt":{"rendered":"<p>Turmas s\u00e3o destinadas aos alunos das turmas teens O Servi\u00e7o Nacional de Aprendizagem Comercial (Senac-RR), promove este m\u00eas o primeiro curso de f\u00e9rias do Centro de Idiomas. As turmas s\u00e3o direcionadas aos adolescentes de 10 a 14 anos que j\u00e1 s\u00e3o alunos da institui\u00e7\u00e3o, e&hellip; <a class=\"more-link\" href=\"https:\/\/www.rr.senac.br\/portalsenac\/senac-lanca-curso-de-ferias-focado-em-cultura-e-idiomas\/\">Continuar lendo <span class=\"screen-reader-text\">Senac lan\u00e7a curso de f\u00e9rias focado em cultura e idiomas<\/span><\/a><\/p>\n","protected":false},"author":2,"featured_media":7445,"comment_status":"closed","ping_status":"closed","sticky":false,"template":"","format":"standard","meta":{"_jetpack_memberships_contains_paid_content":false,"_joinchat":[],"footnotes":""},"categories":[12],"tags":[],"class_list":["post-7444","post","type-post","status-publish","format-standard","has-post-thumbnail","hentry","category-ultimas-noticias","entry"],"jetpack_featured_media_url":"https:\/\/i0.wp.com\/www.rr.senac.br\/portalsenac\/wp-content\/uploads\/2024\/07\/3O5A9047-1-scaled.jpg?fit=2560%2C1707&ssl=1","jetpack_sharing_enabled":true,"_links":{"self":[{"href":"https:\/\/www.rr.senac.br\/portalsenac\/wp-json\/wp\/v2\/posts\/7444","targetHints":{"allow":["GET"]}}],"collection":[{"href":"https:\/\/www.rr.senac.br\/portalsenac\/wp-json\/wp\/v2\/posts"}],"about":[{"href":"https:\/\/www.rr.senac.br\/portalsenac\/wp-json\/wp\/v2\/types\/post"}],"author":[{"embeddable":true,"href":"https:\/\/www.rr.senac.br\/portalsenac\/wp-json\/wp\/v2\/users\/2"}],"replies":[{"embeddable":true,"href":"https:\/\/www.rr.senac.br\/portalsenac\/wp-json\/wp\/v2\/comments?post=7444"}],"version-history":[{"count":2,"href":"https:\/\/www.rr.senac.br\/portalsenac\/wp-json\/wp\/v2\/posts\/7444\/revisions"}],"predecessor-version":[{"id":7448,"href":"https:\/\/www.rr.senac.br\/portalsenac\/wp-json\/wp\/v2\/posts\/7444\/revisions\/7448"}],"wp:featuredmedia":[{"embeddable":true,"href":"https:\/\/www.rr.senac.br\/portalsenac\/wp-json\/wp\/v2\/media\/7445"}],"wp:attachment":[{"href":"https:\/\/www.rr.senac.br\/portalsenac\/wp-json\/wp\/v2\/media?parent=7444"}],"wp:term":[{"taxonomy":"category","embeddable":true,"href":"https:\/\/www.rr.senac.br\/portalsenac\/wp-json\/wp\/v2\/categories?post=7444"},{"taxonomy":"post_tag","embeddable":true,"href":"https:\/\/www.rr.senac.br\/portalsenac\/wp-json\/wp\/v2\/tags?post=7444"}],"curies":[{"name":"wp","href":"https:\/\/api.w.org\/{rel}","templated":true}]}}