{"id":7449,"date":"2024-07-04T09:49:59","date_gmt":"2024-07-04T13:49:59","guid":{"rendered":"https:\/\/www.rr.senac.br\/portalsenac\/?p=7449"},"modified":"2024-07-04T09:49:59","modified_gmt":"2024-07-04T13:49:59","slug":"senac-anuncia-programacao-de-arraial-com-jovens-aprendizes","status":"publish","type":"post","link":"https:\/\/www.rr.senac.br\/portalsenac\/senac-anuncia-programacao-de-arraial-com-jovens-aprendizes\/","title":{"rendered":"Senac anuncia programa\u00e7\u00e3o de arraial com jovens aprendizes"},"content":{"rendered":"\n<h5 class=\"wp-block-heading\"><em>Esta \u00e9 a 11\u00aa edi\u00e7\u00e3o do evento<\/em><\/h5>\n\n\n<div class=\"wp-block-image\">\n<figure class=\"aligncenter size-full\"><img data-recalc-dims=\"1\" fetchpriority=\"high\" decoding=\"async\" width=\"620\" height=\"413\" src=\"https:\/\/i0.wp.com\/www.rr.senac.br\/portalsenac\/wp-content\/uploads\/2024\/07\/Arraial-Senac-1.png?resize=620%2C413&#038;ssl=1\" alt=\"\" class=\"wp-image-7450\" srcset=\"https:\/\/i0.wp.com\/www.rr.senac.br\/portalsenac\/wp-content\/uploads\/2024\/07\/Arraial-Senac-1.png?w=620&amp;ssl=1 620w, https:\/\/i0.wp.com\/www.rr.senac.br\/portalsenac\/wp-content\/uploads\/2024\/07\/Arraial-Senac-1.png?resize=300%2C200&amp;ssl=1 300w\" sizes=\"(max-width: 620px) 100vw, 620px\" \/><figcaption class=\"wp-element-caption\"><em>10\u00aa edi\u00e7\u00e3o, em 2023<\/em><\/figcaption><\/figure>\n<\/div>\n\n\n<div style=\"height:5px\" aria-hidden=\"true\" class=\"wp-block-spacer\"><\/div>\n\n\n\n<p>O Servi\u00e7o Nacional de Aprendizagem Comercial (Senac-RR) anuncia a 11\u00aa edi\u00e7\u00e3o do Arraial da Aprendizagem, com comidas t\u00edpicas, apresenta\u00e7\u00e3o de quadrilhas, pescaria e muito mais! O evento \u00e9 aberto ao p\u00fablico em geral, e acontece no pr\u00f3ximo dia 13 de julho, na unidade do bairro Asa Branca, a partir das 18h.<\/p>\n\n\n\n<div style=\"height:2px\" aria-hidden=\"true\" class=\"wp-block-spacer\"><\/div>\n\n\n\n<p>O projeto \u00e9 desenvolvido pelos alunos do programa de aprendizagem comercial, com apoio dos instrutores e equipe pedag\u00f3gica, e conforme o gerente de educa\u00e7\u00e3o profissional, C\u00e9lio Melo, o objetivo do evento \u00e9 mostrar \u00e0 popula\u00e7\u00e3o em geral as habilidades, atitudes e valores compreendidos por nossos alunos nos cursos de aprendizagem para melhor capacit\u00e1-los ao mercado de trabalho trazendo experi\u00eancias e viv\u00eancias por meio do projeto.<\/p>\n\n\n\n<div style=\"height:2px\" aria-hidden=\"true\" class=\"wp-block-spacer\"><\/div>\n\n\n\n<p>Conforme o gerente, a realiza\u00e7\u00e3o do arraial \u00e9 conectar a teoria e a pr\u00e1tica de aprendizagem. \u201cTrazer a visibilidade para o que os alunos possam aplicar os conhecimentos adquiridos em sala de aula na pr\u00e1tica, desenvolvendo habilidades de empreendedorismo, bem como organiza\u00e7\u00e3o, trabalho em equipe e direcionamento das atividades empresariais\u201d, concluiu.<\/p>\n\n\n\n<div style=\"height:2px\" aria-hidden=\"true\" class=\"wp-block-spacer\"><\/div>\n\n\n\n<p>Dentre a programa\u00e7\u00e3o est\u00e3o: apresenta\u00e7\u00e3o de quadrilhas, venda de comidas t\u00edpicas, pescaria e muito mais. O evento \u00e9 aberto ao p\u00fablico, com entrada gratuita, e acontece na unidade Ministro Bernardo Cabral, localizada na rua Hor\u00e1cio Mardel de Magalh\u00e3es, N\u00ba 400, bairro Asa Branca.<\/p>\n\n\n\n<div style=\"height:2px\" aria-hidden=\"true\" class=\"wp-block-spacer\"><\/div>\n\n\n\n<p>Servi\u00e7o:<\/p>\n\n\n\n<p>O qu\u00ea: arraial das turmas de aprendizagem comercial do Senac RR;<\/p>\n\n\n\n<p>Quando: 13 de julho;<\/p>\n\n\n\n<p>Onde: Rua Hor\u00e1cio Mardel de Magalh\u00e3es, N\u00ba 400, bairro Asa Branca;<\/p>\n\n\n\n<p>Evento totalmente gratuito e aberto ao p\u00fablico em geral.<\/p>\n\n\n\n<figure class=\"wp-block-gallery has-nested-images columns-default is-cropped wp-block-gallery-1 is-layout-flex wp-block-gallery-is-layout-flex\">\n<figure class=\"wp-block-image size-large\"><img data-recalc-dims=\"1\" decoding=\"async\" width=\"620\" height=\"413\" data-id=\"7452\" src=\"https:\/\/i0.wp.com\/www.rr.senac.br\/portalsenac\/wp-content\/uploads\/2024\/07\/Arraial-Senac-2.jpg?resize=620%2C413&#038;ssl=1\" alt=\"\" class=\"wp-image-7452\" srcset=\"https:\/\/i0.wp.com\/www.rr.senac.br\/portalsenac\/wp-content\/uploads\/2024\/07\/Arraial-Senac-2.jpg?w=620&amp;ssl=1 620w, https:\/\/i0.wp.com\/www.rr.senac.br\/portalsenac\/wp-content\/uploads\/2024\/07\/Arraial-Senac-2.jpg?resize=300%2C200&amp;ssl=1 300w\" sizes=\"(max-width: 620px) 100vw, 620px\" \/><\/figure>\n\n\n\n<figure class=\"wp-block-image size-large\"><img data-recalc-dims=\"1\" decoding=\"async\" width=\"620\" height=\"413\" data-id=\"7453\" src=\"https:\/\/i0.wp.com\/www.rr.senac.br\/portalsenac\/wp-content\/uploads\/2024\/07\/Arraial-Senac-2.png?resize=620%2C413&#038;ssl=1\" alt=\"\" class=\"wp-image-7453\" srcset=\"https:\/\/i0.wp.com\/www.rr.senac.br\/portalsenac\/wp-content\/uploads\/2024\/07\/Arraial-Senac-2.png?w=620&amp;ssl=1 620w, https:\/\/i0.wp.com\/www.rr.senac.br\/portalsenac\/wp-content\/uploads\/2024\/07\/Arraial-Senac-2.png?resize=300%2C200&amp;ssl=1 300w\" sizes=\"(max-width: 620px) 100vw, 620px\" \/><\/figure>\n\n\n\n<figure class=\"wp-block-image size-large\"><img data-recalc-dims=\"1\" loading=\"lazy\" decoding=\"async\" width=\"620\" height=\"413\" data-id=\"7451\" src=\"https:\/\/i0.wp.com\/www.rr.senac.br\/portalsenac\/wp-content\/uploads\/2024\/07\/Arraial-Senac-1.jpg?resize=620%2C413&#038;ssl=1\" alt=\"\" class=\"wp-image-7451\" srcset=\"https:\/\/i0.wp.com\/www.rr.senac.br\/portalsenac\/wp-content\/uploads\/2024\/07\/Arraial-Senac-1.jpg?w=620&amp;ssl=1 620w, https:\/\/i0.wp.com\/www.rr.senac.br\/portalsenac\/wp-content\/uploads\/2024\/07\/Arraial-Senac-1.jpg?resize=300%2C200&amp;ssl=1 300w\" sizes=\"(max-width: 620px) 100vw, 620px\" \/><\/figure>\n\n\n<div class=\"wp-block-image\">\n<figure class=\"aligncenter size-large\"><img data-recalc-dims=\"1\" loading=\"lazy\" decoding=\"async\" width=\"620\" height=\"413\" data-id=\"7450\" src=\"https:\/\/i0.wp.com\/www.rr.senac.br\/portalsenac\/wp-content\/uploads\/2024\/07\/Arraial-Senac-1.png?resize=620%2C413&#038;ssl=1\" alt=\"\" class=\"wp-image-7450\" srcset=\"https:\/\/i0.wp.com\/www.rr.senac.br\/portalsenac\/wp-content\/uploads\/2024\/07\/Arraial-Senac-1.png?w=620&amp;ssl=1 620w, https:\/\/i0.wp.com\/www.rr.senac.br\/portalsenac\/wp-content\/uploads\/2024\/07\/Arraial-Senac-1.png?resize=300%2C200&amp;ssl=1 300w\" sizes=\"(max-width: 620px) 100vw, 620px\" \/><figcaption class=\"wp-element-caption\"><em>Edi\u00e7\u00e3o no ano de 2023<\/em><\/figcaption><\/figure>\n<\/div><\/figure>\n\n\n\n<div style=\"height:2px\" aria-hidden=\"true\" class=\"wp-block-spacer\"><\/div>\n\n\n\n<p>Giovanna Lima \u2013 analista t\u00e9cnica<\/p>\n\n\n\n<p>Comunica\u00e7\u00e3o Senac RR<\/p>\n","protected":false},"excerpt":{"rendered":"<p>Esta \u00e9 a 11\u00aa edi\u00e7\u00e3o do evento O Servi\u00e7o Nacional de Aprendizagem Comercial (Senac-RR) anuncia a 11\u00aa edi\u00e7\u00e3o do Arraial da Aprendizagem, com comidas t\u00edpicas, apresenta\u00e7\u00e3o de quadrilhas, pescaria e muito mais! O evento \u00e9 aberto ao p\u00fablico em geral, e acontece no pr\u00f3ximo dia&hellip; <a class=\"more-link\" href=\"https:\/\/www.rr.senac.br\/portalsenac\/senac-anuncia-programacao-de-arraial-com-jovens-aprendizes\/\">Continuar lendo <span class=\"screen-reader-text\">Senac anuncia programa\u00e7\u00e3o de arraial com jovens aprendizes<\/span><\/a><\/p>\n","protected":false},"author":2,"featured_media":7450,"comment_status":"closed","ping_status":"","sticky":false,"template":"","format":"standard","meta":{"_jetpack_memberships_contains_paid_content":false,"_joinchat":[],"footnotes":""},"categories":[12],"tags":[],"class_list":["post-7449","post","type-post","status-publish","format-standard","has-post-thumbnail","hentry","category-ultimas-noticias","entry"],"jetpack_featured_media_url":"https:\/\/i0.wp.com\/www.rr.senac.br\/portalsenac\/wp-content\/uploads\/2024\/07\/Arraial-Senac-1.png?fit=620%2C413&ssl=1","jetpack_sharing_enabled":true,"_links":{"self":[{"href":"https:\/\/www.rr.senac.br\/portalsenac\/wp-json\/wp\/v2\/posts\/7449","targetHints":{"allow":["GET"]}}],"collection":[{"href":"https:\/\/www.rr.senac.br\/portalsenac\/wp-json\/wp\/v2\/posts"}],"about":[{"href":"https:\/\/www.rr.senac.br\/portalsenac\/wp-json\/wp\/v2\/types\/post"}],"author":[{"embeddable":true,"href":"https:\/\/www.rr.senac.br\/portalsenac\/wp-json\/wp\/v2\/users\/2"}],"replies":[{"embeddable":true,"href":"https:\/\/www.rr.senac.br\/portalsenac\/wp-json\/wp\/v2\/comments?post=7449"}],"version-history":[{"count":1,"href":"https:\/\/www.rr.senac.br\/portalsenac\/wp-json\/wp\/v2\/posts\/7449\/revisions"}],"predecessor-version":[{"id":7454,"href":"https:\/\/www.rr.senac.br\/portalsenac\/wp-json\/wp\/v2\/posts\/7449\/revisions\/7454"}],"wp:featuredmedia":[{"embeddable":true,"href":"https:\/\/www.rr.senac.br\/portalsenac\/wp-json\/wp\/v2\/media\/7450"}],"wp:attachment":[{"href":"https:\/\/www.rr.senac.br\/portalsenac\/wp-json\/wp\/v2\/media?parent=7449"}],"wp:term":[{"taxonomy":"category","embeddable":true,"href":"https:\/\/www.rr.senac.br\/portalsenac\/wp-json\/wp\/v2\/categories?post=7449"},{"taxonomy":"post_tag","embeddable":true,"href":"https:\/\/www.rr.senac.br\/portalsenac\/wp-json\/wp\/v2\/tags?post=7449"}],"curies":[{"name":"wp","href":"https:\/\/api.w.org\/{rel}","templated":true}]}}