{"id":7455,"date":"2024-07-05T10:31:39","date_gmt":"2024-07-05T14:31:39","guid":{"rendered":"https:\/\/www.rr.senac.br\/portalsenac\/?p=7455"},"modified":"2024-07-05T10:31:39","modified_gmt":"2024-07-05T14:31:39","slug":"senac-rr-realiza-primeira-cerimonia-do-jaleco","status":"publish","type":"post","link":"https:\/\/www.rr.senac.br\/portalsenac\/senac-rr-realiza-primeira-cerimonia-do-jaleco\/","title":{"rendered":"Senac-RR realiza primeira cerim\u00f4nia do jaleco"},"content":{"rendered":"\n<h5 class=\"wp-block-heading\"><em>Evento reuniu seis turmas de cursos da sa\u00fade<\/em><\/h5>\n\n\n<div class=\"wp-block-image\">\n<figure class=\"aligncenter size-full\"><img data-recalc-dims=\"1\" fetchpriority=\"high\" decoding=\"async\" width=\"680\" height=\"453\" src=\"https:\/\/i0.wp.com\/www.rr.senac.br\/portalsenac\/wp-content\/uploads\/2024\/07\/cerimonia-do-jaleco.jpg?resize=680%2C453&#038;ssl=1\" alt=\"\" class=\"wp-image-7456\" srcset=\"https:\/\/i0.wp.com\/www.rr.senac.br\/portalsenac\/wp-content\/uploads\/2024\/07\/cerimonia-do-jaleco.jpg?w=680&amp;ssl=1 680w, https:\/\/i0.wp.com\/www.rr.senac.br\/portalsenac\/wp-content\/uploads\/2024\/07\/cerimonia-do-jaleco.jpg?resize=300%2C200&amp;ssl=1 300w\" sizes=\"(max-width: 680px) 100vw, 680px\" \/><\/figure>\n<\/div>\n\n\n<div style=\"height:7px\" aria-hidden=\"true\" class=\"wp-block-spacer\"><\/div>\n\n\n\n<p>O Servi\u00e7o Nacional de Aprendizagem Comercial (Senac-RR) promoveu nos \u00faltimos dias 27 e 28 de junho, e 2 de julho a primeira cerim\u00f4nia do jaleco da institui\u00e7\u00e3o. O evento contou com a participa\u00e7\u00e3o de seis turmas de cursos da \u00e1rea da sa\u00fade, e marcou a transi\u00e7\u00e3o da teoria para a parte pr\u00e1tica do aprendizado.<\/p>\n\n\n\n<div style=\"height:3px\" aria-hidden=\"true\" class=\"wp-block-spacer\"><\/div>\n\n\n\n<p>Esta foi a primeira vez que a institui\u00e7\u00e3o promoveu este evento, com intuito de marcar a trajet\u00f3ria profissional dos alunos de cursos da \u00e1rea da sa\u00fade. Participaram da cerim\u00f4nia os cursos: t\u00e9cnico em enfermagem, em est\u00e9tica, sa\u00fade bucal, nutri\u00e7\u00e3o e diet\u00e9tica, an\u00e1lises cl\u00ednicas e auxiliar em sa\u00fade bucal. Cerca de 80 alunos receberam das m\u00e3os dos padrinhos e madrinhas convidados o jaleco, vestimenta profissional da \u00e1rea, com intuito de marcar a passagem das aulas te\u00f3ricas para a pr\u00e1tica.<\/p>\n\n\n\n<div style=\"height:3px\" aria-hidden=\"true\" class=\"wp-block-spacer\"><\/div>\n\n\n\n<p>A diretora regional do Senac-RR, Fernanda Paula Barbosa, explicou que este \u00e9 o momento em que os alunos iram colocar em pr\u00e1tica tudo o que aprenderam em sala de aula. \u201cO jaleco n\u00e3o \u00e9 apenas uma vestimenta, ele representa a responsabilidade, a \u00e9tica, o respeito, e principalmente o amor, em se dedicar ao pr\u00f3ximo, em entender que quando o profissional da sa\u00fade \u00e9 procurado por um paciente, ele vem em uma condi\u00e7\u00e3o de doen\u00e7a, fr\u00e1gil, e em busca de um profissional que possa acolher, entender e respeit\u00e1-lo como ser humano, e trazer ao paciente toda essa dedica\u00e7\u00e3o e acolhimento exige amor. Enquanto diretora do Senac, sinto-me honrada em fazer parte desse momento t\u00e3o importante, saber que de alguma forma estamos fazendo parte da hist\u00f3ria das pessoas \u00e9 gratificante, n\u00e3o fazemos parte apenas da hist\u00f3ria de nossos alunos, n\u00f3s estaremos presentes tamb\u00e9m na vida das pessoas atendidas por esses alunos\u201d, concluiu.<\/p>\n\n\n\n<div style=\"height:3px\" aria-hidden=\"true\" class=\"wp-block-spacer\"><\/div>\n\n\n\n<p>As instrutoras Sabrina Torres e J\u00e9ssica Nina, das \u00e1reas de enfermagem e est\u00e9tica, respectivamente, contaram suas experi\u00eancias com a cerim\u00f4nia. \u201cFoi um momento de concretiza\u00e7\u00e3o de um sonho, pois, o curso t\u00e9cnico em enfermagem est\u00e1 sendo ofertado<\/p>\n\n\n\n<div style=\"height:3px\" aria-hidden=\"true\" class=\"wp-block-spacer\"><\/div>\n\n\n\n<p>ap\u00f3s um per\u00edodo consider\u00e1vel, agora reestruturamos todo o nosso servi\u00e7o para promover um curso t\u00e9cnico que agregue valor social. Ver esse curso ter a cerim\u00f3nia foi um momento enriquecedor e a concretiza\u00e7\u00e3o, sem d\u00favida, de um sonho. Estou muito orgulhosa dos alunos\u201d, declarou Sabrina.<\/p>\n\n\n\n<div style=\"height:3px\" aria-hidden=\"true\" class=\"wp-block-spacer\"><\/div>\n\n\n\n<p>J\u00e9ssica Nina ressalta a import\u00e2ncia do profissional da est\u00e9tica na sociedade. \u201cTemos um sentimento de gratid\u00e3o, foi um misto de emo\u00e7\u00f5es. Al\u00e9m de ser a primeira turma, essas profissionais est\u00e3o sendo inseridas no mercado de trabalho com muita compet\u00eancia e dedica\u00e7\u00e3o, a est\u00e9tica n\u00e3o \u00e9 apenas beleza, envolve quest\u00f5es de sa\u00fade e autoestima, valeu muito a pena. As alunas se sentiram gratas, emocionadas e felizes ao receber o jaleco. Foi um momento especial\u201d, finalizou. \u00a0<\/p>\n\n\n\n<div style=\"height:3px\" aria-hidden=\"true\" class=\"wp-block-spacer\"><\/div>\n\n\n\n<p>O evento contou com a participa\u00e7\u00e3o do curso t\u00e9cnico em eventos, que auxiliou na organiza\u00e7\u00e3o e tomou \u00e0 frente o cerimonial, recep\u00e7\u00e3o e condu\u00e7\u00e3o do evento. A instrutora, Carolina Albuquerque contou que as atividades desenvolvidas est\u00e3o inseridas no plano de curso, e os alunos estavam passando por avalia\u00e7\u00e3o ao longo do evento.<\/p>\n\n\n\n<div style=\"height:3px\" aria-hidden=\"true\" class=\"wp-block-spacer\"><\/div>\n\n\n\n<p>\u201c\u00c9 a possibilidade de colocar em pr\u00e1tica tudo o que eles veem, e principalmente em a\u00e7\u00f5es que s\u00e3o do Senac, a\u00e7\u00f5es que est\u00e3o impactando a vida de alunos de outras turmas e os nossos alunos do t\u00e9cnico em eventos, tamb\u00e9m fazendo parte desse e desse processo de forma atuante. Fico muito feliz por eles terem esta oportunidade de colocar em pr\u00e1tica, e ao mesmo tempo preocupados com o ensaio, vendo a quest\u00e3o de roupa, como v\u00e3o se portar, pois, eles ficam nervosos e felizes quando sabem que a diretora e os coordenadores v\u00e3o participar, mas eles t\u00eam se sa\u00eddo muito bem\u201d, concluiu Carolina.<\/p>\n\n\n\n<div style=\"height:3px\" aria-hidden=\"true\" class=\"wp-block-spacer\"><\/div>\n\n\n\n<p>O Senac deseja muito sucesso, dedica\u00e7\u00e3o e sabedoria aos alunos que passaram nesta cerim\u00f4nia, e agora enfrentar\u00e3o desafios pr\u00e1ticos em suas respectivas profiss\u00f5es. <a href=\"https:\/\/www.facebook.com\/media\/set\/?vanity=senac.roraima&amp;set=a.462889613108654\">A galeria completa de fotos est\u00e1 dispon\u00edvel no Facebook da institui\u00e7\u00e3o.<\/a><\/p>\n\n\n\n<div style=\"height:3px\" aria-hidden=\"true\" class=\"wp-block-spacer\"><\/div>\n\n\n\n<p>Giovanna Lima \u2013 analista t\u00e9cnica<\/p>\n\n\n\n<p>Comunica\u00e7\u00e3o Senac RR<\/p>\n","protected":false},"excerpt":{"rendered":"<p>Evento reuniu seis turmas de cursos da sa\u00fade O Servi\u00e7o Nacional de Aprendizagem Comercial (Senac-RR) promoveu nos \u00faltimos dias 27 e 28 de junho, e 2 de julho a primeira cerim\u00f4nia do jaleco da institui\u00e7\u00e3o. O evento contou com a participa\u00e7\u00e3o de seis turmas de&hellip; <a class=\"more-link\" href=\"https:\/\/www.rr.senac.br\/portalsenac\/senac-rr-realiza-primeira-cerimonia-do-jaleco\/\">Continuar lendo <span class=\"screen-reader-text\">Senac-RR realiza primeira cerim\u00f4nia do jaleco<\/span><\/a><\/p>\n","protected":false},"author":2,"featured_media":7456,"comment_status":"closed","ping_status":"","sticky":false,"template":"","format":"standard","meta":{"_jetpack_memberships_contains_paid_content":false,"_joinchat":[],"footnotes":""},"categories":[12],"tags":[],"class_list":["post-7455","post","type-post","status-publish","format-standard","has-post-thumbnail","hentry","category-ultimas-noticias","entry"],"jetpack_featured_media_url":"https:\/\/i0.wp.com\/www.rr.senac.br\/portalsenac\/wp-content\/uploads\/2024\/07\/cerimonia-do-jaleco.jpg?fit=680%2C453&ssl=1","jetpack_sharing_enabled":true,"_links":{"self":[{"href":"https:\/\/www.rr.senac.br\/portalsenac\/wp-json\/wp\/v2\/posts\/7455","targetHints":{"allow":["GET"]}}],"collection":[{"href":"https:\/\/www.rr.senac.br\/portalsenac\/wp-json\/wp\/v2\/posts"}],"about":[{"href":"https:\/\/www.rr.senac.br\/portalsenac\/wp-json\/wp\/v2\/types\/post"}],"author":[{"embeddable":true,"href":"https:\/\/www.rr.senac.br\/portalsenac\/wp-json\/wp\/v2\/users\/2"}],"replies":[{"embeddable":true,"href":"https:\/\/www.rr.senac.br\/portalsenac\/wp-json\/wp\/v2\/comments?post=7455"}],"version-history":[{"count":1,"href":"https:\/\/www.rr.senac.br\/portalsenac\/wp-json\/wp\/v2\/posts\/7455\/revisions"}],"predecessor-version":[{"id":7457,"href":"https:\/\/www.rr.senac.br\/portalsenac\/wp-json\/wp\/v2\/posts\/7455\/revisions\/7457"}],"wp:featuredmedia":[{"embeddable":true,"href":"https:\/\/www.rr.senac.br\/portalsenac\/wp-json\/wp\/v2\/media\/7456"}],"wp:attachment":[{"href":"https:\/\/www.rr.senac.br\/portalsenac\/wp-json\/wp\/v2\/media?parent=7455"}],"wp:term":[{"taxonomy":"category","embeddable":true,"href":"https:\/\/www.rr.senac.br\/portalsenac\/wp-json\/wp\/v2\/categories?post=7455"},{"taxonomy":"post_tag","embeddable":true,"href":"https:\/\/www.rr.senac.br\/portalsenac\/wp-json\/wp\/v2\/tags?post=7455"}],"curies":[{"name":"wp","href":"https:\/\/api.w.org\/{rel}","templated":true}]}}