{"id":7458,"date":"2024-07-22T11:27:05","date_gmt":"2024-07-22T15:27:05","guid":{"rendered":"https:\/\/www.rr.senac.br\/portalsenac\/?p=7458"},"modified":"2024-07-22T11:27:05","modified_gmt":"2024-07-22T15:27:05","slug":"senac-leva-programacao-de-atendimentos-gratuitos-para-sao-luiz","status":"publish","type":"post","link":"https:\/\/www.rr.senac.br\/portalsenac\/senac-leva-programacao-de-atendimentos-gratuitos-para-sao-luiz\/","title":{"rendered":"Senac leva programa\u00e7\u00e3o de atendimentos gratuitos para S\u00e3o Luiz"},"content":{"rendered":"\n<h5 class=\"wp-block-heading\"><em>Evento comemorar\u00e1 os 25 anos da institui\u00e7\u00e3o<\/em><\/h5>\n\n\n\n<figure class=\"wp-block-image size-full\"><img data-recalc-dims=\"1\" fetchpriority=\"high\" decoding=\"async\" width=\"680\" height=\"453\" src=\"https:\/\/i0.wp.com\/www.rr.senac.br\/portalsenac\/wp-content\/uploads\/2024\/07\/SENAC-25-ANOS-1.jpg?resize=680%2C453&#038;ssl=1\" alt=\"\" class=\"wp-image-7459\" srcset=\"https:\/\/i0.wp.com\/www.rr.senac.br\/portalsenac\/wp-content\/uploads\/2024\/07\/SENAC-25-ANOS-1.jpg?w=680&amp;ssl=1 680w, https:\/\/i0.wp.com\/www.rr.senac.br\/portalsenac\/wp-content\/uploads\/2024\/07\/SENAC-25-ANOS-1.jpg?resize=300%2C200&amp;ssl=1 300w\" sizes=\"(max-width: 680px) 100vw, 680px\" \/><figcaption class=\"wp-element-caption\"><em>Primeira edi\u00e7\u00e3o do evento<\/em><\/figcaption><\/figure>\n\n\n\n<div style=\"height:10px\" aria-hidden=\"true\" class=\"wp-block-spacer\"><\/div>\n\n\n\n<p>O Servi\u00e7o Nacional de Aprendizagem Comercial (Senac-RR) anuncia um grande evento em alus\u00e3o ao anivers\u00e1rio da institui\u00e7\u00e3o, que completou 25 anos em 2024. Desta vez, o munic\u00edpio contemplado ser\u00e1 S\u00e3o Luiz, no sul do estado, que receber\u00e1 atendimentos, palestras, cursos gratuitos nas \u00e1reas de gest\u00e3o e tecnologia e muito mais, no pr\u00f3ximo dia 27 de julho.<\/p>\n\n\n\n<p>A unidade Norm\u00e9lia Mafra receber\u00e1 a partir da 08h da manh\u00e3 diversas atividades, como oficinas, palestras, cursos gratuitos e divers\u00e3o para a crian\u00e7ada. O evento ser\u00e1 aberto ao p\u00fablico em geral, e contar\u00e1 com a distribui\u00e7\u00e3o de senhas para a participa\u00e7\u00e3o das atividades. Dentre as ofertadas pela institui\u00e7\u00e3o estar\u00e3o: oficina de bolos, exames de urina, revitaliza\u00e7\u00e3o facial, e muito mais.<\/p>\n\n\n\n<p>Conforme a diretora regional do Senac RR, Fernanda Paula Barbosa, o objetivo de levar esta a\u00e7\u00e3o para S\u00e3o Luiz \u00e9 movimentar o munic\u00edpio, al\u00e9m da oportunidade para que a popula\u00e7\u00e3o consiga ter acesso a todos os servi\u00e7os do Senac.&nbsp; \u201cEsperamos que as pessoas consigam conhecer melhor as profiss\u00f5es que n\u00f3s formamos e capacitamos dentro da institui\u00e7\u00e3o, e conhecer a unidade Norm\u00e9lia Mafra que foi recentemente reinaugurada, uma unidade que est\u00e1 inovadora e tecnol\u00f3gica. Esperamos tamb\u00e9m poder comemorar os 25 anos do Senac, com toda a popula\u00e7\u00e3o de S\u00e3o Luiz, que \u00e9 uma popula\u00e7\u00e3o que tem contribu\u00eddo e participado bastante da nossa trajet\u00f3ria. Essa a\u00e7\u00e3o vem trazendo esses objetivos, essa miss\u00e3o de movimentar o munic\u00edpio mostrando quem n\u00f3s somos, e o que n\u00f3s fazemos, possibilitando para as pessoas o come\u00e7o e o recome\u00e7o que que o Senac vem trazendo nesses 25 anos\u201d, finalizou.<\/p>\n\n\n\n<p>Confira os servi\u00e7os ofertados:<\/p>\n\n\n\n<ul class=\"wp-block-list\">\n<li>Oficina de papel reciclado<\/li>\n\n\n\n<li>Karaok\u00ea<\/li>\n\n\n\n<li>Pintura facial<\/li>\n\n\n\n<li>Pula-pula<\/li>\n\n\n\n<li>Oficina de bolo<\/li>\n\n\n\n<li>Oficina drinques<\/li>\n\n\n\n<li>Banco de oportunidades<\/li>\n\n\n\n<li>Exames de urina<\/li>\n\n\n\n<li>Tipagem sangu\u00ednea<\/li>\n\n\n\n<li>Mal\u00e1ria<\/li>\n\n\n\n<li>Leishmaniose<\/li>\n\n\n\n<li>Testes R\u00e1pidos<\/li>\n\n\n\n<li>Palestras de Gest\u00e3o<\/li>\n\n\n\n<li>Realidade Virtual<\/li>\n\n\n\n<li>Avalia\u00e7\u00e3o Nutricional<\/li>\n\n\n\n<li>Aplica\u00e7\u00e3o de Fl\u00faor<\/li>\n\n\n\n<li>Aferi\u00e7\u00e3o de press\u00e3o e Glicemia<\/li>\n\n\n\n<li>Revitaliza\u00e7\u00e3o Facial<\/li>\n\n\n\n<li>Spa labial<\/li>\n\n\n\n<li>Corte de cabelo feminino e masculino<\/li>\n\n\n\n<li>Depila\u00e7\u00e3o de bu\u00e7o<\/li>\n\n\n\n<li>Consultoria de Estilo<\/li>\n<\/ul>\n\n\n\n<p>PRIMEIRA EDI\u00c7\u00c3O<\/p>\n\n\n\n<p>A primeira edi\u00e7\u00e3o do evento aconteceu em janeiro, na unidade do bairro Asa Branca, na capital Boa Vista, e contou com a participa\u00e7\u00e3o de cerca de 200 pessoas, com servi\u00e7os, atendimentos e palestras.<\/p>\n\n\n\n<p>Giovanna Lima \u2013 analista t\u00e9cnica<\/p>\n\n\n\n<p>Comunica\u00e7\u00e3o Senac RR<\/p>\n","protected":false},"excerpt":{"rendered":"<p>Evento comemorar\u00e1 os 25 anos da institui\u00e7\u00e3o O Servi\u00e7o Nacional de Aprendizagem Comercial (Senac-RR) anuncia um grande evento em alus\u00e3o ao anivers\u00e1rio da institui\u00e7\u00e3o, que completou 25 anos em 2024. Desta vez, o munic\u00edpio contemplado ser\u00e1 S\u00e3o Luiz, no sul do estado, que receber\u00e1 atendimentos,&hellip; <a class=\"more-link\" href=\"https:\/\/www.rr.senac.br\/portalsenac\/senac-leva-programacao-de-atendimentos-gratuitos-para-sao-luiz\/\">Continuar lendo <span class=\"screen-reader-text\">Senac leva programa\u00e7\u00e3o de atendimentos gratuitos para S\u00e3o Luiz<\/span><\/a><\/p>\n","protected":false},"author":2,"featured_media":7459,"comment_status":"closed","ping_status":"","sticky":false,"template":"","format":"standard","meta":{"_jetpack_memberships_contains_paid_content":false,"_joinchat":[],"footnotes":""},"categories":[12],"tags":[],"class_list":["post-7458","post","type-post","status-publish","format-standard","has-post-thumbnail","hentry","category-ultimas-noticias","entry"],"jetpack_featured_media_url":"https:\/\/i0.wp.com\/www.rr.senac.br\/portalsenac\/wp-content\/uploads\/2024\/07\/SENAC-25-ANOS-1.jpg?fit=680%2C453&ssl=1","jetpack_sharing_enabled":true,"_links":{"self":[{"href":"https:\/\/www.rr.senac.br\/portalsenac\/wp-json\/wp\/v2\/posts\/7458","targetHints":{"allow":["GET"]}}],"collection":[{"href":"https:\/\/www.rr.senac.br\/portalsenac\/wp-json\/wp\/v2\/posts"}],"about":[{"href":"https:\/\/www.rr.senac.br\/portalsenac\/wp-json\/wp\/v2\/types\/post"}],"author":[{"embeddable":true,"href":"https:\/\/www.rr.senac.br\/portalsenac\/wp-json\/wp\/v2\/users\/2"}],"replies":[{"embeddable":true,"href":"https:\/\/www.rr.senac.br\/portalsenac\/wp-json\/wp\/v2\/comments?post=7458"}],"version-history":[{"count":1,"href":"https:\/\/www.rr.senac.br\/portalsenac\/wp-json\/wp\/v2\/posts\/7458\/revisions"}],"predecessor-version":[{"id":7460,"href":"https:\/\/www.rr.senac.br\/portalsenac\/wp-json\/wp\/v2\/posts\/7458\/revisions\/7460"}],"wp:featuredmedia":[{"embeddable":true,"href":"https:\/\/www.rr.senac.br\/portalsenac\/wp-json\/wp\/v2\/media\/7459"}],"wp:attachment":[{"href":"https:\/\/www.rr.senac.br\/portalsenac\/wp-json\/wp\/v2\/media?parent=7458"}],"wp:term":[{"taxonomy":"category","embeddable":true,"href":"https:\/\/www.rr.senac.br\/portalsenac\/wp-json\/wp\/v2\/categories?post=7458"},{"taxonomy":"post_tag","embeddable":true,"href":"https:\/\/www.rr.senac.br\/portalsenac\/wp-json\/wp\/v2\/tags?post=7458"}],"curies":[{"name":"wp","href":"https:\/\/api.w.org\/{rel}","templated":true}]}}