{"id":7524,"date":"2024-07-31T17:16:25","date_gmt":"2024-07-31T21:16:25","guid":{"rendered":"https:\/\/www.rr.senac.br\/portalsenac\/?p=7524"},"modified":"2024-07-31T17:32:23","modified_gmt":"2024-07-31T21:32:23","slug":"senac-lanca-edital-de-processos-seletivos-para-a-instituicao","status":"publish","type":"post","link":"https:\/\/www.rr.senac.br\/portalsenac\/senac-lanca-edital-de-processos-seletivos-para-a-instituicao\/","title":{"rendered":"Senac lan\u00e7a edital de processos seletivos para a institui\u00e7\u00e3o"},"content":{"rendered":"\n<h5 class=\"wp-block-heading\"><em>Vagas s\u00e3o destinadas \u00e0s unidades da capital<\/em><\/h5>\n\n\n\n<figure class=\"wp-block-image size-full\"><img data-recalc-dims=\"1\" fetchpriority=\"high\" decoding=\"async\" width=\"690\" height=\"387\" src=\"https:\/\/i0.wp.com\/www.rr.senac.br\/portalsenac\/wp-content\/uploads\/2024\/07\/fachada-ernane-drone.jpg?resize=690%2C387&#038;ssl=1\" alt=\"\" class=\"wp-image-7526\" srcset=\"https:\/\/i0.wp.com\/www.rr.senac.br\/portalsenac\/wp-content\/uploads\/2024\/07\/fachada-ernane-drone.jpg?w=690&amp;ssl=1 690w, https:\/\/i0.wp.com\/www.rr.senac.br\/portalsenac\/wp-content\/uploads\/2024\/07\/fachada-ernane-drone.jpg?resize=300%2C168&amp;ssl=1 300w\" sizes=\"(max-width: 690px) 100vw, 690px\" \/><figcaption class=\"wp-element-caption\"><em>Unidade Ernane Galv\u00eaas <\/em><\/figcaption><\/figure>\n\n\n\n<div style=\"height:10px\" aria-hidden=\"true\" class=\"wp-block-spacer\"><\/div>\n\n\n\n<p>PREPARA O CURR\u00cdCULO que o Servi\u00e7o Nacional de Aprendizagem Comercial (Senac-RR) lan\u00e7ou editais de processos seletivos, com novidades nas etapas. S\u00e3o vagas para sete cargos diferentes, e as inscri\u00e7\u00f5es se estendem at\u00e9 a pr\u00f3xima sexta-feira (2), de forma <a href=\"https:\/\/seletivos.rr.senac.br\/abertos\">on-line no site da institui\u00e7\u00e3o<\/a>.<\/p>\n\n\n\n<div style=\"height:2px\" aria-hidden=\"true\" class=\"wp-block-spacer\"><\/div>\n\n\n\n<p>As vagas dispon\u00edveis s\u00e3o para cargos de analista t\u00e9cnico e assistente administrativo, para diversos setores, incluindo o setor de obras, comunica\u00e7\u00e3o, educa\u00e7\u00e3o, tecnologia da informa\u00e7\u00e3o, seguran\u00e7a do trabalho, e psicologia. Os novos processos contam com novidades nas etapas e no edital, como por exemplo, a homologa\u00e7\u00e3o das inscri\u00e7\u00f5es.<\/p>\n\n\n\n<div style=\"height:2px\" aria-hidden=\"true\" class=\"wp-block-spacer\"><\/div>\n\n\n\n<p>Conforme a analista t\u00e9cnica K\u00e1tia Menezes essa atualiza\u00e7\u00e3o tem como objetivo agilidade e praticidade aos candidatos. \u201cAs homologa\u00e7\u00f5es agora ser\u00e3o realizadas de maneira online. Os candidatos devem acompanhar o cronograma do processo seletivo e na data e hor\u00e1rio informados, enviar os documentos solicitados, devidamente assinados\u201d, explicou.<\/p>\n\n\n\n<div style=\"height:2px\" aria-hidden=\"true\" class=\"wp-block-spacer\"><\/div>\n\n\n\n<p>Para participar, os candidatos devem criar o curr\u00edculo no site da institui\u00e7\u00e3o, ler atentamente o edital dispon\u00edvel no site, e verificar os pr\u00e9-requisitos constantes em cada cargo dispon\u00edvel, al\u00e9m de acompanhar as etapas e os envios de documenta\u00e7\u00e3o.<\/p>\n\n\n\n<div style=\"height:2px\" aria-hidden=\"true\" class=\"wp-block-spacer\"><\/div>\n\n\n\n<p>As inscri\u00e7\u00f5es se estendem at\u00e9 a pr\u00f3xima sexta-feira (2), e mais d\u00favidas e informa\u00e7\u00f5es podem ser consultadas diretamente com o setor pelo telefone 3212-2824, ou e-mail: <a href=\"mailto:seletivo@rr.senac.br\">seletivo@rr.senac.br<\/a> em hor\u00e1rio comercial.<\/p>\n\n\n\n<div style=\"height:2px\" aria-hidden=\"true\" class=\"wp-block-spacer\"><\/div>\n\n\n\n<p>Giovanna Lima \u2013 analista t\u00e9cnica<\/p>\n\n\n\n<p>Comunica\u00e7\u00e3o Senac RR<\/p>\n","protected":false},"excerpt":{"rendered":"<p>Vagas s\u00e3o destinadas \u00e0s unidades da capital PREPARA O CURR\u00cdCULO que o Servi\u00e7o Nacional de Aprendizagem Comercial (Senac-RR) lan\u00e7ou editais de processos seletivos, com novidades nas etapas. S\u00e3o vagas para sete cargos diferentes, e as inscri\u00e7\u00f5es se estendem at\u00e9 a pr\u00f3xima sexta-feira (2), de forma&hellip; <a class=\"more-link\" href=\"https:\/\/www.rr.senac.br\/portalsenac\/senac-lanca-edital-de-processos-seletivos-para-a-instituicao\/\">Continuar lendo <span class=\"screen-reader-text\">Senac lan\u00e7a edital de processos seletivos para a institui\u00e7\u00e3o<\/span><\/a><\/p>\n","protected":false},"author":2,"featured_media":7526,"comment_status":"closed","ping_status":"closed","sticky":false,"template":"","format":"standard","meta":{"_jetpack_memberships_contains_paid_content":false,"_joinchat":[],"footnotes":""},"categories":[12],"tags":[],"class_list":["post-7524","post","type-post","status-publish","format-standard","has-post-thumbnail","hentry","category-ultimas-noticias","entry"],"jetpack_featured_media_url":"https:\/\/i0.wp.com\/www.rr.senac.br\/portalsenac\/wp-content\/uploads\/2024\/07\/fachada-ernane-drone.jpg?fit=690%2C387&ssl=1","jetpack_sharing_enabled":true,"_links":{"self":[{"href":"https:\/\/www.rr.senac.br\/portalsenac\/wp-json\/wp\/v2\/posts\/7524","targetHints":{"allow":["GET"]}}],"collection":[{"href":"https:\/\/www.rr.senac.br\/portalsenac\/wp-json\/wp\/v2\/posts"}],"about":[{"href":"https:\/\/www.rr.senac.br\/portalsenac\/wp-json\/wp\/v2\/types\/post"}],"author":[{"embeddable":true,"href":"https:\/\/www.rr.senac.br\/portalsenac\/wp-json\/wp\/v2\/users\/2"}],"replies":[{"embeddable":true,"href":"https:\/\/www.rr.senac.br\/portalsenac\/wp-json\/wp\/v2\/comments?post=7524"}],"version-history":[{"count":3,"href":"https:\/\/www.rr.senac.br\/portalsenac\/wp-json\/wp\/v2\/posts\/7524\/revisions"}],"predecessor-version":[{"id":7529,"href":"https:\/\/www.rr.senac.br\/portalsenac\/wp-json\/wp\/v2\/posts\/7524\/revisions\/7529"}],"wp:featuredmedia":[{"embeddable":true,"href":"https:\/\/www.rr.senac.br\/portalsenac\/wp-json\/wp\/v2\/media\/7526"}],"wp:attachment":[{"href":"https:\/\/www.rr.senac.br\/portalsenac\/wp-json\/wp\/v2\/media?parent=7524"}],"wp:term":[{"taxonomy":"category","embeddable":true,"href":"https:\/\/www.rr.senac.br\/portalsenac\/wp-json\/wp\/v2\/categories?post=7524"},{"taxonomy":"post_tag","embeddable":true,"href":"https:\/\/www.rr.senac.br\/portalsenac\/wp-json\/wp\/v2\/tags?post=7524"}],"curies":[{"name":"wp","href":"https:\/\/api.w.org\/{rel}","templated":true}]}}