{"id":7530,"date":"2024-08-02T19:28:45","date_gmt":"2024-08-02T23:28:45","guid":{"rendered":"https:\/\/www.rr.senac.br\/portalsenac\/?p=7530"},"modified":"2024-08-02T19:31:24","modified_gmt":"2024-08-02T23:31:24","slug":"alunos-do-senac-rr-passam-para-etapa-estadual-do-desafio-liga-jovem","status":"publish","type":"post","link":"https:\/\/www.rr.senac.br\/portalsenac\/alunos-do-senac-rr-passam-para-etapa-estadual-do-desafio-liga-jovem\/","title":{"rendered":"Alunos do Senac-RR passam para etapa estadual do Desafio Liga Jovem"},"content":{"rendered":"\n<h5 class=\"wp-block-heading\"><em>Competi\u00e7\u00e3o \u00e9 promovida pelo Sebrae<\/em>&nbsp;<\/h5>\n\n\n\n<figure class=\"wp-block-image size-large\"><img data-recalc-dims=\"1\" fetchpriority=\"high\" decoding=\"async\" width=\"750\" height=\"500\" src=\"https:\/\/i0.wp.com\/www.rr.senac.br\/portalsenac\/wp-content\/uploads\/2024\/08\/WhatsApp-Image-2024-08-02-at-17.30.54.jpeg?resize=750%2C500&#038;ssl=1\" alt=\"\" class=\"wp-image-7531\" srcset=\"https:\/\/i0.wp.com\/www.rr.senac.br\/portalsenac\/wp-content\/uploads\/2024\/08\/WhatsApp-Image-2024-08-02-at-17.30.54.jpeg?resize=1024%2C682&amp;ssl=1 1024w, https:\/\/i0.wp.com\/www.rr.senac.br\/portalsenac\/wp-content\/uploads\/2024\/08\/WhatsApp-Image-2024-08-02-at-17.30.54.jpeg?resize=300%2C200&amp;ssl=1 300w, https:\/\/i0.wp.com\/www.rr.senac.br\/portalsenac\/wp-content\/uploads\/2024\/08\/WhatsApp-Image-2024-08-02-at-17.30.54.jpeg?resize=768%2C512&amp;ssl=1 768w, https:\/\/i0.wp.com\/www.rr.senac.br\/portalsenac\/wp-content\/uploads\/2024\/08\/WhatsApp-Image-2024-08-02-at-17.30.54.jpeg?resize=1536%2C1023&amp;ssl=1 1536w, https:\/\/i0.wp.com\/www.rr.senac.br\/portalsenac\/wp-content\/uploads\/2024\/08\/WhatsApp-Image-2024-08-02-at-17.30.54.jpeg?resize=1568%2C1045&amp;ssl=1 1568w, https:\/\/i0.wp.com\/www.rr.senac.br\/portalsenac\/wp-content\/uploads\/2024\/08\/WhatsApp-Image-2024-08-02-at-17.30.54.jpeg?w=1600&amp;ssl=1 1600w\" sizes=\"(max-width: 750px) 100vw, 750px\" \/><\/figure>\n\n\n\n<div style=\"height:10px\" aria-hidden=\"true\" class=\"wp-block-spacer\"><\/div>\n\n\n\n<p>RUMO AO ESTADUAL: os alunos do curso de aprendizagem em servi\u00e7os de supermercado do Servi\u00e7o Nacional de Aprendizagem Comercial (Senac-RR) passaram para a etapa estadual do Desafio Liga Jovem, projeto promovido pelo Sebrae.&nbsp;Esta \u00e9 a segunda edi\u00e7\u00e3o do desafio, que consiste em premiar jovens com atitudes e projetos empreendedores a n\u00edvel nacional.&nbsp;<\/p>\n\n\n\n<div style=\"height:2px\" aria-hidden=\"true\" class=\"wp-block-spacer\"><\/div>\n\n\n\n<p>O desafio come\u00e7ou ainda na sala de aula, com a proposta da instrutora Jana\u00edna Andrade no projeto integrador da turma, em abril deste ano. Conforme os alunos Marcos Alan, Lucas Israel, Jos\u00e9 Arthur e Valter Neto, ao longo do desenvolvimento das atividades, eles decidiram \u201cser diferentes\u201d, e fazer um projeto distinto do restante da turma. \u201cQuer\u00edamos fazer algo que fosse inovador e \u00fatil para p\u00fablicos diversos, tanto adultos quanto os jovens, ent\u00e3o desenvolvemos uma plataforma utilizando do m\u00e9todo de vendas <em>dropshipping<\/em>, que voc\u00ea n\u00e3o precisa aplicar dinheiro, apenas firmar a parceria com a empresa, e voc\u00ea pode vender os produtos\u201d, explicou Valter Neto.&nbsp;<\/p>\n\n\n\n<div style=\"height:2px\" aria-hidden=\"true\" class=\"wp-block-spacer\"><\/div>\n\n\n\n<p>Os alunos contaram que n\u00e3o esperavam chegar t\u00e3o longe. \u201cA instrutora Jana\u00edna viu potencial no nosso projeto e sugeriu que a gente se inscrevesse, ela acreditou em n\u00f3s. Somos praticamente da periferia, isso vai mudar a nossa vida e o nosso futuro, \u00e9 surreal pensar em tudo isso que est\u00e1 acontecendo\u201d, concluiu Marcos Alan.&nbsp;<\/p>\n\n\n\n<div style=\"height:2px\" aria-hidden=\"true\" class=\"wp-block-spacer\"><\/div>\n\n\n\n<p>A instrutora, por vez, disse ser \u2018recompensador\u2019 participar desta trajet\u00f3ria dos alunos. \u201c\u00c9 muito gratificante, o trabalho deles \u00e9 muito bom, e tem muito potencial, estou muito feliz em v\u00ea-los avan\u00e7ando nesta conquista\u201d, disse Jana\u00edna.&nbsp;<\/p>\n\n\n\n<div style=\"height:2px\" aria-hidden=\"true\" class=\"wp-block-spacer\"><\/div>\n\n\n\n<p>Conforme a analista t\u00e9cnica em educa\u00e7\u00e3o, Vanessa Brito, o projeto faz com que eles busquem cada vez mais o crescimento profissional, \u201ca institui\u00e7\u00e3o fica como um marco inicial na vida profissional deles, o que eles veem \u00e9 que eles possam entender que com boas ideias e atitudes eles v\u00e3o longe, assim como est\u00e3o indo na Liga Jovem\u201d, contou.&nbsp;<\/p>\n\n\n\n<div style=\"height:2px\" aria-hidden=\"true\" class=\"wp-block-spacer\"><\/div>\n\n\n\n<p><strong>O desafio\u00a0<\/strong><\/p>\n\n\n\n<p>O Desafio Liga Jovem \u00e9 um projeto de est\u00edmulo ao empreendedorismo aos jovens brasileiros, promovido pelo Servi\u00e7o Brasileiro de Apoio \u00e0s Micro e Pequenas Empresas, <a href=\"https:\/\/www.desafioligajovem.com.br\/\" target=\"_blank\" rel=\"noreferrer noopener\">o Sebrae<\/a>. Conforme o edital lan\u00e7ado pela institui\u00e7\u00e3o, \u00e9 uma competi\u00e7\u00e3o nacional, de car\u00e1ter educacional, e tem como objetivo desenvolver e fortalecer compet\u00eancias e atitudes empreendedoras nos estudantes participantes e com seus respectivos professores orientadores, por meio de atividades din\u00e2micas que trabalham a criatividade, inova\u00e7\u00e3o, organiza\u00e7\u00e3o, planejamento, responsabilidade, lideran\u00e7a, colabora\u00e7\u00e3o, vis\u00e3o de futuro, a assun\u00e7\u00e3o de riscos, resili\u00eancia e a curiosidade cient\u00edfica &#8211; compet\u00eancias, todas presentes na Base Nacional Comum Curricular (BNCC).&nbsp;<\/p>\n\n\n\n<div style=\"height:2px\" aria-hidden=\"true\" class=\"wp-block-spacer\"><\/div>\n\n\n\n<p><strong>O projeto North Smart\u00a0<\/strong><\/p>\n\n\n\n<p>Os alunos montaram uma loja online, com produtos a venda de diversos segmentos, esses produtos s\u00e3o de diversas marcas e empresas. O North Smart formaliza um contrato com essas empresas. O principal diferencial da North Smart&nbsp;s\u00e3o os vendedores dispon\u00edveis em tempo real, para tirar d\u00favidas, indicar um melhor produto com pre\u00e7os mais acess\u00edveis, al\u00e9m de vender tamb\u00e9m produtos de hortifr\u00fati, aonde o vendedor poder\u00e1 ir ao supermercado indicado na plataforma e realizar a sele\u00e7\u00e3o dos melhores produtos, para chegar at\u00e9 o cliente. &nbsp;<\/p>\n\n\n\n<p>O sistema Dropshipping \u00e9 um modelo log\u00edstico que permite aos lojistas vender produtos sem a necessidade de manter um estoque f\u00edsico. Aqui est\u00e1 como funciona:&nbsp;<\/p>\n\n\n\n<p>a) Pedido do cliente: Um cliente faz uma compra na North Smart;&nbsp;<\/p>\n\n\n\n<p>b) A North Smart repassa ao fornecedor com contrato fechado (fabricante, &nbsp;<\/p>\n\n\n\n<p>atacadista ou varejista);&nbsp;<\/p>\n\n\n\n<p>c) Processamento e entrega: o fornecedor processa o pedido e envia o produto &nbsp;<\/p>\n\n\n\n<p>diretamente ao cliente;&nbsp;<\/p>\n\n\n\n<p>d) Vantagens do <em>dropshipping<\/em> incluem economia em log\u00edstica e foco em outras &nbsp;<\/p>\n\n\n\n<p>\u00e1reas do neg\u00f3cio. No entanto, tamb\u00e9m h\u00e1 desvantagens, como menor controle sobre estoque e margens de lucro.&nbsp;<\/p>\n\n\n\n<div style=\"height:2px\" aria-hidden=\"true\" class=\"wp-block-spacer\"><\/div>\n\n\n\n<p><strong>As pr\u00f3ximas etapas\u00a0<\/strong><\/p>\n\n\n\n<p>A etapa estadual acontece no m\u00eas de agosto, e as equipes selecionadas ter\u00e3o de apresentar os projetos para uma bancada on-line de jurados, ser\u00e3o quatro bancas por estado, que definir\u00e3o um grupo vencedor para a pr\u00f3xima etapa. A premia\u00e7\u00e3o atual \u00e9 um vale-compras no valor de R$500, para cada aluno e orientador do projeto. A final da competi\u00e7\u00e3o acontece em dezembro, e os ganhadores ganhar\u00e3o viagens internacionais, <em>smartwatches<\/em> e <em>tablets<\/em>.&nbsp;<\/p>\n\n\n\n<div style=\"height:2px\" aria-hidden=\"true\" class=\"wp-block-spacer\"><\/div>\n\n\n\n<p>Giovanna Lima \u2013 analista t\u00e9cnica&nbsp;<\/p>\n\n\n\n<p>Comunica\u00e7\u00e3o Senac RR&nbsp;<\/p>\n\n\n\n<p><\/p>\n","protected":false},"excerpt":{"rendered":"<p>Competi\u00e7\u00e3o \u00e9 promovida pelo Sebrae&nbsp; RUMO AO ESTADUAL: os alunos do curso de aprendizagem em servi\u00e7os de supermercado do Servi\u00e7o Nacional de Aprendizagem Comercial (Senac-RR) passaram para a etapa estadual do Desafio Liga Jovem, projeto promovido pelo Sebrae.&nbsp;Esta \u00e9 a segunda edi\u00e7\u00e3o do desafio, que&hellip; <a class=\"more-link\" href=\"https:\/\/www.rr.senac.br\/portalsenac\/alunos-do-senac-rr-passam-para-etapa-estadual-do-desafio-liga-jovem\/\">Continuar lendo <span class=\"screen-reader-text\">Alunos do Senac-RR passam para etapa estadual do Desafio Liga Jovem<\/span><\/a><\/p>\n","protected":false},"author":2,"featured_media":7531,"comment_status":"closed","ping_status":"closed","sticky":false,"template":"","format":"standard","meta":{"_jetpack_memberships_contains_paid_content":false,"_joinchat":[],"footnotes":""},"categories":[1,12],"tags":[],"class_list":["post-7530","post","type-post","status-publish","format-standard","has-post-thumbnail","hentry","category-sem-categoria","category-ultimas-noticias","entry"],"jetpack_featured_media_url":"https:\/\/i0.wp.com\/www.rr.senac.br\/portalsenac\/wp-content\/uploads\/2024\/08\/WhatsApp-Image-2024-08-02-at-17.30.54.jpeg?fit=1600%2C1066&ssl=1","jetpack_sharing_enabled":true,"_links":{"self":[{"href":"https:\/\/www.rr.senac.br\/portalsenac\/wp-json\/wp\/v2\/posts\/7530","targetHints":{"allow":["GET"]}}],"collection":[{"href":"https:\/\/www.rr.senac.br\/portalsenac\/wp-json\/wp\/v2\/posts"}],"about":[{"href":"https:\/\/www.rr.senac.br\/portalsenac\/wp-json\/wp\/v2\/types\/post"}],"author":[{"embeddable":true,"href":"https:\/\/www.rr.senac.br\/portalsenac\/wp-json\/wp\/v2\/users\/2"}],"replies":[{"embeddable":true,"href":"https:\/\/www.rr.senac.br\/portalsenac\/wp-json\/wp\/v2\/comments?post=7530"}],"version-history":[{"count":2,"href":"https:\/\/www.rr.senac.br\/portalsenac\/wp-json\/wp\/v2\/posts\/7530\/revisions"}],"predecessor-version":[{"id":7533,"href":"https:\/\/www.rr.senac.br\/portalsenac\/wp-json\/wp\/v2\/posts\/7530\/revisions\/7533"}],"wp:featuredmedia":[{"embeddable":true,"href":"https:\/\/www.rr.senac.br\/portalsenac\/wp-json\/wp\/v2\/media\/7531"}],"wp:attachment":[{"href":"https:\/\/www.rr.senac.br\/portalsenac\/wp-json\/wp\/v2\/media?parent=7530"}],"wp:term":[{"taxonomy":"category","embeddable":true,"href":"https:\/\/www.rr.senac.br\/portalsenac\/wp-json\/wp\/v2\/categories?post=7530"},{"taxonomy":"post_tag","embeddable":true,"href":"https:\/\/www.rr.senac.br\/portalsenac\/wp-json\/wp\/v2\/tags?post=7530"}],"curies":[{"name":"wp","href":"https:\/\/api.w.org\/{rel}","templated":true}]}}