{"id":7534,"date":"2024-08-05T18:07:52","date_gmt":"2024-08-05T22:07:52","guid":{"rendered":"https:\/\/www.rr.senac.br\/portalsenac\/?p=7534"},"modified":"2024-08-05T18:07:52","modified_gmt":"2024-08-05T22:07:52","slug":"senac-rr-realiza-recrutamento-e-selecao-para-124-vagas-de-emprego","status":"publish","type":"post","link":"https:\/\/www.rr.senac.br\/portalsenac\/senac-rr-realiza-recrutamento-e-selecao-para-124-vagas-de-emprego\/","title":{"rendered":"Senac-RR realiza recrutamento e sele\u00e7\u00e3o para 124 vagas de emprego"},"content":{"rendered":"\n<h5 class=\"wp-block-heading\"><em>Momento acontece nesta ter\u00e7a-feira (6)<\/em><\/h5>\n\n\n\n<figure class=\"wp-block-image size-full\"><img data-recalc-dims=\"1\" fetchpriority=\"high\" decoding=\"async\" width=\"680\" height=\"453\" src=\"https:\/\/i0.wp.com\/www.rr.senac.br\/portalsenac\/wp-content\/uploads\/2024\/08\/Banco-Senac-RR-1.jpg?resize=680%2C453&#038;ssl=1\" alt=\"\" class=\"wp-image-7535\" srcset=\"https:\/\/i0.wp.com\/www.rr.senac.br\/portalsenac\/wp-content\/uploads\/2024\/08\/Banco-Senac-RR-1.jpg?w=680&amp;ssl=1 680w, https:\/\/i0.wp.com\/www.rr.senac.br\/portalsenac\/wp-content\/uploads\/2024\/08\/Banco-Senac-RR-1.jpg?resize=300%2C200&amp;ssl=1 300w\" sizes=\"(max-width: 680px) 100vw, 680px\" \/><figcaption class=\"wp-element-caption\"><em>Recrutamento e sele\u00e7\u00e3o pelo Banco de Oportunidades, 2023<\/em><\/figcaption><\/figure>\n\n\n\n<div style=\"height:9px\" aria-hidden=\"true\" class=\"wp-block-spacer\"><\/div>\n\n\n\n<p>O Servi\u00e7o Nacional de Aprendizagem Comercial (Senac-RR) realiza nesta ter\u00e7a-feira (6), o recrutamento e sele\u00e7\u00e3o para 124 vagas de emprego em parceria com o supermercado Atacad\u00e3o. O momento acontece das 8h \u00e0s 12h na unidade Ernane Galv\u00eaas, localizada no bairro S\u00e3o Francisco.<\/p>\n\n\n\n<div style=\"height:2px\" aria-hidden=\"true\" class=\"wp-block-spacer\"><\/div>\n\n\n\n<p>Os participantes interessados inscreveram-se no site da institui\u00e7\u00e3o, <a href=\"https:\/\/bit.ly\/selecaoatacadao\">por meio de um formul\u00e1rio on-line<\/a>, indicando as vagas que desejaram concorrer. Foram mais de 200 inscri\u00e7\u00f5es em uma semana.<\/p>\n\n\n\n<div style=\"height:2px\" aria-hidden=\"true\" class=\"wp-block-spacer\"><\/div>\n\n\n\n<p>Conforme a analista t\u00e9cnica do Banco de Oportunidades, Suelen Santos, esta \u00e9 uma \u2018\u00f3tima oportunidade\u2019, para ser inserido no mercado de trabalho. \u201cS\u00e3o muitas vagas, ent\u00e3o toda a popula\u00e7\u00e3o que tiver interesse pode participar desta sele\u00e7\u00e3o\u201d, explicou.<\/p>\n\n\n\n<div style=\"height:2px\" aria-hidden=\"true\" class=\"wp-block-spacer\"><\/div>\n\n\n\n<p>A sele\u00e7\u00e3o j\u00e1 acontece nesta ter\u00e7a-feira (6), nas depend\u00eancias do Senac, e os candidatos selecionados participar\u00e3o das sele\u00e7\u00f5es com a equipe do Atacad\u00e3o. Mais vagas e oportunidades podem ser consultadas diretamente com o Banco de Oportunidades do Senac-RR, via telefone ou Whatsapp: 98420-5459.<\/p>\n\n\n\n<div style=\"height:2px\" aria-hidden=\"true\" class=\"wp-block-spacer\"><\/div>\n\n\n\n<p>Giovanna Lima \u2013 analista t\u00e9cnica<\/p>\n\n\n\n<p>Comunica\u00e7\u00e3o Senac RR<\/p>\n","protected":false},"excerpt":{"rendered":"<p>Momento acontece nesta ter\u00e7a-feira (6) O Servi\u00e7o Nacional de Aprendizagem Comercial (Senac-RR) realiza nesta ter\u00e7a-feira (6), o recrutamento e sele\u00e7\u00e3o para 124 vagas de emprego em parceria com o supermercado Atacad\u00e3o. O momento acontece das 8h \u00e0s 12h na unidade Ernane Galv\u00eaas, localizada no bairro&hellip; <a class=\"more-link\" href=\"https:\/\/www.rr.senac.br\/portalsenac\/senac-rr-realiza-recrutamento-e-selecao-para-124-vagas-de-emprego\/\">Continuar lendo <span class=\"screen-reader-text\">Senac-RR realiza recrutamento e sele\u00e7\u00e3o para 124 vagas de emprego<\/span><\/a><\/p>\n","protected":false},"author":2,"featured_media":7535,"comment_status":"closed","ping_status":"","sticky":false,"template":"","format":"standard","meta":{"_jetpack_memberships_contains_paid_content":false,"_joinchat":[],"footnotes":""},"categories":[12],"tags":[],"class_list":["post-7534","post","type-post","status-publish","format-standard","has-post-thumbnail","hentry","category-ultimas-noticias","entry"],"jetpack_featured_media_url":"https:\/\/i0.wp.com\/www.rr.senac.br\/portalsenac\/wp-content\/uploads\/2024\/08\/Banco-Senac-RR-1.jpg?fit=680%2C453&ssl=1","jetpack_sharing_enabled":true,"_links":{"self":[{"href":"https:\/\/www.rr.senac.br\/portalsenac\/wp-json\/wp\/v2\/posts\/7534","targetHints":{"allow":["GET"]}}],"collection":[{"href":"https:\/\/www.rr.senac.br\/portalsenac\/wp-json\/wp\/v2\/posts"}],"about":[{"href":"https:\/\/www.rr.senac.br\/portalsenac\/wp-json\/wp\/v2\/types\/post"}],"author":[{"embeddable":true,"href":"https:\/\/www.rr.senac.br\/portalsenac\/wp-json\/wp\/v2\/users\/2"}],"replies":[{"embeddable":true,"href":"https:\/\/www.rr.senac.br\/portalsenac\/wp-json\/wp\/v2\/comments?post=7534"}],"version-history":[{"count":1,"href":"https:\/\/www.rr.senac.br\/portalsenac\/wp-json\/wp\/v2\/posts\/7534\/revisions"}],"predecessor-version":[{"id":7536,"href":"https:\/\/www.rr.senac.br\/portalsenac\/wp-json\/wp\/v2\/posts\/7534\/revisions\/7536"}],"wp:featuredmedia":[{"embeddable":true,"href":"https:\/\/www.rr.senac.br\/portalsenac\/wp-json\/wp\/v2\/media\/7535"}],"wp:attachment":[{"href":"https:\/\/www.rr.senac.br\/portalsenac\/wp-json\/wp\/v2\/media?parent=7534"}],"wp:term":[{"taxonomy":"category","embeddable":true,"href":"https:\/\/www.rr.senac.br\/portalsenac\/wp-json\/wp\/v2\/categories?post=7534"},{"taxonomy":"post_tag","embeddable":true,"href":"https:\/\/www.rr.senac.br\/portalsenac\/wp-json\/wp\/v2\/tags?post=7534"}],"curies":[{"name":"wp","href":"https:\/\/api.w.org\/{rel}","templated":true}]}}